{"id":1591,"date":"2017-09-01T10:30:26","date_gmt":"2017-09-01T13:30:26","guid":{"rendered":"https:\/\/blogs.correiobraziliense.com.br\/lianasabo\/?p=1591"},"modified":"2017-08-31T17:33:32","modified_gmt":"2017-08-31T20:33:32","slug":"vinho-e-por-do-sol-no-lago-paranoa","status":"publish","type":"post","link":"https:\/\/blogs.correiobraziliense.com.br\/lianasabo\/vinho-e-por-do-sol-no-lago-paranoa\/","title":{"rendered":"Vinho e p\u00f4r do Sol no Lago Parano\u00e1"},"content":{"rendered":"<p>Enquanto a chuva n\u00e3o vem (chega sempre depois do dia 20), boa ideia \u00e9 curtir o Parano\u00e1 e seu monumental p\u00f4r do Sol. Se for beliscando e bebendo, melhor ainda. Agora se os bons r\u00f3tulos estiverem a bordo e voc\u00ea, confortavelmente instalado no barco, sem precisar fazer qualquer esfor\u00e7o para alcan\u00e7\u00e1-los, esse programa existe?<\/p>\n<p>Chama-se Navegando com Pires de S\u00e1 Vinhos e amanh\u00e3 mesmo, o barco Netuno estar\u00e1 \u00e0s 17h no atracadouro da AABB (Trecho 2 do Setor de Clubes Sul) com tr\u00eas sommeliers: Gilvan Pires de S\u00e1, Rafael S\u00e1 e Nivaldo Rocha, que ir\u00e3o apresentar cerveja, espumantes e vinhos da Famiglia Valduga. A degusta\u00e7\u00e3o come\u00e7a ainda em terra com a cerveja Leopoldina, tipo witbier, harmonizando com queijos. O embarque se dar\u00e1 \u00e0s 17h30 com espumantes brut e ros\u00e9 e, \u00e0s 18h, o barco zarpa servindo vinho branco \u2014 o Argento Pinot Grigio, campe\u00e3o de vendas no DF.<\/p>\n<p>Durante o passeio que termina \u00e0s 20h, tr\u00eas r\u00f3tulos de tintos (entre eles Cabernet Franc) poder\u00e3o ser degustados e harmonizados com queijos e frios. Com lota\u00e7\u00e3o limitada, os ingressos saem por R$ 100, individual e R$ 180, casal. Eles podem ser comprados por transfer\u00eancia banc\u00e1ria (Santander ag\u00eancia 0082 cc 13002132-6). Comprovante da compra dever\u00e1 ser enviado para o whatsapp (61) 99555-6643 (Beatriz Schwab).<\/p>\n","protected":false},"excerpt":{"rendered":"<p>Enquanto a chuva n\u00e3o vem (chega sempre depois do dia 20), boa ideia \u00e9 curtir o Parano\u00e1 e seu monumental p\u00f4r do Sol. Se for beliscando e bebendo, melhor ainda. Agora se os bons r\u00f3tulos estiverem a bordo e voc\u00ea, confortavelmente instalado no barco, sem precisar fazer qualquer esfor\u00e7o para alcan\u00e7\u00e1-los, esse programa existe? Chama-se Navegando com Pires de S\u00e1 [&hellip;]<\/p>\n","protected":false},"author":54,"featured_media":1592,"comment_status":"open","ping_status":"open","sticky":false,"template":"","format":"standard","meta":{"footnotes":""},"categories":[1],"tags":[],"class_list":["post-1591","post","type-post","status-publish","format-standard","has-post-thumbnail","hentry","category-sem-categoria"],"_links":{"self":[{"href":"https:\/\/blogs.correiobraziliense.com.br\/lianasabo\/wp-json\/wp\/v2\/posts\/1591","targetHints":{"allow":["GET"]}}],"collection":[{"href":"https:\/\/blogs.correiobraziliense.com.br\/lianasabo\/wp-json\/wp\/v2\/posts"}],"about":[{"href":"https:\/\/blogs.correiobraziliense.com.br\/lianasabo\/wp-json\/wp\/v2\/types\/post"}],"author":[{"embeddable":true,"href":"https:\/\/blogs.correiobraziliense.com.br\/lianasabo\/wp-json\/wp\/v2\/users\/54"}],"replies":[{"embeddable":true,"href":"https:\/\/blogs.correiobraziliense.com.br\/lianasabo\/wp-json\/wp\/v2\/comments?post=1591"}],"version-history":[{"count":1,"href":"https:\/\/blogs.correiobraziliense.com.br\/lianasabo\/wp-json\/wp\/v2\/posts\/1591\/revisions"}],"predecessor-version":[{"id":1593,"href":"https:\/\/blogs.correiobraziliense.com.br\/lianasabo\/wp-json\/wp\/v2\/posts\/1591\/revisions\/1593"}],"wp:featuredmedia":[{"embeddable":true,"href":"https:\/\/blogs.correiobraziliense.com.br\/lianasabo\/wp-json\/wp\/v2\/media\/1592"}],"wp:attachment":[{"href":"https:\/\/blogs.correiobraziliense.com.br\/lianasabo\/wp-json\/wp\/v2\/media?parent=1591"}],"wp:term":[{"taxonomy":"category","embeddable":true,"href":"https:\/\/blogs.correiobraziliense.com.br\/lianasabo\/wp-json\/wp\/v2\/categories?post=1591"},{"taxonomy":"post_tag","embeddable":true,"href":"https:\/\/blogs.correiobraziliense.com.br\/lianasabo\/wp-json\/wp\/v2\/tags?post=1591"}],"curies":[{"name":"wp","href":"https:\/\/api.w.org\/{rel}","templated":true}]}}