{"id":1582,"date":"2017-08-25T09:00:52","date_gmt":"2017-08-25T12:00:52","guid":{"rendered":"https:\/\/blogs.correiobraziliense.com.br\/lianasabo\/?p=1582"},"modified":"2017-08-24T19:24:23","modified_gmt":"2017-08-24T22:24:23","slug":"1582-2","status":"publish","type":"post","link":"https:\/\/blogs.correiobraziliense.com.br\/lianasabo\/1582-2\/","title":{"rendered":"Lidia Nasser promove noite t\u00edpica no Emp\u00f3rio \u00c1rabe"},"content":{"rendered":"<p>Como tem feito desde que abriu a casa na 215 Sul, Lidia Nasser oferece na \u00faltima sexta-feira de cada m\u00eas uma noite \u00e1rabe, na qual o p\u00fablico pode curtir diversas coreografias de dan\u00e7a do ventre, al\u00e9m de um buf\u00ea especial, que vai al\u00e9m do simples jantar. Hoje n\u00e3o ser\u00e1 diferente. Pastinhas e saladas t\u00edpicas, p\u00e3o s\u00edrio, quibes cru e frito, caftas, esfihas, homus e falafel rivalizam em sabor e apresenta\u00e7\u00e3o com os pratos quentes de pernil de cordeiro com geleia de damasco e pimenta; carneiro marroquino; arroz com aletria e canela; mijadra; risoto de paleta de cordeiro; charutos de repolho e de folha de uva, al\u00e9m de doces e tortas. Sai tudo por R$ 78,90 por pessoa. Reservas pelo telefone: 3436-0063.<\/p>\n","protected":false},"excerpt":{"rendered":"<p>Como tem feito desde que abriu a casa na 215 Sul, Lidia Nasser oferece na \u00faltima sexta-feira de cada m\u00eas uma noite \u00e1rabe, na qual o p\u00fablico pode curtir diversas coreografias de dan\u00e7a do ventre, al\u00e9m de um buf\u00ea especial, que vai al\u00e9m do simples jantar. Hoje n\u00e3o ser\u00e1 diferente. Pastinhas e saladas t\u00edpicas, p\u00e3o s\u00edrio, quibes cru e frito, [&hellip;]<\/p>\n","protected":false},"author":54,"featured_media":1583,"comment_status":"open","ping_status":"open","sticky":false,"template":"","format":"standard","meta":{"footnotes":""},"categories":[1],"tags":[],"class_list":["post-1582","post","type-post","status-publish","format-standard","has-post-thumbnail","hentry","category-sem-categoria"],"_links":{"self":[{"href":"https:\/\/blogs.correiobraziliense.com.br\/lianasabo\/wp-json\/wp\/v2\/posts\/1582","targetHints":{"allow":["GET"]}}],"collection":[{"href":"https:\/\/blogs.correiobraziliense.com.br\/lianasabo\/wp-json\/wp\/v2\/posts"}],"about":[{"href":"https:\/\/blogs.correiobraziliense.com.br\/lianasabo\/wp-json\/wp\/v2\/types\/post"}],"author":[{"embeddable":true,"href":"https:\/\/blogs.correiobraziliense.com.br\/lianasabo\/wp-json\/wp\/v2\/users\/54"}],"replies":[{"embeddable":true,"href":"https:\/\/blogs.correiobraziliense.com.br\/lianasabo\/wp-json\/wp\/v2\/comments?post=1582"}],"version-history":[{"count":1,"href":"https:\/\/blogs.correiobraziliense.com.br\/lianasabo\/wp-json\/wp\/v2\/posts\/1582\/revisions"}],"predecessor-version":[{"id":1584,"href":"https:\/\/blogs.correiobraziliense.com.br\/lianasabo\/wp-json\/wp\/v2\/posts\/1582\/revisions\/1584"}],"wp:featuredmedia":[{"embeddable":true,"href":"https:\/\/blogs.correiobraziliense.com.br\/lianasabo\/wp-json\/wp\/v2\/media\/1583"}],"wp:attachment":[{"href":"https:\/\/blogs.correiobraziliense.com.br\/lianasabo\/wp-json\/wp\/v2\/media?parent=1582"}],"wp:term":[{"taxonomy":"category","embeddable":true,"href":"https:\/\/blogs.correiobraziliense.com.br\/lianasabo\/wp-json\/wp\/v2\/categories?post=1582"},{"taxonomy":"post_tag","embeddable":true,"href":"https:\/\/blogs.correiobraziliense.com.br\/lianasabo\/wp-json\/wp\/v2\/tags?post=1582"}],"curies":[{"name":"wp","href":"https:\/\/api.w.org\/{rel}","templated":true}]}}