{"id":1570,"date":"2017-08-25T11:08:45","date_gmt":"2017-08-25T14:08:45","guid":{"rendered":"https:\/\/blogs.correiobraziliense.com.br\/lianasabo\/?p=1570"},"modified":"2017-08-24T19:11:20","modified_gmt":"2017-08-24T22:11:20","slug":"tem-parrilla-nova-em-vicente-pires","status":"publish","type":"post","link":"https:\/\/blogs.correiobraziliense.com.br\/lianasabo\/tem-parrilla-nova-em-vicente-pires\/","title":{"rendered":"Tem parrilla nova em Vicente Pires"},"content":{"rendered":"<p>Abriu em Vicente Pires o Marru\u00e1 Parrilla Bar, onde o cliente escolhe a carne, a partir de 200g, e o ponto que quer degust\u00e1-la. Ela vem \u00e0 mesa com a etiqueta do corte e a gramatura. No card\u00e1pio, h\u00e1 18 cortes diferentes, entre os quais, prime rib, t-bone, ancho, chorizo e carr\u00e9 de cordeiro. Nos acompanhamentos, o destaque \u00e9 o risoto.<\/p>\n<p>O novo restaurante tem 420 metros quadrados de \u00e1rea constru\u00edda, com amplo sal\u00e3o interno climatizado e mesas externas. Fica na Rua 4A, Ch\u00e1cara 1A, lote 11, ao lado da EPTG, em frente a Casa Forte Materiais de Constru\u00e7\u00e3o.<\/p>\n","protected":false},"excerpt":{"rendered":"<p>Abriu em Vicente Pires o Marru\u00e1 Parrilla Bar, onde o cliente escolhe a carne, a partir de 200g, e o ponto que quer degust\u00e1-la. Ela vem \u00e0 mesa com a etiqueta do corte e a gramatura. No card\u00e1pio, h\u00e1 18 cortes diferentes, entre os quais, prime rib, t-bone, ancho, chorizo e carr\u00e9 de cordeiro. Nos acompanhamentos, o destaque \u00e9 o [&hellip;]<\/p>\n","protected":false},"author":54,"featured_media":0,"comment_status":"open","ping_status":"open","sticky":false,"template":"","format":"standard","meta":{"footnotes":""},"categories":[1],"tags":[],"class_list":["post-1570","post","type-post","status-publish","format-standard","hentry","category-sem-categoria"],"_links":{"self":[{"href":"https:\/\/blogs.correiobraziliense.com.br\/lianasabo\/wp-json\/wp\/v2\/posts\/1570","targetHints":{"allow":["GET"]}}],"collection":[{"href":"https:\/\/blogs.correiobraziliense.com.br\/lianasabo\/wp-json\/wp\/v2\/posts"}],"about":[{"href":"https:\/\/blogs.correiobraziliense.com.br\/lianasabo\/wp-json\/wp\/v2\/types\/post"}],"author":[{"embeddable":true,"href":"https:\/\/blogs.correiobraziliense.com.br\/lianasabo\/wp-json\/wp\/v2\/users\/54"}],"replies":[{"embeddable":true,"href":"https:\/\/blogs.correiobraziliense.com.br\/lianasabo\/wp-json\/wp\/v2\/comments?post=1570"}],"version-history":[{"count":1,"href":"https:\/\/blogs.correiobraziliense.com.br\/lianasabo\/wp-json\/wp\/v2\/posts\/1570\/revisions"}],"predecessor-version":[{"id":1571,"href":"https:\/\/blogs.correiobraziliense.com.br\/lianasabo\/wp-json\/wp\/v2\/posts\/1570\/revisions\/1571"}],"wp:attachment":[{"href":"https:\/\/blogs.correiobraziliense.com.br\/lianasabo\/wp-json\/wp\/v2\/media?parent=1570"}],"wp:term":[{"taxonomy":"category","embeddable":true,"href":"https:\/\/blogs.correiobraziliense.com.br\/lianasabo\/wp-json\/wp\/v2\/categories?post=1570"},{"taxonomy":"post_tag","embeddable":true,"href":"https:\/\/blogs.correiobraziliense.com.br\/lianasabo\/wp-json\/wp\/v2\/tags?post=1570"}],"curies":[{"name":"wp","href":"https:\/\/api.w.org\/{rel}","templated":true}]}}