{"id":1568,"date":"2017-08-25T09:30:47","date_gmt":"2017-08-25T12:30:47","guid":{"rendered":"https:\/\/blogs.correiobraziliense.com.br\/lianasabo\/?p=1568"},"modified":"2017-08-24T19:15:38","modified_gmt":"2017-08-24T22:15:38","slug":"sabe-o-que-e-paniguiri-festa-grega-sera-sexta-e-sabado-na-asa-norte","status":"publish","type":"post","link":"https:\/\/blogs.correiobraziliense.com.br\/lianasabo\/sabe-o-que-e-paniguiri-festa-grega-sera-sexta-e-sabado-na-asa-norte\/","title":{"rendered":"Sabe o que \u00e9 Paniguiri? A festa grega ser\u00e1 sexta e s\u00e1bado na Asa Norte!"},"content":{"rendered":"<p>Uma das festas \u00e9tnicas mais esperadas do ano \u00e9 a grega, que ser\u00e1 realizada por duas noites, hoje e amanh\u00e3, no hor\u00e1rio das 19h \u00e0s 2h, na Comunidade Grega (910 Norte, M\u00f3dulo B), com direito a comidinhas t\u00edpicas, m\u00fasica, dan\u00e7a e at\u00e9 a quebra de pratos, que s\u00f3 os hel\u00eanicos repetem at\u00e9 hoje, tal qual a cl\u00e1ssica cena de Zorba.<\/p>\n<p><a href=\"https:\/\/blogs.correiobraziliense.com.br\/lianasabo\/wp-content\/uploads\/sites\/25\/2017\/08\/Authentic-Greek-Tzatziki-Dip-550.jpg\" rel=\"attachment wp-att-1573\"><img loading=\"lazy\" decoding=\"async\" class=\"aligncenter size-full wp-image-1573\" src=\"https:\/\/blogs.correiobraziliense.com.br\/lianasabo\/wp-content\/uploads\/sites\/25\/2017\/08\/Authentic-Greek-Tzatziki-Dip-550.jpg\" alt=\"Authentic-Greek-Tzatziki-Dip-550\" width=\"558\" height=\"558\" srcset=\"https:\/\/blogs.correiobraziliense.com.br\/lianasabo\/wp-content\/uploads\/sites\/25\/2017\/08\/Authentic-Greek-Tzatziki-Dip-550.jpg 558w, https:\/\/blogs.correiobraziliense.com.br\/lianasabo\/wp-content\/uploads\/sites\/25\/2017\/08\/Authentic-Greek-Tzatziki-Dip-550-150x150.jpg 150w, https:\/\/blogs.correiobraziliense.com.br\/lianasabo\/wp-content\/uploads\/sites\/25\/2017\/08\/Authentic-Greek-Tzatziki-Dip-550-300x300.jpg 300w, https:\/\/blogs.correiobraziliense.com.br\/lianasabo\/wp-content\/uploads\/sites\/25\/2017\/08\/Authentic-Greek-Tzatziki-Dip-550-550x550.jpg 550w, https:\/\/blogs.correiobraziliense.com.br\/lianasabo\/wp-content\/uploads\/sites\/25\/2017\/08\/Authentic-Greek-Tzatziki-Dip-550-230x230.jpg 230w\" sizes=\"auto, (max-width: 558px) 100vw, 558px\" \/><\/a><br \/>\nChama-se Paniguiri a celebra\u00e7\u00e3o que a col\u00f4nia grega promove pela terceira vez, com ingressos \u00e0 venda no local. A gastronomia \u00e9, sem d\u00favida, o grande destaque tal a diversidade de sabores. Do p\u00e3o de trigo, pita ao tzatziki, creme refrescante de iogurte e pepino com alho, endro e azeite; do queijo feta ao souvlaki, espetinho de frango ou porco marinado em suco de lim\u00e3o, azeite, ervas e or\u00e9gano antes de grelhar; do pastitsio, massa de forno recheada com carne e molho branco aos keftedes, alm\u00f4ndegas de carne, temperadas com cebola, alho, p\u00e3o, hortel\u00e3, canela, or\u00e9gano, ovos e azeite, sem falar no moussak\u00e1, o grande cl\u00e1ssico da culin\u00e1ria grega. \u00c9 feito com batatas, berinjelas, carne e molho branco.<\/p>\n<p>&nbsp;<\/p>\n<p><a href=\"https:\/\/blogs.correiobraziliense.com.br\/lianasabo\/wp-content\/uploads\/sites\/25\/2017\/08\/foto-baklava.jpeg\" rel=\"attachment wp-att-1574\"><img loading=\"lazy\" decoding=\"async\" class=\"aligncenter size-large wp-image-1574\" src=\"https:\/\/blogs.correiobraziliense.com.br\/lianasabo\/wp-content\/uploads\/sites\/25\/2017\/08\/foto-baklava-1024x683.jpeg\" alt=\"foto baklava\" width=\"1024\" height=\"683\" srcset=\"https:\/\/blogs.correiobraziliense.com.br\/lianasabo\/wp-content\/uploads\/sites\/25\/2017\/08\/foto-baklava-1024x683.jpeg 1024w, https:\/\/blogs.correiobraziliense.com.br\/lianasabo\/wp-content\/uploads\/sites\/25\/2017\/08\/foto-baklava-300x200.jpeg 300w, https:\/\/blogs.correiobraziliense.com.br\/lianasabo\/wp-content\/uploads\/sites\/25\/2017\/08\/foto-baklava-768x512.jpeg 768w, https:\/\/blogs.correiobraziliense.com.br\/lianasabo\/wp-content\/uploads\/sites\/25\/2017\/08\/foto-baklava-1440x960.jpeg 1440w, https:\/\/blogs.correiobraziliense.com.br\/lianasabo\/wp-content\/uploads\/sites\/25\/2017\/08\/foto-baklava-550x367.jpeg 550w, https:\/\/blogs.correiobraziliense.com.br\/lianasabo\/wp-content\/uploads\/sites\/25\/2017\/08\/foto-baklava-230x153.jpeg 230w\" sizes=\"auto, (max-width: 1024px) 100vw, 1024px\" \/><\/a><\/p>\n<p>Na do\u00e7aria, h\u00e1 diversos destaques, como baklava, massa filo em camadas recheadas com nozes e canela na calda de mel; kataifi, cabelo de anjo recheado com nozes e canela com calda de a\u00e7\u00facar, lim\u00e3o e baunilha e galaktoburiko, delicioso creme feito \u00e0 base de leite envolto em massa folhada e coberto com calda a\u00e7ucarada. Resistir, s\u00f3 os deuses!<\/p>\n","protected":false},"excerpt":{"rendered":"<p>Uma das festas \u00e9tnicas mais esperadas do ano \u00e9 a grega, que ser\u00e1 realizada por duas noites, hoje e amanh\u00e3, no hor\u00e1rio das 19h \u00e0s 2h, na Comunidade Grega (910 Norte, M\u00f3dulo B), com direito a comidinhas t\u00edpicas, m\u00fasica, dan\u00e7a e at\u00e9 a quebra de pratos, que s\u00f3 os hel\u00eanicos repetem at\u00e9 hoje, tal qual a cl\u00e1ssica cena de Zorba. [&hellip;]<\/p>\n","protected":false},"author":54,"featured_media":1572,"comment_status":"open","ping_status":"open","sticky":false,"template":"","format":"standard","meta":{"footnotes":""},"categories":[1],"tags":[],"class_list":["post-1568","post","type-post","status-publish","format-standard","has-post-thumbnail","hentry","category-sem-categoria"],"_links":{"self":[{"href":"https:\/\/blogs.correiobraziliense.com.br\/lianasabo\/wp-json\/wp\/v2\/posts\/1568","targetHints":{"allow":["GET"]}}],"collection":[{"href":"https:\/\/blogs.correiobraziliense.com.br\/lianasabo\/wp-json\/wp\/v2\/posts"}],"about":[{"href":"https:\/\/blogs.correiobraziliense.com.br\/lianasabo\/wp-json\/wp\/v2\/types\/post"}],"author":[{"embeddable":true,"href":"https:\/\/blogs.correiobraziliense.com.br\/lianasabo\/wp-json\/wp\/v2\/users\/54"}],"replies":[{"embeddable":true,"href":"https:\/\/blogs.correiobraziliense.com.br\/lianasabo\/wp-json\/wp\/v2\/comments?post=1568"}],"version-history":[{"count":2,"href":"https:\/\/blogs.correiobraziliense.com.br\/lianasabo\/wp-json\/wp\/v2\/posts\/1568\/revisions"}],"predecessor-version":[{"id":1575,"href":"https:\/\/blogs.correiobraziliense.com.br\/lianasabo\/wp-json\/wp\/v2\/posts\/1568\/revisions\/1575"}],"wp:featuredmedia":[{"embeddable":true,"href":"https:\/\/blogs.correiobraziliense.com.br\/lianasabo\/wp-json\/wp\/v2\/media\/1572"}],"wp:attachment":[{"href":"https:\/\/blogs.correiobraziliense.com.br\/lianasabo\/wp-json\/wp\/v2\/media?parent=1568"}],"wp:term":[{"taxonomy":"category","embeddable":true,"href":"https:\/\/blogs.correiobraziliense.com.br\/lianasabo\/wp-json\/wp\/v2\/categories?post=1568"},{"taxonomy":"post_tag","embeddable":true,"href":"https:\/\/blogs.correiobraziliense.com.br\/lianasabo\/wp-json\/wp\/v2\/tags?post=1568"}],"curies":[{"name":"wp","href":"https:\/\/api.w.org\/{rel}","templated":true}]}}