{"id":1552,"date":"2017-08-18T10:55:25","date_gmt":"2017-08-18T13:55:25","guid":{"rendered":"https:\/\/blogs.correiobraziliense.com.br\/lianasabo\/?p=1552"},"modified":"2017-08-17T17:56:07","modified_gmt":"2017-08-17T20:56:07","slug":"saiba-onde-erick-jacquin-jantou-em-brasilia","status":"publish","type":"post","link":"https:\/\/blogs.correiobraziliense.com.br\/lianasabo\/saiba-onde-erick-jacquin-jantou-em-brasilia\/","title":{"rendered":"Saiba onde Erick Jacquin jantou em Bras\u00edlia"},"content":{"rendered":"<p>&nbsp;<\/p>\n<p>Nem restaurante de primeira grandeza, nem chef premiado. O lugar que o chef franc\u00eas Erick Jacquin escolheu para comer em sua passagem por Bras\u00edlia, no \u00faltimo s\u00e1bado, foi o food truck do Comandante Hamilton, de quem se tornou amigo h\u00e1 dois anos. Eles se conheceram quando Hamilton Meneses de Carvalho, piloto de helic\u00f3ptero da Pol\u00edcia Civil do DF, participou do reality MasterChef, em 2015. Aos 49 anos, o cozinheiro amador montou seu Master Truck, que circula na Pra\u00e7a do Cruzeiro, 205 Norte, Sudoeste e eventos.<\/p>\n<p>Jacquin se deliciou com um fil\u00e9 au poivre, enquanto Luciana Tokita, seu bra\u00e7o direito, degustou o hamb\u00farguer top master (p\u00e3o australiano com burguer de 180g grelhado com cebola caramelizada). \u201cN\u00e3o sei como ela me aguenta\u201d, brincou o chef ao apresentar a colaboradora, que est\u00e1 com ele h\u00e1 17 anos, para a plat\u00e9ia do programa culin\u00e1rio Mercadinho do Bras\u00edlia. Quando viu a multid\u00e3o, que o cercou no Shopping Bras\u00edlia, o experiente chef chorou de emo\u00e7\u00e3o. Al\u00e9m de consultorias e participa\u00e7\u00e3o na televis\u00e3o, o chef franc\u00eas se ocupa de um site no qual comercializa utens\u00edlios, equipamentos de cozinha e uniformes no erickjacquin.com.<\/p>\n","protected":false},"excerpt":{"rendered":"<p>&nbsp; Nem restaurante de primeira grandeza, nem chef premiado. O lugar que o chef franc\u00eas Erick Jacquin escolheu para comer em sua passagem por Bras\u00edlia, no \u00faltimo s\u00e1bado, foi o food truck do Comandante Hamilton, de quem se tornou amigo h\u00e1 dois anos. Eles se conheceram quando Hamilton Meneses de Carvalho, piloto de helic\u00f3ptero da Pol\u00edcia Civil do DF, participou [&hellip;]<\/p>\n","protected":false},"author":54,"featured_media":1553,"comment_status":"open","ping_status":"open","sticky":false,"template":"","format":"standard","meta":{"footnotes":""},"categories":[1],"tags":[],"class_list":["post-1552","post","type-post","status-publish","format-standard","has-post-thumbnail","hentry","category-sem-categoria"],"_links":{"self":[{"href":"https:\/\/blogs.correiobraziliense.com.br\/lianasabo\/wp-json\/wp\/v2\/posts\/1552","targetHints":{"allow":["GET"]}}],"collection":[{"href":"https:\/\/blogs.correiobraziliense.com.br\/lianasabo\/wp-json\/wp\/v2\/posts"}],"about":[{"href":"https:\/\/blogs.correiobraziliense.com.br\/lianasabo\/wp-json\/wp\/v2\/types\/post"}],"author":[{"embeddable":true,"href":"https:\/\/blogs.correiobraziliense.com.br\/lianasabo\/wp-json\/wp\/v2\/users\/54"}],"replies":[{"embeddable":true,"href":"https:\/\/blogs.correiobraziliense.com.br\/lianasabo\/wp-json\/wp\/v2\/comments?post=1552"}],"version-history":[{"count":1,"href":"https:\/\/blogs.correiobraziliense.com.br\/lianasabo\/wp-json\/wp\/v2\/posts\/1552\/revisions"}],"predecessor-version":[{"id":1554,"href":"https:\/\/blogs.correiobraziliense.com.br\/lianasabo\/wp-json\/wp\/v2\/posts\/1552\/revisions\/1554"}],"wp:featuredmedia":[{"embeddable":true,"href":"https:\/\/blogs.correiobraziliense.com.br\/lianasabo\/wp-json\/wp\/v2\/media\/1553"}],"wp:attachment":[{"href":"https:\/\/blogs.correiobraziliense.com.br\/lianasabo\/wp-json\/wp\/v2\/media?parent=1552"}],"wp:term":[{"taxonomy":"category","embeddable":true,"href":"https:\/\/blogs.correiobraziliense.com.br\/lianasabo\/wp-json\/wp\/v2\/categories?post=1552"},{"taxonomy":"post_tag","embeddable":true,"href":"https:\/\/blogs.correiobraziliense.com.br\/lianasabo\/wp-json\/wp\/v2\/tags?post=1552"}],"curies":[{"name":"wp","href":"https:\/\/api.w.org\/{rel}","templated":true}]}}