{"id":1530,"date":"2017-08-10T19:28:19","date_gmt":"2017-08-10T22:28:19","guid":{"rendered":"https:\/\/blogs.correiobraziliense.com.br\/lianasabo\/?p=1530"},"modified":"2017-08-10T19:28:19","modified_gmt":"2017-08-10T22:28:19","slug":"grupo-toccata-realiza-noite-de-jazz-e-gastronomia-no-lago-sul","status":"publish","type":"post","link":"https:\/\/blogs.correiobraziliense.com.br\/lianasabo\/grupo-toccata-realiza-noite-de-jazz-e-gastronomia-no-lago-sul\/","title":{"rendered":"Grupo Toccata realiza noite de jazz e gastronomia no Lago Sul"},"content":{"rendered":"<p>Com o delicioso buf\u00ea Renata La Porta, que servir\u00e1 antepastos, petiscos, caldos, brusquetas e tortas, ser\u00e1 realizada nesta sexta-feira, na QL 8 do Lago Sul, o Sarau Toccata com noite de jazz, um show com duas apresenta\u00e7\u00f5es de 45 minutos, por m\u00fasicos renomados com carreira internacional. Sommelier far\u00e1 apresenta\u00e7\u00e3o dos vinhos. Com drinques \u00e0 parte, o sarau come\u00e7a \u00e0s 21h e sai por R$ 120. Veja o endere\u00e7o completo no convite. Mais informa\u00e7\u00f5es nos telefones 3327-3033 ou 98407-8923.<\/p>\n","protected":false},"excerpt":{"rendered":"<p>Com o delicioso buf\u00ea Renata La Porta, que servir\u00e1 antepastos, petiscos, caldos, brusquetas e tortas, ser\u00e1 realizada nesta sexta-feira, na QL 8 do Lago Sul, o Sarau Toccata com noite de jazz, um show com duas apresenta\u00e7\u00f5es de 45 minutos, por m\u00fasicos renomados com carreira internacional. Sommelier far\u00e1 apresenta\u00e7\u00e3o dos vinhos. Com drinques \u00e0 parte, o sarau come\u00e7a \u00e0s 21h [&hellip;]<\/p>\n","protected":false},"author":54,"featured_media":1531,"comment_status":"open","ping_status":"open","sticky":false,"template":"","format":"standard","meta":{"footnotes":""},"categories":[1],"tags":[],"class_list":["post-1530","post","type-post","status-publish","format-standard","has-post-thumbnail","hentry","category-sem-categoria"],"_links":{"self":[{"href":"https:\/\/blogs.correiobraziliense.com.br\/lianasabo\/wp-json\/wp\/v2\/posts\/1530","targetHints":{"allow":["GET"]}}],"collection":[{"href":"https:\/\/blogs.correiobraziliense.com.br\/lianasabo\/wp-json\/wp\/v2\/posts"}],"about":[{"href":"https:\/\/blogs.correiobraziliense.com.br\/lianasabo\/wp-json\/wp\/v2\/types\/post"}],"author":[{"embeddable":true,"href":"https:\/\/blogs.correiobraziliense.com.br\/lianasabo\/wp-json\/wp\/v2\/users\/54"}],"replies":[{"embeddable":true,"href":"https:\/\/blogs.correiobraziliense.com.br\/lianasabo\/wp-json\/wp\/v2\/comments?post=1530"}],"version-history":[{"count":1,"href":"https:\/\/blogs.correiobraziliense.com.br\/lianasabo\/wp-json\/wp\/v2\/posts\/1530\/revisions"}],"predecessor-version":[{"id":1532,"href":"https:\/\/blogs.correiobraziliense.com.br\/lianasabo\/wp-json\/wp\/v2\/posts\/1530\/revisions\/1532"}],"wp:featuredmedia":[{"embeddable":true,"href":"https:\/\/blogs.correiobraziliense.com.br\/lianasabo\/wp-json\/wp\/v2\/media\/1531"}],"wp:attachment":[{"href":"https:\/\/blogs.correiobraziliense.com.br\/lianasabo\/wp-json\/wp\/v2\/media?parent=1530"}],"wp:term":[{"taxonomy":"category","embeddable":true,"href":"https:\/\/blogs.correiobraziliense.com.br\/lianasabo\/wp-json\/wp\/v2\/categories?post=1530"},{"taxonomy":"post_tag","embeddable":true,"href":"https:\/\/blogs.correiobraziliense.com.br\/lianasabo\/wp-json\/wp\/v2\/tags?post=1530"}],"curies":[{"name":"wp","href":"https:\/\/api.w.org\/{rel}","templated":true}]}}