{"id":1515,"date":"2017-08-10T11:02:41","date_gmt":"2017-08-10T14:02:41","guid":{"rendered":"https:\/\/blogs.correiobraziliense.com.br\/lianasabo\/?p=1515"},"modified":"2017-08-10T19:29:53","modified_gmt":"2017-08-10T22:29:53","slug":"figueira-da-villa-lanca-feijoada-sabado-com-chorinho","status":"publish","type":"post","link":"https:\/\/blogs.correiobraziliense.com.br\/lianasabo\/figueira-da-villa-lanca-feijoada-sabado-com-chorinho\/","title":{"rendered":"Figueira da Villa lan\u00e7a feijoada s\u00e1bado com chorinho"},"content":{"rendered":"<p>Na Figueira da Villa, a acolhedora casa da Vila Planalto, a comemora\u00e7\u00e3o pelo Dia dos Pais come\u00e7a s\u00e1bado com uma feijoada completa\u00a0(R$ 44,90) &#8212; com arroz branco, couve, farofa, torresmo e molho apimentado &#8211;, que tamb\u00e9m \u00e9 musical, pois ser\u00e1 servida em meio a um show do trio Choro a Granel, que se formou no Mercado Municipal e tocou l\u00e1 por oito anos.<\/p>\n<figure id=\"attachment_1517\" aria-describedby=\"caption-attachment-1517\" style=\"width: 1024px\" class=\"wp-caption aligncenter\"><a href=\"https:\/\/blogs.correiobraziliense.com.br\/lianasabo\/wp-content\/uploads\/sites\/25\/2017\/08\/figueira2.jpg\" rel=\"attachment wp-att-1517\"><img loading=\"lazy\" decoding=\"async\" class=\"wp-image-1517 size-large\" src=\"https:\/\/blogs.correiobraziliense.com.br\/lianasabo\/wp-content\/uploads\/sites\/25\/2017\/08\/figueira2-1024x720.jpg\" alt=\"O trio Choro a Granel, se formou no Mercado Municipal\" width=\"1024\" height=\"720\" srcset=\"https:\/\/blogs.correiobraziliense.com.br\/lianasabo\/wp-content\/uploads\/sites\/25\/2017\/08\/figueira2-1024x720.jpg 1024w, https:\/\/blogs.correiobraziliense.com.br\/lianasabo\/wp-content\/uploads\/sites\/25\/2017\/08\/figueira2-300x211.jpg 300w, https:\/\/blogs.correiobraziliense.com.br\/lianasabo\/wp-content\/uploads\/sites\/25\/2017\/08\/figueira2-768x540.jpg 768w, https:\/\/blogs.correiobraziliense.com.br\/lianasabo\/wp-content\/uploads\/sites\/25\/2017\/08\/figueira2-550x387.jpg 550w, https:\/\/blogs.correiobraziliense.com.br\/lianasabo\/wp-content\/uploads\/sites\/25\/2017\/08\/figueira2-230x162.jpg 230w, https:\/\/blogs.correiobraziliense.com.br\/lianasabo\/wp-content\/uploads\/sites\/25\/2017\/08\/figueira2.jpg 1200w\" sizes=\"auto, (max-width: 1024px) 100vw, 1024px\" \/><\/a><figcaption id=\"caption-attachment-1517\" class=\"wp-caption-text\">O trio Choro a Granel, se formou no Mercado Municipal<\/figcaption><\/figure>\n<p>Com o fechamento da memor\u00e1vel casa da W3 Sul, o grupo de viol\u00e3o, flauta e pandeiro se transfere para a Figueira da Villa, onde estreia as 13h. Ser\u00e1 cobrado couvert de R$ 9. Reservas pelo telefone 3081-0541.<\/p>\n","protected":false},"excerpt":{"rendered":"<p>Na Figueira da Villa, a acolhedora casa da Vila Planalto, a comemora\u00e7\u00e3o pelo Dia dos Pais come\u00e7a s\u00e1bado com uma feijoada completa\u00a0(R$ 44,90) &#8212; com arroz branco, couve, farofa, torresmo e molho apimentado &#8211;, que tamb\u00e9m \u00e9 musical, pois ser\u00e1 servida em meio a um show do trio Choro a Granel, que se formou no Mercado Municipal e tocou l\u00e1 [&hellip;]<\/p>\n","protected":false},"author":54,"featured_media":1516,"comment_status":"open","ping_status":"open","sticky":false,"template":"","format":"standard","meta":{"footnotes":""},"categories":[1],"tags":[],"class_list":["post-1515","post","type-post","status-publish","format-standard","has-post-thumbnail","hentry","category-sem-categoria"],"_links":{"self":[{"href":"https:\/\/blogs.correiobraziliense.com.br\/lianasabo\/wp-json\/wp\/v2\/posts\/1515","targetHints":{"allow":["GET"]}}],"collection":[{"href":"https:\/\/blogs.correiobraziliense.com.br\/lianasabo\/wp-json\/wp\/v2\/posts"}],"about":[{"href":"https:\/\/blogs.correiobraziliense.com.br\/lianasabo\/wp-json\/wp\/v2\/types\/post"}],"author":[{"embeddable":true,"href":"https:\/\/blogs.correiobraziliense.com.br\/lianasabo\/wp-json\/wp\/v2\/users\/54"}],"replies":[{"embeddable":true,"href":"https:\/\/blogs.correiobraziliense.com.br\/lianasabo\/wp-json\/wp\/v2\/comments?post=1515"}],"version-history":[{"count":2,"href":"https:\/\/blogs.correiobraziliense.com.br\/lianasabo\/wp-json\/wp\/v2\/posts\/1515\/revisions"}],"predecessor-version":[{"id":1533,"href":"https:\/\/blogs.correiobraziliense.com.br\/lianasabo\/wp-json\/wp\/v2\/posts\/1515\/revisions\/1533"}],"wp:featuredmedia":[{"embeddable":true,"href":"https:\/\/blogs.correiobraziliense.com.br\/lianasabo\/wp-json\/wp\/v2\/media\/1516"}],"wp:attachment":[{"href":"https:\/\/blogs.correiobraziliense.com.br\/lianasabo\/wp-json\/wp\/v2\/media?parent=1515"}],"wp:term":[{"taxonomy":"category","embeddable":true,"href":"https:\/\/blogs.correiobraziliense.com.br\/lianasabo\/wp-json\/wp\/v2\/categories?post=1515"},{"taxonomy":"post_tag","embeddable":true,"href":"https:\/\/blogs.correiobraziliense.com.br\/lianasabo\/wp-json\/wp\/v2\/tags?post=1515"}],"curies":[{"name":"wp","href":"https:\/\/api.w.org\/{rel}","templated":true}]}}