{"id":1487,"date":"2017-07-28T11:00:45","date_gmt":"2017-07-28T14:00:45","guid":{"rendered":"https:\/\/blogs.correiobraziliense.com.br\/lianasabo\/?p=1487"},"modified":"2017-07-27T19:14:38","modified_gmt":"2017-07-27T22:14:38","slug":"loja-schipper-inaugura-unidade-no-sia","status":"publish","type":"post","link":"https:\/\/blogs.correiobraziliense.com.br\/lianasabo\/loja-schipper-inaugura-unidade-no-sia\/","title":{"rendered":"Loja Schipper inaugura unidade no SIA"},"content":{"rendered":"<p>O austr\u00edaco Gerfried Schipper, que foi dono de um dos curr\u00edculos mais completos em gastronomia, planejamento e gerenciamento de hot\u00e9is, teria ficado feliz em saber que a empresa fundada por ele em 1992 chega aos 25 anos e passa a se chamar simplesmente Schipper, com uma nova e moderna logomarca. O empres\u00e1rio que foi vice-presidente do International Food of Beverage Forum, morreu no fim de 2011.<\/p>\n<p><a href=\"https:\/\/blogs.correiobraziliense.com.br\/lianasabo\/wp-content\/uploads\/sites\/25\/2017\/07\/8-20170628155524_IMG_9140.jpg\" rel=\"attachment wp-att-1489\"><img loading=\"lazy\" decoding=\"async\" class=\"aligncenter size-large wp-image-1489\" src=\"https:\/\/blogs.correiobraziliense.com.br\/lianasabo\/wp-content\/uploads\/sites\/25\/2017\/07\/8-20170628155524_IMG_9140-1024x683.jpg\" alt=\"8 - 20170628155524_IMG_9140\" width=\"1024\" height=\"683\" srcset=\"https:\/\/blogs.correiobraziliense.com.br\/lianasabo\/wp-content\/uploads\/sites\/25\/2017\/07\/8-20170628155524_IMG_9140-1024x683.jpg 1024w, https:\/\/blogs.correiobraziliense.com.br\/lianasabo\/wp-content\/uploads\/sites\/25\/2017\/07\/8-20170628155524_IMG_9140-300x200.jpg 300w, https:\/\/blogs.correiobraziliense.com.br\/lianasabo\/wp-content\/uploads\/sites\/25\/2017\/07\/8-20170628155524_IMG_9140-768x512.jpg 768w, https:\/\/blogs.correiobraziliense.com.br\/lianasabo\/wp-content\/uploads\/sites\/25\/2017\/07\/8-20170628155524_IMG_9140-1440x960.jpg 1440w, https:\/\/blogs.correiobraziliense.com.br\/lianasabo\/wp-content\/uploads\/sites\/25\/2017\/07\/8-20170628155524_IMG_9140-550x367.jpg 550w, https:\/\/blogs.correiobraziliense.com.br\/lianasabo\/wp-content\/uploads\/sites\/25\/2017\/07\/8-20170628155524_IMG_9140-230x153.jpg 230w, https:\/\/blogs.correiobraziliense.com.br\/lianasabo\/wp-content\/uploads\/sites\/25\/2017\/07\/8-20170628155524_IMG_9140.jpg 1920w\" sizes=\"auto, (max-width: 1024px) 100vw, 1024px\" \/><\/a><\/p>\n<p>Os s\u00f3cios Frank Kreppel e S\u00e9rgio Pimenta inauguram no SIA, Trecho 3, nova loja de 2 mil m2, que abriga showroom com mais de quatro mil itens e amplo estoque para pronta entrega, al\u00e9m de um outlet permanente, especialmente para pessoas f\u00edsicas com produtos de cozinha a pre\u00e7os atraentes. \u201cA inten\u00e7\u00e3o \u00e9 consolidar a nova marca (outrora Schipper &amp; Thompson) como a melhor loja para gastronomia na regi\u00e3o Centro-Oeste\u201d, afirma Frank.<\/p>\n<p>\u201cAinda nesse semestre, queremos lan\u00e7ar a loja virtual e ampliar as instala\u00e7\u00f5es do showroom de S\u00e3o Paulo, na Vila Nova Concei\u00e7\u00e3o\u201d, destaca Sergio Pimenta, lembrando que a empresa equipou a maioria dos hot\u00e9is oficiais da Copa do Mundo em 2014 e das Olimp\u00edadas em 2016. Mais de 100 fornecedores nacionais e estrangeiros fazem parte do portf\u00f3lio da empresa. Telefone 3248-0020.<\/p>\n","protected":false},"excerpt":{"rendered":"<p>O austr\u00edaco Gerfried Schipper, que foi dono de um dos curr\u00edculos mais completos em gastronomia, planejamento e gerenciamento de hot\u00e9is, teria ficado feliz em saber que a empresa fundada por ele em 1992 chega aos 25 anos e passa a se chamar simplesmente Schipper, com uma nova e moderna logomarca. O empres\u00e1rio que foi vice-presidente do International Food of Beverage [&hellip;]<\/p>\n","protected":false},"author":54,"featured_media":1488,"comment_status":"open","ping_status":"open","sticky":false,"template":"","format":"standard","meta":{"footnotes":""},"categories":[1],"tags":[],"class_list":["post-1487","post","type-post","status-publish","format-standard","has-post-thumbnail","hentry","category-sem-categoria"],"_links":{"self":[{"href":"https:\/\/blogs.correiobraziliense.com.br\/lianasabo\/wp-json\/wp\/v2\/posts\/1487","targetHints":{"allow":["GET"]}}],"collection":[{"href":"https:\/\/blogs.correiobraziliense.com.br\/lianasabo\/wp-json\/wp\/v2\/posts"}],"about":[{"href":"https:\/\/blogs.correiobraziliense.com.br\/lianasabo\/wp-json\/wp\/v2\/types\/post"}],"author":[{"embeddable":true,"href":"https:\/\/blogs.correiobraziliense.com.br\/lianasabo\/wp-json\/wp\/v2\/users\/54"}],"replies":[{"embeddable":true,"href":"https:\/\/blogs.correiobraziliense.com.br\/lianasabo\/wp-json\/wp\/v2\/comments?post=1487"}],"version-history":[{"count":1,"href":"https:\/\/blogs.correiobraziliense.com.br\/lianasabo\/wp-json\/wp\/v2\/posts\/1487\/revisions"}],"predecessor-version":[{"id":1490,"href":"https:\/\/blogs.correiobraziliense.com.br\/lianasabo\/wp-json\/wp\/v2\/posts\/1487\/revisions\/1490"}],"wp:featuredmedia":[{"embeddable":true,"href":"https:\/\/blogs.correiobraziliense.com.br\/lianasabo\/wp-json\/wp\/v2\/media\/1488"}],"wp:attachment":[{"href":"https:\/\/blogs.correiobraziliense.com.br\/lianasabo\/wp-json\/wp\/v2\/media?parent=1487"}],"wp:term":[{"taxonomy":"category","embeddable":true,"href":"https:\/\/blogs.correiobraziliense.com.br\/lianasabo\/wp-json\/wp\/v2\/categories?post=1487"},{"taxonomy":"post_tag","embeddable":true,"href":"https:\/\/blogs.correiobraziliense.com.br\/lianasabo\/wp-json\/wp\/v2\/tags?post=1487"}],"curies":[{"name":"wp","href":"https:\/\/api.w.org\/{rel}","templated":true}]}}