{"id":1454,"date":"2017-07-17T10:00:34","date_gmt":"2017-07-17T13:00:34","guid":{"rendered":"https:\/\/blogs.correiobraziliense.com.br\/lianasabo\/?p=1454"},"modified":"2017-07-13T18:50:51","modified_gmt":"2017-07-13T21:50:51","slug":"confeiteiro-premiado-ensina-passo-passo-do-macaron-em-sampa","status":"publish","type":"post","link":"https:\/\/blogs.correiobraziliense.com.br\/lianasabo\/confeiteiro-premiado-ensina-passo-passo-do-macaron-em-sampa\/","title":{"rendered":"Confeiteiro premiado ensina passo a passo do macaron em Sampa"},"content":{"rendered":"<p>Sabe aquele c\u00e9lebre doce franc\u00eas recheado, que nasceu na It\u00e1lia e segundo a lenda tinha o formato dos umbigos dos monges, ficou famoso na Fran\u00e7a e conquistou o mundo? O macaron chega \u00e0 milion\u00e9sima unidade na P\u00e2tisserie Douce France, em S\u00e3o Paulo, que vai comemorar o feito com uma aula do renomado confeiteiro Fabrice Le Nud, eleito seis vezes consecutivas, o melhor chef p\u00e2tissier do ano da cidade pela revista Gula.<\/p>\n<p>A aula est\u00e1 marca para o dia 25 de julho, na loja dos Jardins (Alameda Ja\u00fa, 550\/554) e as inscri\u00e7\u00f5es poder\u00e3o ser feitas at\u00e9 o dia 24. Depois da aula, haver\u00e1 degusta\u00e7\u00e3o de alguns sabores da iguaria dentre chocolate, lim\u00e3o, framboesa, avel\u00e3, caf\u00e9 chocolate com cupua\u00e7u, al\u00e9m dos novos doce de leite e maracuj\u00e1. A aula, que se realizar\u00e1 no hor\u00e1rio das 15 \u00e0s 18h, sai por R$ 290. Inscri\u00e7\u00f5es pelo e-mail rh@patsisseriedoucefrance.com.br<\/p>\n","protected":false},"excerpt":{"rendered":"<p>Sabe aquele c\u00e9lebre doce franc\u00eas recheado, que nasceu na It\u00e1lia e segundo a lenda tinha o formato dos umbigos dos monges, ficou famoso na Fran\u00e7a e conquistou o mundo? O macaron chega \u00e0 milion\u00e9sima unidade na P\u00e2tisserie Douce France, em S\u00e3o Paulo, que vai comemorar o feito com uma aula do renomado confeiteiro Fabrice Le Nud, eleito seis vezes consecutivas, [&hellip;]<\/p>\n","protected":false},"author":54,"featured_media":1455,"comment_status":"open","ping_status":"open","sticky":false,"template":"","format":"standard","meta":{"footnotes":""},"categories":[1],"tags":[],"class_list":["post-1454","post","type-post","status-publish","format-standard","has-post-thumbnail","hentry","category-sem-categoria"],"_links":{"self":[{"href":"https:\/\/blogs.correiobraziliense.com.br\/lianasabo\/wp-json\/wp\/v2\/posts\/1454","targetHints":{"allow":["GET"]}}],"collection":[{"href":"https:\/\/blogs.correiobraziliense.com.br\/lianasabo\/wp-json\/wp\/v2\/posts"}],"about":[{"href":"https:\/\/blogs.correiobraziliense.com.br\/lianasabo\/wp-json\/wp\/v2\/types\/post"}],"author":[{"embeddable":true,"href":"https:\/\/blogs.correiobraziliense.com.br\/lianasabo\/wp-json\/wp\/v2\/users\/54"}],"replies":[{"embeddable":true,"href":"https:\/\/blogs.correiobraziliense.com.br\/lianasabo\/wp-json\/wp\/v2\/comments?post=1454"}],"version-history":[{"count":1,"href":"https:\/\/blogs.correiobraziliense.com.br\/lianasabo\/wp-json\/wp\/v2\/posts\/1454\/revisions"}],"predecessor-version":[{"id":1456,"href":"https:\/\/blogs.correiobraziliense.com.br\/lianasabo\/wp-json\/wp\/v2\/posts\/1454\/revisions\/1456"}],"wp:featuredmedia":[{"embeddable":true,"href":"https:\/\/blogs.correiobraziliense.com.br\/lianasabo\/wp-json\/wp\/v2\/media\/1455"}],"wp:attachment":[{"href":"https:\/\/blogs.correiobraziliense.com.br\/lianasabo\/wp-json\/wp\/v2\/media?parent=1454"}],"wp:term":[{"taxonomy":"category","embeddable":true,"href":"https:\/\/blogs.correiobraziliense.com.br\/lianasabo\/wp-json\/wp\/v2\/categories?post=1454"},{"taxonomy":"post_tag","embeddable":true,"href":"https:\/\/blogs.correiobraziliense.com.br\/lianasabo\/wp-json\/wp\/v2\/tags?post=1454"}],"curies":[{"name":"wp","href":"https:\/\/api.w.org\/{rel}","templated":true}]}}