{"id":1450,"date":"2017-07-13T18:43:02","date_gmt":"2017-07-13T21:43:02","guid":{"rendered":"https:\/\/blogs.correiobraziliense.com.br\/lianasabo\/?p=1450"},"modified":"2017-07-13T18:43:02","modified_gmt":"2017-07-13T21:43:02","slug":"le-vin-comemora-data-nacional-da-franca-com-menu-especial","status":"publish","type":"post","link":"https:\/\/blogs.correiobraziliense.com.br\/lianasabo\/le-vin-comemora-data-nacional-da-franca-com-menu-especial\/","title":{"rendered":"Le Vin comemora data nacional da Fran\u00e7a com menu especial"},"content":{"rendered":"<p>Fiel \u00e0 origem francesa de sua culin\u00e1ria, a rede de bistr\u00f4s Le Vin todo os anos comemora a data da queda da Bastilha, o famoso 14 juillet, que passou a ser o dia nacional do pa\u00eds, com sabores especiais. O menu de R$ 88 traz sopa de legumes, alho-por\u00f3 ou cebola gratinada com torradas; navarin de cordeiro no principal com cubos de carne cozida em vinho branco, legumes e ervas arom\u00e1ticas, champignons de Paris, guarnecida dom legumes cozidos no pr\u00f3prio molho.<\/p>\n<p><a href=\"https:\/\/blogs.correiobraziliense.com.br\/lianasabo\/wp-content\/uploads\/sites\/25\/2017\/07\/le-vin2.jpg\" rel=\"attachment wp-att-1452\"><img loading=\"lazy\" decoding=\"async\" class=\"aligncenter size-large wp-image-1452\" src=\"https:\/\/blogs.correiobraziliense.com.br\/lianasabo\/wp-content\/uploads\/sites\/25\/2017\/07\/le-vin2-1024x688.jpg\" alt=\"www.tbfoto.com.br LE VIN - SP\/SP - 13\/06\/2011 Foto: Tadeu Brunel\" width=\"1024\" height=\"688\" srcset=\"https:\/\/blogs.correiobraziliense.com.br\/lianasabo\/wp-content\/uploads\/sites\/25\/2017\/07\/le-vin2-1024x688.jpg 1024w, https:\/\/blogs.correiobraziliense.com.br\/lianasabo\/wp-content\/uploads\/sites\/25\/2017\/07\/le-vin2-300x202.jpg 300w, https:\/\/blogs.correiobraziliense.com.br\/lianasabo\/wp-content\/uploads\/sites\/25\/2017\/07\/le-vin2-768x516.jpg 768w, https:\/\/blogs.correiobraziliense.com.br\/lianasabo\/wp-content\/uploads\/sites\/25\/2017\/07\/le-vin2-550x369.jpg 550w, https:\/\/blogs.correiobraziliense.com.br\/lianasabo\/wp-content\/uploads\/sites\/25\/2017\/07\/le-vin2-230x154.jpg 230w, https:\/\/blogs.correiobraziliense.com.br\/lianasabo\/wp-content\/uploads\/sites\/25\/2017\/07\/le-vin2.jpg 1200w\" sizes=\"auto, (max-width: 1024px) 100vw, 1024px\" \/><\/a><\/p>\n<p>Na sobremesa, o cl\u00e1ssico cr\u00e8me br\u00fbl\u00e9e, feito \u00e0 base de creme de leite, gemas de ovos, fava de baunilha fresca servido gelado com uma fina crosta de a\u00e7\u00facar. O bistr\u00f4 fica no Espa\u00e7o Gourmet do ParkShopping, reservas pelo telefone 3028-6336.<\/p>\n","protected":false},"excerpt":{"rendered":"<p>Fiel \u00e0 origem francesa de sua culin\u00e1ria, a rede de bistr\u00f4s Le Vin todo os anos comemora a data da queda da Bastilha, o famoso 14 juillet, que passou a ser o dia nacional do pa\u00eds, com sabores especiais. O menu de R$ 88 traz sopa de legumes, alho-por\u00f3 ou cebola gratinada com torradas; navarin de cordeiro no principal com [&hellip;]<\/p>\n","protected":false},"author":54,"featured_media":1451,"comment_status":"open","ping_status":"open","sticky":false,"template":"","format":"standard","meta":{"footnotes":""},"categories":[1],"tags":[],"class_list":["post-1450","post","type-post","status-publish","format-standard","has-post-thumbnail","hentry","category-sem-categoria"],"_links":{"self":[{"href":"https:\/\/blogs.correiobraziliense.com.br\/lianasabo\/wp-json\/wp\/v2\/posts\/1450","targetHints":{"allow":["GET"]}}],"collection":[{"href":"https:\/\/blogs.correiobraziliense.com.br\/lianasabo\/wp-json\/wp\/v2\/posts"}],"about":[{"href":"https:\/\/blogs.correiobraziliense.com.br\/lianasabo\/wp-json\/wp\/v2\/types\/post"}],"author":[{"embeddable":true,"href":"https:\/\/blogs.correiobraziliense.com.br\/lianasabo\/wp-json\/wp\/v2\/users\/54"}],"replies":[{"embeddable":true,"href":"https:\/\/blogs.correiobraziliense.com.br\/lianasabo\/wp-json\/wp\/v2\/comments?post=1450"}],"version-history":[{"count":1,"href":"https:\/\/blogs.correiobraziliense.com.br\/lianasabo\/wp-json\/wp\/v2\/posts\/1450\/revisions"}],"predecessor-version":[{"id":1453,"href":"https:\/\/blogs.correiobraziliense.com.br\/lianasabo\/wp-json\/wp\/v2\/posts\/1450\/revisions\/1453"}],"wp:featuredmedia":[{"embeddable":true,"href":"https:\/\/blogs.correiobraziliense.com.br\/lianasabo\/wp-json\/wp\/v2\/media\/1451"}],"wp:attachment":[{"href":"https:\/\/blogs.correiobraziliense.com.br\/lianasabo\/wp-json\/wp\/v2\/media?parent=1450"}],"wp:term":[{"taxonomy":"category","embeddable":true,"href":"https:\/\/blogs.correiobraziliense.com.br\/lianasabo\/wp-json\/wp\/v2\/categories?post=1450"},{"taxonomy":"post_tag","embeddable":true,"href":"https:\/\/blogs.correiobraziliense.com.br\/lianasabo\/wp-json\/wp\/v2\/tags?post=1450"}],"curies":[{"name":"wp","href":"https:\/\/api.w.org\/{rel}","templated":true}]}}