{"id":1439,"date":"2017-07-14T11:30:15","date_gmt":"2017-07-14T14:30:15","guid":{"rendered":"https:\/\/blogs.correiobraziliense.com.br\/lianasabo\/?p=1439"},"modified":"2017-07-13T18:24:31","modified_gmt":"2017-07-13T21:24:31","slug":"restaurante-nikkei-faz-mudancas-no-cardapio","status":"publish","type":"post","link":"https:\/\/blogs.correiobraziliense.com.br\/lianasabo\/restaurante-nikkei-faz-mudancas-no-cardapio\/","title":{"rendered":"Restaurante Nikkei faz mudan\u00e7as no card\u00e1pio"},"content":{"rendered":"<p>Aberto em novembro no Centro de Lazer Beira Lago, o Nikkei j\u00e1 passou por duas fases. Na primeira, teve uma pegada preponderantemente nip\u00f4nica, como explicou o chef consultor Marcelo Fugita: \u201cutilizo a minha bagagem na cozinha japonesa para fazer uma cria\u00e7\u00e3o interativa em cima da gastronomia nipo-peruana\u201d.<\/p>\n<p>Na segunda, o eixo dos sabores se deslocou mais para os Andes do que para a \u00c1sia. Isso porque assumiu as ca\u00e7arolas o chef venezuelano Miguel Ojeda, que introduziu no menu empanada, polvo na chapa e causa, aquele popular bolinho, no caso feito com pur\u00ea de batata-doce, que \u00e0s v\u00e9speras da independ\u00eancia peruana era vendido na rua angariando recursos para a causa bolivariana. No Nikkei, ele \u00e9 servido com vinagrete de polvo e azeitonas pretas por R$ 59,90, cinco unidades.<\/p>\n<h2>Gema de codorna<\/h2>\n<figure id=\"attachment_1442\" aria-describedby=\"caption-attachment-1442\" style=\"width: 1024px\" class=\"wp-caption aligncenter\"><a href=\"https:\/\/blogs.correiobraziliense.com.br\/lianasabo\/wp-content\/uploads\/sites\/25\/2017\/07\/montagem-nikkei.jpg\" rel=\"attachment wp-att-1442\"><img loading=\"lazy\" decoding=\"async\" class=\"size-large wp-image-1442\" src=\"https:\/\/blogs.correiobraziliense.com.br\/lianasabo\/wp-content\/uploads\/sites\/25\/2017\/07\/montagem-nikkei-1024x683.jpg\" alt=\"Nikkei\" width=\"1024\" height=\"683\" srcset=\"https:\/\/blogs.correiobraziliense.com.br\/lianasabo\/wp-content\/uploads\/sites\/25\/2017\/07\/montagem-nikkei-1024x683.jpg 1024w, https:\/\/blogs.correiobraziliense.com.br\/lianasabo\/wp-content\/uploads\/sites\/25\/2017\/07\/montagem-nikkei-300x200.jpg 300w, https:\/\/blogs.correiobraziliense.com.br\/lianasabo\/wp-content\/uploads\/sites\/25\/2017\/07\/montagem-nikkei-768x512.jpg 768w, https:\/\/blogs.correiobraziliense.com.br\/lianasabo\/wp-content\/uploads\/sites\/25\/2017\/07\/montagem-nikkei-550x367.jpg 550w, https:\/\/blogs.correiobraziliense.com.br\/lianasabo\/wp-content\/uploads\/sites\/25\/2017\/07\/montagem-nikkei-230x153.jpg 230w, https:\/\/blogs.correiobraziliense.com.br\/lianasabo\/wp-content\/uploads\/sites\/25\/2017\/07\/montagem-nikkei.jpg 1200w\" sizes=\"auto, (max-width: 1024px) 100vw, 1024px\" \/><\/a><figcaption id=\"caption-attachment-1442\" class=\"wp-caption-text\">Del\u00edcias do novo menu do Nikkei<\/figcaption><\/figure>\n<p>&nbsp;<\/p>\n<p>Outra cria\u00e7\u00e3o de Ojeda \u00e9 o ceviche do cerrado (R$ 64,90), que traz o sabor marcante do pequi em cubos de peixe branco marinados em leite de tigre, acompanhado por batata-doce e chips de banana-da-terra, enquanto a empanada traz no recheio centolla com abacaxi agridoce. Tiraditos de salm\u00e3o, de polvo e de peixe branco ainda comp\u00f5em o card\u00e1pio que n\u00e3o se limita ao Peru.<\/p>\n<p>O chef paulista Marcelo Fugita voltou com sua consultoria dando um toque refinado aos sushis que ganham uma pegada trufada na barriga de salm\u00e3o (R$ 26,90), na vieira canadense (R$ 29,90) e no duo de salm\u00e3o com flor de sal e ovas de massago (R$ 34,90). O menu ainda informa os pratos que cont\u00eam gl\u00faten, soja ou lactose. Reservas pelo telefone: 2099-2460.<\/p>\n","protected":false},"excerpt":{"rendered":"<p>Aberto em novembro no Centro de Lazer Beira Lago, o Nikkei j\u00e1 passou por duas fases. Na primeira, teve uma pegada preponderantemente nip\u00f4nica, como explicou o chef consultor Marcelo Fugita: \u201cutilizo a minha bagagem na cozinha japonesa para fazer uma cria\u00e7\u00e3o interativa em cima da gastronomia nipo-peruana\u201d. Na segunda, o eixo dos sabores se deslocou mais para os Andes do [&hellip;]<\/p>\n","protected":false},"author":54,"featured_media":1440,"comment_status":"open","ping_status":"open","sticky":false,"template":"","format":"standard","meta":{"footnotes":""},"categories":[1],"tags":[],"class_list":["post-1439","post","type-post","status-publish","format-standard","has-post-thumbnail","hentry","category-sem-categoria"],"_links":{"self":[{"href":"https:\/\/blogs.correiobraziliense.com.br\/lianasabo\/wp-json\/wp\/v2\/posts\/1439","targetHints":{"allow":["GET"]}}],"collection":[{"href":"https:\/\/blogs.correiobraziliense.com.br\/lianasabo\/wp-json\/wp\/v2\/posts"}],"about":[{"href":"https:\/\/blogs.correiobraziliense.com.br\/lianasabo\/wp-json\/wp\/v2\/types\/post"}],"author":[{"embeddable":true,"href":"https:\/\/blogs.correiobraziliense.com.br\/lianasabo\/wp-json\/wp\/v2\/users\/54"}],"replies":[{"embeddable":true,"href":"https:\/\/blogs.correiobraziliense.com.br\/lianasabo\/wp-json\/wp\/v2\/comments?post=1439"}],"version-history":[{"count":2,"href":"https:\/\/blogs.correiobraziliense.com.br\/lianasabo\/wp-json\/wp\/v2\/posts\/1439\/revisions"}],"predecessor-version":[{"id":1443,"href":"https:\/\/blogs.correiobraziliense.com.br\/lianasabo\/wp-json\/wp\/v2\/posts\/1439\/revisions\/1443"}],"wp:featuredmedia":[{"embeddable":true,"href":"https:\/\/blogs.correiobraziliense.com.br\/lianasabo\/wp-json\/wp\/v2\/media\/1440"}],"wp:attachment":[{"href":"https:\/\/blogs.correiobraziliense.com.br\/lianasabo\/wp-json\/wp\/v2\/media?parent=1439"}],"wp:term":[{"taxonomy":"category","embeddable":true,"href":"https:\/\/blogs.correiobraziliense.com.br\/lianasabo\/wp-json\/wp\/v2\/categories?post=1439"},{"taxonomy":"post_tag","embeddable":true,"href":"https:\/\/blogs.correiobraziliense.com.br\/lianasabo\/wp-json\/wp\/v2\/tags?post=1439"}],"curies":[{"name":"wp","href":"https:\/\/api.w.org\/{rel}","templated":true}]}}