{"id":1429,"date":"2017-07-07T14:00:48","date_gmt":"2017-07-07T17:00:48","guid":{"rendered":"https:\/\/blogs.correiobraziliense.com.br\/lianasabo\/?p=1429"},"modified":"2017-07-06T18:33:27","modified_gmt":"2017-07-06T21:33:27","slug":"primeira-edicao-do-costelao-luterano-de-2017-sera-domingo-nao-perca","status":"publish","type":"post","link":"https:\/\/blogs.correiobraziliense.com.br\/lianasabo\/primeira-edicao-do-costelao-luterano-de-2017-sera-domingo-nao-perca\/","title":{"rendered":"Primeira edi\u00e7\u00e3o do Costel\u00e3o Luterano de 2017 ser\u00e1 domingo. N\u00e3o perca!"},"content":{"rendered":"<p><span style=\"font-family: Utopia,sans-serif\"><span style=\"font-size: small\">Nada \u00e9 mais artesanal e r\u00fastico em mat\u00e9ria de comida do que o costel\u00e3o que os luteranos promovem duas vezes por ano. A primeira edi\u00e7\u00e3o ser\u00e1 domingo, \u00e0s 12h, quando come\u00e7am a servir deliciosa costela bovina assada no fogo de ch\u00e3o, que j\u00e1 crepita ao raiar do dia. Acompanham feij\u00e3o-tropeiro, arroz, mandioca e salada por R$ 38. Crian\u00e7as de 7 a 12 anos pagam R$ 19. Fica na EQS 405\/406 e reservas podem ser feitas pelos telefones 3443-9265 e 3343-9266.<\/span><\/span><\/p>\n","protected":false},"excerpt":{"rendered":"<p>Nada \u00e9 mais artesanal e r\u00fastico em mat\u00e9ria de comida do que o costel\u00e3o que os luteranos promovem duas vezes por ano. A primeira edi\u00e7\u00e3o ser\u00e1 domingo, \u00e0s 12h, quando come\u00e7am a servir deliciosa costela bovina assada no fogo de ch\u00e3o, que j\u00e1 crepita ao raiar do dia. Acompanham feij\u00e3o-tropeiro, arroz, mandioca e salada por R$ 38. Crian\u00e7as de 7 [&hellip;]<\/p>\n","protected":false},"author":54,"featured_media":1430,"comment_status":"open","ping_status":"open","sticky":false,"template":"","format":"standard","meta":{"footnotes":""},"categories":[1],"tags":[],"class_list":["post-1429","post","type-post","status-publish","format-standard","has-post-thumbnail","hentry","category-sem-categoria"],"_links":{"self":[{"href":"https:\/\/blogs.correiobraziliense.com.br\/lianasabo\/wp-json\/wp\/v2\/posts\/1429","targetHints":{"allow":["GET"]}}],"collection":[{"href":"https:\/\/blogs.correiobraziliense.com.br\/lianasabo\/wp-json\/wp\/v2\/posts"}],"about":[{"href":"https:\/\/blogs.correiobraziliense.com.br\/lianasabo\/wp-json\/wp\/v2\/types\/post"}],"author":[{"embeddable":true,"href":"https:\/\/blogs.correiobraziliense.com.br\/lianasabo\/wp-json\/wp\/v2\/users\/54"}],"replies":[{"embeddable":true,"href":"https:\/\/blogs.correiobraziliense.com.br\/lianasabo\/wp-json\/wp\/v2\/comments?post=1429"}],"version-history":[{"count":1,"href":"https:\/\/blogs.correiobraziliense.com.br\/lianasabo\/wp-json\/wp\/v2\/posts\/1429\/revisions"}],"predecessor-version":[{"id":1431,"href":"https:\/\/blogs.correiobraziliense.com.br\/lianasabo\/wp-json\/wp\/v2\/posts\/1429\/revisions\/1431"}],"wp:featuredmedia":[{"embeddable":true,"href":"https:\/\/blogs.correiobraziliense.com.br\/lianasabo\/wp-json\/wp\/v2\/media\/1430"}],"wp:attachment":[{"href":"https:\/\/blogs.correiobraziliense.com.br\/lianasabo\/wp-json\/wp\/v2\/media?parent=1429"}],"wp:term":[{"taxonomy":"category","embeddable":true,"href":"https:\/\/blogs.correiobraziliense.com.br\/lianasabo\/wp-json\/wp\/v2\/categories?post=1429"},{"taxonomy":"post_tag","embeddable":true,"href":"https:\/\/blogs.correiobraziliense.com.br\/lianasabo\/wp-json\/wp\/v2\/tags?post=1429"}],"curies":[{"name":"wp","href":"https:\/\/api.w.org\/{rel}","templated":true}]}}