{"id":1426,"date":"2017-07-07T11:40:25","date_gmt":"2017-07-07T14:40:25","guid":{"rendered":"https:\/\/blogs.correiobraziliense.com.br\/lianasabo\/?p=1426"},"modified":"2017-07-06T18:30:30","modified_gmt":"2017-07-06T21:30:30","slug":"piantella-faz-homenagem-jorge-bastos-moreno-com-picadinho","status":"publish","type":"post","link":"https:\/\/blogs.correiobraziliense.com.br\/lianasabo\/piantella-faz-homenagem-jorge-bastos-moreno-com-picadinho\/","title":{"rendered":"Piantella faz homenagem a Jorge Bastos Moreno com picadinho"},"content":{"rendered":"<p><span style=\"font-family: Utopia,sans-serif\"><span style=\"font-size: small\">Afinada com a vida da cidade, a carioca (nascida em Minas) Jacqueline Peres, que toca o Piantella, reaberto pelo irm\u00e3o Omar Catito Peres, h\u00e1 seis meses, n\u00e3o hesitou de batizar de Jorge Bastos Moreno o prato predileto do saudoso jornalista pol\u00edtico e renomado gourmet. Trata-se de um picadinho de fil\u00e9 cortado na ponta da faca servido com arroz branco, ovo estrelado e farofa, por R$ 62. \u201cTem todos os dias no card\u00e1pio, mas na segunda-feira \u00e9 a sugest\u00e3o\u201d, informa Jacquie.<\/span><\/span><\/p>\n","protected":false},"excerpt":{"rendered":"<p>Afinada com a vida da cidade, a carioca (nascida em Minas) Jacqueline Peres, que toca o Piantella, reaberto pelo irm\u00e3o Omar Catito Peres, h\u00e1 seis meses, n\u00e3o hesitou de batizar de Jorge Bastos Moreno o prato predileto do saudoso jornalista pol\u00edtico e renomado gourmet. Trata-se de um picadinho de fil\u00e9 cortado na ponta da faca servido com arroz branco, ovo [&hellip;]<\/p>\n","protected":false},"author":54,"featured_media":1427,"comment_status":"open","ping_status":"open","sticky":false,"template":"","format":"standard","meta":{"footnotes":""},"categories":[1],"tags":[],"class_list":["post-1426","post","type-post","status-publish","format-standard","has-post-thumbnail","hentry","category-sem-categoria"],"_links":{"self":[{"href":"https:\/\/blogs.correiobraziliense.com.br\/lianasabo\/wp-json\/wp\/v2\/posts\/1426","targetHints":{"allow":["GET"]}}],"collection":[{"href":"https:\/\/blogs.correiobraziliense.com.br\/lianasabo\/wp-json\/wp\/v2\/posts"}],"about":[{"href":"https:\/\/blogs.correiobraziliense.com.br\/lianasabo\/wp-json\/wp\/v2\/types\/post"}],"author":[{"embeddable":true,"href":"https:\/\/blogs.correiobraziliense.com.br\/lianasabo\/wp-json\/wp\/v2\/users\/54"}],"replies":[{"embeddable":true,"href":"https:\/\/blogs.correiobraziliense.com.br\/lianasabo\/wp-json\/wp\/v2\/comments?post=1426"}],"version-history":[{"count":1,"href":"https:\/\/blogs.correiobraziliense.com.br\/lianasabo\/wp-json\/wp\/v2\/posts\/1426\/revisions"}],"predecessor-version":[{"id":1428,"href":"https:\/\/blogs.correiobraziliense.com.br\/lianasabo\/wp-json\/wp\/v2\/posts\/1426\/revisions\/1428"}],"wp:featuredmedia":[{"embeddable":true,"href":"https:\/\/blogs.correiobraziliense.com.br\/lianasabo\/wp-json\/wp\/v2\/media\/1427"}],"wp:attachment":[{"href":"https:\/\/blogs.correiobraziliense.com.br\/lianasabo\/wp-json\/wp\/v2\/media?parent=1426"}],"wp:term":[{"taxonomy":"category","embeddable":true,"href":"https:\/\/blogs.correiobraziliense.com.br\/lianasabo\/wp-json\/wp\/v2\/categories?post=1426"},{"taxonomy":"post_tag","embeddable":true,"href":"https:\/\/blogs.correiobraziliense.com.br\/lianasabo\/wp-json\/wp\/v2\/tags?post=1426"}],"curies":[{"name":"wp","href":"https:\/\/api.w.org\/{rel}","templated":true}]}}