{"id":1398,"date":"2017-06-30T11:00:13","date_gmt":"2017-06-30T14:00:13","guid":{"rendered":"https:\/\/blogs.correiobraziliense.com.br\/lianasabo\/?p=1398"},"modified":"2017-06-29T17:12:49","modified_gmt":"2017-06-29T20:12:49","slug":"ja-ouviu-falar-em-coxinha-fitness","status":"publish","type":"post","link":"https:\/\/blogs.correiobraziliense.com.br\/lianasabo\/ja-ouviu-falar-em-coxinha-fitness\/","title":{"rendered":"J\u00e1 ouviu falar em coxinha fitness?"},"content":{"rendered":"<p><span style=\"font-family: Utopia,sans-serif\"><span style=\"font-size: small\">Com uma palestra da nutricionista Sarah Porto, \u00e0s 11h30, o espa\u00e7o Eu Chef Alta Gastr\u00f4 (408 Sul) lan\u00e7a amanh\u00e3 um menu fitness, composto de sete pratos, que podem ser finalizados em casa, \u201cde um forma simples e pr\u00e1tica\u201d, garante a chef Kalene Morais, que comanda a grife. <\/span><\/span><\/p>\n<figure id=\"attachment_1399\" aria-describedby=\"caption-attachment-1399\" style=\"width: 1200px\" class=\"wp-caption aligncenter\"><a href=\"https:\/\/blogs.correiobraziliense.com.br\/lianasabo\/wp-content\/uploads\/sites\/25\/2017\/06\/Frango-recheado-com-batata-doce_Foto-de-Brito-J\u00fanior-4.jpg\" rel=\"attachment wp-att-1399\"><img loading=\"lazy\" decoding=\"async\" class=\"size-full wp-image-1399\" src=\"https:\/\/blogs.correiobraziliense.com.br\/lianasabo\/wp-content\/uploads\/sites\/25\/2017\/06\/Frango-recheado-com-batata-doce_Foto-de-Brito-J\u00fanior-4.jpg\" alt=\"Frango recheado com batata-doce\" width=\"1200\" height=\"798\" srcset=\"https:\/\/blogs.correiobraziliense.com.br\/lianasabo\/wp-content\/uploads\/sites\/25\/2017\/06\/Frango-recheado-com-batata-doce_Foto-de-Brito-J\u00fanior-4.jpg 1200w, https:\/\/blogs.correiobraziliense.com.br\/lianasabo\/wp-content\/uploads\/sites\/25\/2017\/06\/Frango-recheado-com-batata-doce_Foto-de-Brito-J\u00fanior-4-300x200.jpg 300w, https:\/\/blogs.correiobraziliense.com.br\/lianasabo\/wp-content\/uploads\/sites\/25\/2017\/06\/Frango-recheado-com-batata-doce_Foto-de-Brito-J\u00fanior-4-768x511.jpg 768w, https:\/\/blogs.correiobraziliense.com.br\/lianasabo\/wp-content\/uploads\/sites\/25\/2017\/06\/Frango-recheado-com-batata-doce_Foto-de-Brito-J\u00fanior-4-1024x681.jpg 1024w, https:\/\/blogs.correiobraziliense.com.br\/lianasabo\/wp-content\/uploads\/sites\/25\/2017\/06\/Frango-recheado-com-batata-doce_Foto-de-Brito-J\u00fanior-4-550x366.jpg 550w, https:\/\/blogs.correiobraziliense.com.br\/lianasabo\/wp-content\/uploads\/sites\/25\/2017\/06\/Frango-recheado-com-batata-doce_Foto-de-Brito-J\u00fanior-4-230x153.jpg 230w\" sizes=\"auto, (max-width: 1200px) 100vw, 1200px\" \/><\/a><figcaption id=\"caption-attachment-1399\" class=\"wp-caption-text\">Brito J\u00fanior\/ Divulga\u00e7\u00e3o. Frango recheado com batata-doce<\/figcaption><\/figure>\n<p><span style=\"font-family: Utopia,sans-serif\"><span style=\"font-size: small\">Fazem parte do card\u00e1pio coxinha de batata-doce com frango, hamb\u00farguer de frango com batata-doce, nhoque, geleia e shake de batata-doce. Os pre\u00e7os variam entre R$ 8 a R$ 20 e quem comprar os produtos at\u00e9 o dia 7 de julho, ter\u00e1 10% de desconto. Os clientes tamb\u00e9m podem levar dieta prescrita que a casa facilita com o preparo dos alimentos. Telefone: 3554-2636.<\/span><\/span><\/p>\n","protected":false},"excerpt":{"rendered":"<p>Com uma palestra da nutricionista Sarah Porto, \u00e0s 11h30, o espa\u00e7o Eu Chef Alta Gastr\u00f4 (408 Sul) lan\u00e7a amanh\u00e3 um menu fitness, composto de sete pratos, que podem ser finalizados em casa, \u201cde um forma simples e pr\u00e1tica\u201d, garante a chef Kalene Morais, que comanda a grife. Fazem parte do card\u00e1pio coxinha de batata-doce com frango, hamb\u00farguer de frango com [&hellip;]<\/p>\n","protected":false},"author":54,"featured_media":1400,"comment_status":"open","ping_status":"open","sticky":false,"template":"","format":"standard","meta":{"footnotes":""},"categories":[1],"tags":[],"class_list":["post-1398","post","type-post","status-publish","format-standard","has-post-thumbnail","hentry","category-sem-categoria"],"_links":{"self":[{"href":"https:\/\/blogs.correiobraziliense.com.br\/lianasabo\/wp-json\/wp\/v2\/posts\/1398","targetHints":{"allow":["GET"]}}],"collection":[{"href":"https:\/\/blogs.correiobraziliense.com.br\/lianasabo\/wp-json\/wp\/v2\/posts"}],"about":[{"href":"https:\/\/blogs.correiobraziliense.com.br\/lianasabo\/wp-json\/wp\/v2\/types\/post"}],"author":[{"embeddable":true,"href":"https:\/\/blogs.correiobraziliense.com.br\/lianasabo\/wp-json\/wp\/v2\/users\/54"}],"replies":[{"embeddable":true,"href":"https:\/\/blogs.correiobraziliense.com.br\/lianasabo\/wp-json\/wp\/v2\/comments?post=1398"}],"version-history":[{"count":1,"href":"https:\/\/blogs.correiobraziliense.com.br\/lianasabo\/wp-json\/wp\/v2\/posts\/1398\/revisions"}],"predecessor-version":[{"id":1401,"href":"https:\/\/blogs.correiobraziliense.com.br\/lianasabo\/wp-json\/wp\/v2\/posts\/1398\/revisions\/1401"}],"wp:featuredmedia":[{"embeddable":true,"href":"https:\/\/blogs.correiobraziliense.com.br\/lianasabo\/wp-json\/wp\/v2\/media\/1400"}],"wp:attachment":[{"href":"https:\/\/blogs.correiobraziliense.com.br\/lianasabo\/wp-json\/wp\/v2\/media?parent=1398"}],"wp:term":[{"taxonomy":"category","embeddable":true,"href":"https:\/\/blogs.correiobraziliense.com.br\/lianasabo\/wp-json\/wp\/v2\/categories?post=1398"},{"taxonomy":"post_tag","embeddable":true,"href":"https:\/\/blogs.correiobraziliense.com.br\/lianasabo\/wp-json\/wp\/v2\/tags?post=1398"}],"curies":[{"name":"wp","href":"https:\/\/api.w.org\/{rel}","templated":true}]}}