{"id":1394,"date":"2017-06-30T10:59:25","date_gmt":"2017-06-30T13:59:25","guid":{"rendered":"https:\/\/blogs.correiobraziliense.com.br\/lianasabo\/?p=1394"},"modified":"2017-06-29T17:05:50","modified_gmt":"2017-06-29T20:05:50","slug":"container-do-paprica-burger-tera-filhote","status":"publish","type":"post","link":"https:\/\/blogs.correiobraziliense.com.br\/lianasabo\/container-do-paprica-burger-tera-filhote\/","title":{"rendered":"Cont\u00e2iner do P\u00e1prica Burger ter\u00e1 &#8216;filhote&#8217;"},"content":{"rendered":"<p><span style=\"font-family: Utopia,sans-serif\"><span style=\"font-size: small\">Outra grife de sucesso que est\u00e1 de olho no centro da cidade \u00e9 a P\u00e1prica Burger. Vai instalar um cont\u00e2iner, antes do fim do ano no Eixo Monumental, ao lado do hotel Planalto Bittar, onde funcionou um bar da Heineken, durante a Copa do Mundo de 2014. Especializada em hamb\u00farguer e numa batata que n\u00e3o se consegue parar de comer, a marca surgiu no fim do ano passado junto ao Posto Ipiranga, no Eixinho L, altura da 204 Norte, e logo superou a expectativa em mat\u00e9ria de lota\u00e7\u00e3o. \u201cA gente quer atender todo o mundo, mas o espa\u00e7o ficou pequeno\u201d, justifica Bruna Prieto, que divide a propriedade da loja com o chef argentino Lucas Artiaga. <\/span><\/span><\/p>\n<figure id=\"attachment_1395\" aria-describedby=\"caption-attachment-1395\" style=\"width: 800px\" class=\"wp-caption aligncenter\"><a href=\"https:\/\/blogs.correiobraziliense.com.br\/lianasabo\/wp-content\/uploads\/sites\/25\/2017\/06\/CBPFOT010220170973.jpg\" rel=\"attachment wp-att-1395\"><img loading=\"lazy\" decoding=\"async\" class=\"size-full wp-image-1395\" src=\"https:\/\/blogs.correiobraziliense.com.br\/lianasabo\/wp-content\/uploads\/sites\/25\/2017\/06\/CBPFOT010220170973.jpg\" alt=\"Lucas Arteaga e Bruna Prieto\" width=\"800\" height=\"531\" srcset=\"https:\/\/blogs.correiobraziliense.com.br\/lianasabo\/wp-content\/uploads\/sites\/25\/2017\/06\/CBPFOT010220170973.jpg 800w, https:\/\/blogs.correiobraziliense.com.br\/lianasabo\/wp-content\/uploads\/sites\/25\/2017\/06\/CBPFOT010220170973-300x199.jpg 300w, https:\/\/blogs.correiobraziliense.com.br\/lianasabo\/wp-content\/uploads\/sites\/25\/2017\/06\/CBPFOT010220170973-768x510.jpg 768w, https:\/\/blogs.correiobraziliense.com.br\/lianasabo\/wp-content\/uploads\/sites\/25\/2017\/06\/CBPFOT010220170973-550x365.jpg 550w, https:\/\/blogs.correiobraziliense.com.br\/lianasabo\/wp-content\/uploads\/sites\/25\/2017\/06\/CBPFOT010220170973-230x153.jpg 230w\" sizes=\"auto, (max-width: 800px) 100vw, 800px\" \/><\/a><figcaption id=\"caption-attachment-1395\" class=\"wp-caption-text\">01\/02\/2016. Cr\u00e9dito: Barbara Cabral\/Esp.CB\/D.A. Press. Lucas Arteaga e Bruna Prieto.<\/figcaption><\/figure>\n<p><span style=\"font-family: Utopia,sans-serif\"><span style=\"font-size: small\">Depois de assinar o contrato de ocupa\u00e7\u00e3o da \u00e1rea, a dupla come\u00e7a a pensar em outros sabores para o card\u00e1pio, que ganhou neste inverno uma novidade: hamb\u00farguer chimichurri. Feito com blend de black angus, provolone gratinado levemente defumado, batata palha caseira, tomate fresco, lingui\u00e7a fininha grelhada e o ex\u00f3tico molho platino \u00e0 base de ervas no p\u00e3o de batata sai por R$ 29. No combo com refri e chips de mix de ra\u00edzes (batatas asterix, baroa e mandioca) sai por R$ 42, ou R$ 44, se trocar o refri por suco.<\/span><\/span><\/p>\n","protected":false},"excerpt":{"rendered":"<p>Outra grife de sucesso que est\u00e1 de olho no centro da cidade \u00e9 a P\u00e1prica Burger. Vai instalar um cont\u00e2iner, antes do fim do ano no Eixo Monumental, ao lado do hotel Planalto Bittar, onde funcionou um bar da Heineken, durante a Copa do Mundo de 2014. Especializada em hamb\u00farguer e numa batata que n\u00e3o se consegue parar de comer, [&hellip;]<\/p>\n","protected":false},"author":54,"featured_media":1396,"comment_status":"open","ping_status":"open","sticky":false,"template":"","format":"standard","meta":{"footnotes":""},"categories":[1],"tags":[],"class_list":["post-1394","post","type-post","status-publish","format-standard","has-post-thumbnail","hentry","category-sem-categoria"],"_links":{"self":[{"href":"https:\/\/blogs.correiobraziliense.com.br\/lianasabo\/wp-json\/wp\/v2\/posts\/1394","targetHints":{"allow":["GET"]}}],"collection":[{"href":"https:\/\/blogs.correiobraziliense.com.br\/lianasabo\/wp-json\/wp\/v2\/posts"}],"about":[{"href":"https:\/\/blogs.correiobraziliense.com.br\/lianasabo\/wp-json\/wp\/v2\/types\/post"}],"author":[{"embeddable":true,"href":"https:\/\/blogs.correiobraziliense.com.br\/lianasabo\/wp-json\/wp\/v2\/users\/54"}],"replies":[{"embeddable":true,"href":"https:\/\/blogs.correiobraziliense.com.br\/lianasabo\/wp-json\/wp\/v2\/comments?post=1394"}],"version-history":[{"count":1,"href":"https:\/\/blogs.correiobraziliense.com.br\/lianasabo\/wp-json\/wp\/v2\/posts\/1394\/revisions"}],"predecessor-version":[{"id":1397,"href":"https:\/\/blogs.correiobraziliense.com.br\/lianasabo\/wp-json\/wp\/v2\/posts\/1394\/revisions\/1397"}],"wp:featuredmedia":[{"embeddable":true,"href":"https:\/\/blogs.correiobraziliense.com.br\/lianasabo\/wp-json\/wp\/v2\/media\/1396"}],"wp:attachment":[{"href":"https:\/\/blogs.correiobraziliense.com.br\/lianasabo\/wp-json\/wp\/v2\/media?parent=1394"}],"wp:term":[{"taxonomy":"category","embeddable":true,"href":"https:\/\/blogs.correiobraziliense.com.br\/lianasabo\/wp-json\/wp\/v2\/categories?post=1394"},{"taxonomy":"post_tag","embeddable":true,"href":"https:\/\/blogs.correiobraziliense.com.br\/lianasabo\/wp-json\/wp\/v2\/tags?post=1394"}],"curies":[{"name":"wp","href":"https:\/\/api.w.org\/{rel}","templated":true}]}}