{"id":1363,"date":"2017-06-16T12:00:07","date_gmt":"2017-06-16T15:00:07","guid":{"rendered":"https:\/\/blogs.correiobraziliense.com.br\/lianasabo\/?p=1363"},"modified":"2017-06-15T18:11:25","modified_gmt":"2017-06-15T21:11:25","slug":"conheca-o-chutney-artesanal-de-carla-leite","status":"publish","type":"post","link":"https:\/\/blogs.correiobraziliense.com.br\/lianasabo\/conheca-o-chutney-artesanal-de-carla-leite\/","title":{"rendered":"Conhe\u00e7a o chutney artesanal de Carla Leite"},"content":{"rendered":"<figure id=\"attachment_1366\" aria-describedby=\"caption-attachment-1366\" style=\"width: 582px\" class=\"wp-caption aligncenter\"><a href=\"https:\/\/blogs.correiobraziliense.com.br\/lianasabo\/wp-content\/uploads\/sites\/25\/2017\/06\/carla-_leite.jpg\" rel=\"attachment wp-att-1366\"><img loading=\"lazy\" decoding=\"async\" class=\"size-full wp-image-1366\" src=\"https:\/\/blogs.correiobraziliense.com.br\/lianasabo\/wp-content\/uploads\/sites\/25\/2017\/06\/carla-_leite.jpg\" alt=\"06\/2017. Credito: Liana Sabo\/CB\/D.A. Press. Carla Leite apresenta o produto em recente festa alem\u00e3\" width=\"582\" height=\"598\" srcset=\"https:\/\/blogs.correiobraziliense.com.br\/lianasabo\/wp-content\/uploads\/sites\/25\/2017\/06\/carla-_leite.jpg 582w, https:\/\/blogs.correiobraziliense.com.br\/lianasabo\/wp-content\/uploads\/sites\/25\/2017\/06\/carla-_leite-292x300.jpg 292w, https:\/\/blogs.correiobraziliense.com.br\/lianasabo\/wp-content\/uploads\/sites\/25\/2017\/06\/carla-_leite-550x565.jpg 550w, https:\/\/blogs.correiobraziliense.com.br\/lianasabo\/wp-content\/uploads\/sites\/25\/2017\/06\/carla-_leite-230x236.jpg 230w\" sizes=\"auto, (max-width: 582px) 100vw, 582px\" \/><\/a><figcaption id=\"caption-attachment-1366\" class=\"wp-caption-text\">06\/2017. Credito: Liana Sabo\/CB\/D.A. Press. Carla Leite apresenta o produto em recente festa alem\u00e3<\/figcaption><\/figure>\n<p>Faltando cinco dias para o inverno, a temperatura come\u00e7a a cair \u00e0 noite. Ficar em casa \u00e9 um conforto, quando se tem bons sabores para beliscar. Como um bom relish que pode ser degustado em cima de uma torradinha ou com uma carne assada. Preparado com abobrinha, cebola, vinagre, mostarda, p\u00e1prica picante, curry, farinha de trigo e sal, o saboroso chutney de Carla Leite pode ser encomendado com a pr\u00f3pria autora. Existem tamb\u00e9m a vers\u00e3o diet. Ele dura tr\u00eas meses e conv\u00e9m conservar na geladeira. Telefone: 98455-2727.<\/p>\n","protected":false},"excerpt":{"rendered":"<p>Faltando cinco dias para o inverno, a temperatura come\u00e7a a cair \u00e0 noite. Ficar em casa \u00e9 um conforto, quando se tem bons sabores para beliscar. Como um bom relish que pode ser degustado em cima de uma torradinha ou com uma carne assada. Preparado com abobrinha, cebola, vinagre, mostarda, p\u00e1prica picante, curry, farinha de trigo e sal, o saboroso [&hellip;]<\/p>\n","protected":false},"author":54,"featured_media":1364,"comment_status":"open","ping_status":"open","sticky":false,"template":"","format":"standard","meta":{"footnotes":""},"categories":[1],"tags":[],"class_list":["post-1363","post","type-post","status-publish","format-standard","has-post-thumbnail","hentry","category-sem-categoria"],"_links":{"self":[{"href":"https:\/\/blogs.correiobraziliense.com.br\/lianasabo\/wp-json\/wp\/v2\/posts\/1363","targetHints":{"allow":["GET"]}}],"collection":[{"href":"https:\/\/blogs.correiobraziliense.com.br\/lianasabo\/wp-json\/wp\/v2\/posts"}],"about":[{"href":"https:\/\/blogs.correiobraziliense.com.br\/lianasabo\/wp-json\/wp\/v2\/types\/post"}],"author":[{"embeddable":true,"href":"https:\/\/blogs.correiobraziliense.com.br\/lianasabo\/wp-json\/wp\/v2\/users\/54"}],"replies":[{"embeddable":true,"href":"https:\/\/blogs.correiobraziliense.com.br\/lianasabo\/wp-json\/wp\/v2\/comments?post=1363"}],"version-history":[{"count":1,"href":"https:\/\/blogs.correiobraziliense.com.br\/lianasabo\/wp-json\/wp\/v2\/posts\/1363\/revisions"}],"predecessor-version":[{"id":1367,"href":"https:\/\/blogs.correiobraziliense.com.br\/lianasabo\/wp-json\/wp\/v2\/posts\/1363\/revisions\/1367"}],"wp:featuredmedia":[{"embeddable":true,"href":"https:\/\/blogs.correiobraziliense.com.br\/lianasabo\/wp-json\/wp\/v2\/media\/1364"}],"wp:attachment":[{"href":"https:\/\/blogs.correiobraziliense.com.br\/lianasabo\/wp-json\/wp\/v2\/media?parent=1363"}],"wp:term":[{"taxonomy":"category","embeddable":true,"href":"https:\/\/blogs.correiobraziliense.com.br\/lianasabo\/wp-json\/wp\/v2\/categories?post=1363"},{"taxonomy":"post_tag","embeddable":true,"href":"https:\/\/blogs.correiobraziliense.com.br\/lianasabo\/wp-json\/wp\/v2\/tags?post=1363"}],"curies":[{"name":"wp","href":"https:\/\/api.w.org\/{rel}","templated":true}]}}