{"id":1337,"date":"2017-06-09T11:00:38","date_gmt":"2017-06-09T14:00:38","guid":{"rendered":"https:\/\/blogs.correiobraziliense.com.br\/lianasabo\/?p=1337"},"modified":"2017-06-08T14:53:33","modified_gmt":"2017-06-08T17:53:33","slug":"confira-lugares-onde-o-dia-dos-namorados-sera-comemorado-com-muito-sabor","status":"publish","type":"post","link":"https:\/\/blogs.correiobraziliense.com.br\/lianasabo\/confira-lugares-onde-o-dia-dos-namorados-sera-comemorado-com-muito-sabor\/","title":{"rendered":"Confira lugares onde o Dia dos Namorados ser\u00e1 comemorado com muito sabor!"},"content":{"rendered":"<p>Segunda-feira \u00e9 um bom dia para comemorar o Dia dos Namorados? Se voc\u00ea achar que n\u00e3o, h\u00e1 outras op\u00e7\u00f5es. Este ano, alguns estabelecimentos multiplicaram o afeto e oferecem mais de uma noite de prazer. Quer conferir?<a name=\"no_arquivo_informacoes3\"><\/a><\/p>\n<figure id=\"attachment_1338\" aria-describedby=\"caption-attachment-1338\" style=\"width: 800px\" class=\"wp-caption aligncenter\"><a href=\"https:\/\/blogs.correiobraziliense.com.br\/lianasabo\/wp-content\/uploads\/sites\/25\/2017\/06\/CBNFOT060620170822.jpg\" rel=\"attachment wp-att-1338\"><img loading=\"lazy\" decoding=\"async\" class=\"size-full wp-image-1338\" src=\"https:\/\/blogs.correiobraziliense.com.br\/lianasabo\/wp-content\/uploads\/sites\/25\/2017\/06\/CBNFOT060620170822.jpg\" alt=\"Cr\u00e9dito: Felipe Menezes\/Divulga\u00e7\u00e3o. \" width=\"800\" height=\"533\" srcset=\"https:\/\/blogs.correiobraziliense.com.br\/lianasabo\/wp-content\/uploads\/sites\/25\/2017\/06\/CBNFOT060620170822.jpg 800w, https:\/\/blogs.correiobraziliense.com.br\/lianasabo\/wp-content\/uploads\/sites\/25\/2017\/06\/CBNFOT060620170822-300x200.jpg 300w, https:\/\/blogs.correiobraziliense.com.br\/lianasabo\/wp-content\/uploads\/sites\/25\/2017\/06\/CBNFOT060620170822-768x512.jpg 768w, https:\/\/blogs.correiobraziliense.com.br\/lianasabo\/wp-content\/uploads\/sites\/25\/2017\/06\/CBNFOT060620170822-550x366.jpg 550w, https:\/\/blogs.correiobraziliense.com.br\/lianasabo\/wp-content\/uploads\/sites\/25\/2017\/06\/CBNFOT060620170822-230x153.jpg 230w\" sizes=\"auto, (max-width: 800px) 100vw, 800px\" \/><\/a><figcaption id=\"caption-attachment-1338\" class=\"wp-caption-text\">Cr\u00e9dito: Felipe Menezes\/Divulga\u00e7\u00e3o<\/figcaption><\/figure>\n<p>* O Limoncello (402 Sul), lindamente decorado, d\u00e1 in\u00edcio hoje ao tema <i>Amore mio<\/i> abrindo todas as noites at\u00e9 segunda, quando violino far\u00e1 o pano de fundo ao menu preparado pelo chef Willian Mateus. Ele elegeu confit de beterraba, abobrinha marinada, queijo cottage, quinoa tostada, molho pesto e broto de feij\u00e3o para come\u00e7ar. Penne com fonduta de queijo, cogumelo de paris, aspargos tomate-seco, am\u00eandoas e crocante de presunto de Parma (<b>foto<\/b>) no principal; e sobremesa de creme de chocolate com azeite de oliva e crocante de cacau a R$ 139, por pessoa. Reservas no telefone: 3226-3208.<\/p>\n<figure id=\"attachment_1339\" aria-describedby=\"caption-attachment-1339\" style=\"width: 799px\" class=\"wp-caption aligncenter\"><a href=\"https:\/\/blogs.correiobraziliense.com.br\/lianasabo\/wp-content\/uploads\/sites\/25\/2017\/06\/prato_blog.jpg\" rel=\"attachment wp-att-1339\"><img loading=\"lazy\" decoding=\"async\" class=\"size-full wp-image-1339\" src=\"https:\/\/blogs.correiobraziliense.com.br\/lianasabo\/wp-content\/uploads\/sites\/25\/2017\/06\/prato_blog.jpg\" alt=\"Cr\u00e9dito: NQ\/Divulga\u00e7\u00e3o\" width=\"799\" height=\"951\" srcset=\"https:\/\/blogs.correiobraziliense.com.br\/lianasabo\/wp-content\/uploads\/sites\/25\/2017\/06\/prato_blog.jpg 799w, https:\/\/blogs.correiobraziliense.com.br\/lianasabo\/wp-content\/uploads\/sites\/25\/2017\/06\/prato_blog-252x300.jpg 252w, https:\/\/blogs.correiobraziliense.com.br\/lianasabo\/wp-content\/uploads\/sites\/25\/2017\/06\/prato_blog-768x914.jpg 768w, https:\/\/blogs.correiobraziliense.com.br\/lianasabo\/wp-content\/uploads\/sites\/25\/2017\/06\/prato_blog-550x655.jpg 550w, https:\/\/blogs.correiobraziliense.com.br\/lianasabo\/wp-content\/uploads\/sites\/25\/2017\/06\/prato_blog-230x274.jpg 230w\" sizes=\"auto, (max-width: 799px) 100vw, 799px\" \/><\/a><figcaption id=\"caption-attachment-1339\" class=\"wp-caption-text\">Cr\u00e9dito: NQ\/Divulga\u00e7\u00e3o<\/figcaption><\/figure>\n<p>* Tr\u00eas noites \u2014 hoje, amanh\u00e3 e segunda-feira \u2014 em tr\u00eas sess\u00f5es (\u00e0s 19h, 21h e 23h), o Mezanino da Torre de TV vai oferecer jantar pilotado por chefs da Associa\u00e7\u00e3o dos Restaurantes da Boa Lembran\u00e7a, que dar\u00e1 direito a um prato de cer\u00e2mica. Sai por R$ 330, o casal, e R$ 180, individual. Ingressos no restaurante Oliver ou no site <a href=\"http:\/\/www.bilheteriadigital.com\/\">www.bilheteriadigital.com<\/a>, que informa o card\u00e1pio.<\/p>\n<figure id=\"attachment_1340\" aria-describedby=\"caption-attachment-1340\" style=\"width: 800px\" class=\"wp-caption aligncenter\"><a href=\"https:\/\/blogs.correiobraziliense.com.br\/lianasabo\/wp-content\/uploads\/sites\/25\/2017\/06\/CBNFOT060620170825.jpg\" rel=\"attachment wp-att-1340\"><img loading=\"lazy\" decoding=\"async\" class=\"size-full wp-image-1340\" src=\"https:\/\/blogs.correiobraziliense.com.br\/lianasabo\/wp-content\/uploads\/sites\/25\/2017\/06\/CBNFOT060620170825.jpg\" alt=\"Cr\u00e9ditos: LV2\/Divulga\u00e7\u00e3o\" width=\"800\" height=\"533\" srcset=\"https:\/\/blogs.correiobraziliense.com.br\/lianasabo\/wp-content\/uploads\/sites\/25\/2017\/06\/CBNFOT060620170825.jpg 800w, https:\/\/blogs.correiobraziliense.com.br\/lianasabo\/wp-content\/uploads\/sites\/25\/2017\/06\/CBNFOT060620170825-300x200.jpg 300w, https:\/\/blogs.correiobraziliense.com.br\/lianasabo\/wp-content\/uploads\/sites\/25\/2017\/06\/CBNFOT060620170825-768x512.jpg 768w, https:\/\/blogs.correiobraziliense.com.br\/lianasabo\/wp-content\/uploads\/sites\/25\/2017\/06\/CBNFOT060620170825-550x366.jpg 550w, https:\/\/blogs.correiobraziliense.com.br\/lianasabo\/wp-content\/uploads\/sites\/25\/2017\/06\/CBNFOT060620170825-230x153.jpg 230w\" sizes=\"auto, (max-width: 800px) 100vw, 800px\" \/><\/a><figcaption id=\"caption-attachment-1340\" class=\"wp-caption-text\">Cr\u00e9ditos: LV2\/Divulga\u00e7\u00e3o<\/figcaption><\/figure>\n<p>* No Nebbiolo (409 Sul), a festa come\u00e7a no jantar de domingo e repete dia seguinte com carpaccio de til\u00e1pia \u00e0 moda oriental; canelone de pato ao molho ferrugem (<b>foto<\/b>) ou fil\u00e9 com crosta de ervas ao molho Dijon, acompanhado de risoto de pesto. Na sobremesa, chocolate, frutas e merengue. Por R$ 150, o casal, al\u00e9m de um drinque. Reservas pelo telefone 2099-6640.<\/p>\n<p>* O chef Simon Lau, no Aquavit, vai repetir na ter\u00e7a-feira, o menu afrodis\u00edaco de segunda, em noite rom\u00e2ntica \u00e0 luz de velas, quando servir\u00e1 depois do champanhe, sopa de ostras e salsinha com brusqueta de tartar de ostra e aspargos gratinados com gruy\u00e8re su\u00ed\u00e7o, ambos regados com Zorzal Chardonnay. Segue terrine de foie gras com confit de mexerica, crouton de brioche ao cominho e xarope de ch\u00e1 harmonizado com Frontera late harvest. No principal, confit de pato, musseline de batata e figos com Barone Montalto 2015 e, na sobremesa, morangos org\u00e2nicos com sorvete de baunilha do cerrado safra 2017 com La Caliera Moscati d`Asti, por R$ 395. Sem o vinho sai por R$ 250. Reservas: 99167-0000.<\/p>\n<figure id=\"attachment_1341\" aria-describedby=\"caption-attachment-1341\" style=\"width: 800px\" class=\"wp-caption aligncenter\"><a href=\"https:\/\/blogs.correiobraziliense.com.br\/lianasabo\/wp-content\/uploads\/sites\/25\/2017\/06\/CBNFOT060620170829.jpg\" rel=\"attachment wp-att-1341\"><img loading=\"lazy\" decoding=\"async\" class=\"size-full wp-image-1341\" src=\"https:\/\/blogs.correiobraziliense.com.br\/lianasabo\/wp-content\/uploads\/sites\/25\/2017\/06\/CBNFOT060620170829.jpg\" alt=\"Cr\u00e9ditos: Casa da reda\u00e7\u00e3o\/Divulga\u00e7\u00e3o.\" width=\"800\" height=\"531\" srcset=\"https:\/\/blogs.correiobraziliense.com.br\/lianasabo\/wp-content\/uploads\/sites\/25\/2017\/06\/CBNFOT060620170829.jpg 800w, https:\/\/blogs.correiobraziliense.com.br\/lianasabo\/wp-content\/uploads\/sites\/25\/2017\/06\/CBNFOT060620170829-300x199.jpg 300w, https:\/\/blogs.correiobraziliense.com.br\/lianasabo\/wp-content\/uploads\/sites\/25\/2017\/06\/CBNFOT060620170829-768x510.jpg 768w, https:\/\/blogs.correiobraziliense.com.br\/lianasabo\/wp-content\/uploads\/sites\/25\/2017\/06\/CBNFOT060620170829-550x365.jpg 550w, https:\/\/blogs.correiobraziliense.com.br\/lianasabo\/wp-content\/uploads\/sites\/25\/2017\/06\/CBNFOT060620170829-230x153.jpg 230w\" sizes=\"auto, (max-width: 800px) 100vw, 800px\" \/><\/a><figcaption id=\"caption-attachment-1341\" class=\"wp-caption-text\">Cr\u00e9ditos: Casa da reda\u00e7\u00e3o\/Divulga\u00e7\u00e3o.<\/figcaption><\/figure>\n<p>* Chocolat Glac\u00ea (Centro Empresarial Bras\u00edlia) restringiu para a noite de segunda-feira o jantar com velas \u00e0 meia luz e m\u00fasica ao vivo na voz da cantora Leila Chagas.Terrine de porco em massa folhada com molho de mostarda Dijon abre o menu de beuf bourguignon com mil folhas de batata (<b>foto<\/b>) e suspiro com doce de ovos e coco em sopa de chocolate belga. Sai por R$ 260, para o casal, com direito a uma garrafa de vinho ou espumante. Reservas no 3236-2901.<\/p>\n<p>* Na Hostaria dei Sapori (212 Sul), uma entrada de muitos sabores: crostino de mascarpone, nozinho de mu\u00e7arela, porchetta agridoce, minissalada com camar\u00e3o e massa em forma de concha recheada. Fil\u00e9 com pimenta rosa vem a seguir escoltado de risoto de morango. Na sobremesa, panna cotta de chocolate ou tiramis\u00f9. Por R$ 140, por pessoa. Reservas: 3346-3234.<\/p>\n<p>* Voc\u00ea n\u00e3o precisa esperar at\u00e9 segunda para curtir a data. No domingo, leve seu amor \u00e0 Torre de TV que um jantar harmonizado protagonizado por tr\u00eas chefs \u2014 Renata Carvalho, Sebastian Parasole e Lui Veronese \u2014 ser\u00e1 servido com espumante Santa Augusta e vinho portugu\u00eas Dom Dinis por R$ 180, individual e R$ 350, o casal. No card\u00e1pio, miniquiche de alho-por\u00f3, ricota fresca e laranja; sopa fria de milho com piment\u00e3o defumado: nhoque frito ao molho de brie e mel e ossobuco de kobe, polenta defumada e espuma de beterraba. Ingressos: <a href=\"https:\/\/www.bilheteriadigital.com\/jantar-harmonizado-festival-brasil-sabor-11-de-junho\">https:\/\/www.bilheteriadigital.com\/jantar-harmonizado-festival-brasil-sabor-11-de-junho<\/a>.<\/p>\n<figure id=\"attachment_1342\" aria-describedby=\"caption-attachment-1342\" style=\"width: 800px\" class=\"wp-caption aligncenter\"><a href=\"https:\/\/blogs.correiobraziliense.com.br\/lianasabo\/wp-content\/uploads\/sites\/25\/2017\/06\/CBNFOT060620170824.jpg\" rel=\"attachment wp-att-1342\"><img loading=\"lazy\" decoding=\"async\" class=\"size-full wp-image-1342\" src=\"https:\/\/blogs.correiobraziliense.com.br\/lianasabo\/wp-content\/uploads\/sites\/25\/2017\/06\/CBNFOT060620170824.jpg\" alt=\"Cr\u00e9ditos: Rosario Tessier\/Divulga\u00e7\u00e3o\" width=\"800\" height=\"1066\" srcset=\"https:\/\/blogs.correiobraziliense.com.br\/lianasabo\/wp-content\/uploads\/sites\/25\/2017\/06\/CBNFOT060620170824.jpg 800w, https:\/\/blogs.correiobraziliense.com.br\/lianasabo\/wp-content\/uploads\/sites\/25\/2017\/06\/CBNFOT060620170824-225x300.jpg 225w, https:\/\/blogs.correiobraziliense.com.br\/lianasabo\/wp-content\/uploads\/sites\/25\/2017\/06\/CBNFOT060620170824-768x1024.jpg 768w, https:\/\/blogs.correiobraziliense.com.br\/lianasabo\/wp-content\/uploads\/sites\/25\/2017\/06\/CBNFOT060620170824-550x733.jpg 550w, https:\/\/blogs.correiobraziliense.com.br\/lianasabo\/wp-content\/uploads\/sites\/25\/2017\/06\/CBNFOT060620170824-230x306.jpg 230w\" sizes=\"auto, (max-width: 800px) 100vw, 800px\" \/><\/a><figcaption id=\"caption-attachment-1342\" class=\"wp-caption-text\">Cr\u00e9ditos: Rosario Tessier\/Divulga\u00e7\u00e3o<\/figcaption><\/figure>\n<p>* Nhoque com trufas negras e queijo da Serra da Estrela (R$ 99) e linguine com lagosta, mexilh\u00f5es e tomate fresco (R$ 95 \u2014 <b>foto<\/b>) s\u00e3o os pratos que o chef Rosario Tessier ir\u00e1 servir a partir de hoje, inclusive no almo\u00e7o, em sua trattoria, na QI 17 do Lago Sul, com harmoniza\u00e7\u00e3o do espumante Maximo Boschi brut ros\u00e9 (R$ 81); Alvarinho Quinta de Bal\u00e3o (R$ 92) e o Pinot Noir Undurraga Aliwen Reserva (R$ 90). Reservas: 3248-1672.<\/p>\n<figure id=\"attachment_1345\" aria-describedby=\"caption-attachment-1345\" style=\"width: 1200px\" class=\"wp-caption aligncenter\"><a href=\"https:\/\/blogs.correiobraziliense.com.br\/lianasabo\/wp-content\/uploads\/sites\/25\/2017\/06\/file-mignon-de-cordeiro-Cr\u00e9dito-R\u00f4mulo-Juracy.jpg\" rel=\"attachment wp-att-1345\"><img loading=\"lazy\" decoding=\"async\" class=\"size-full wp-image-1345\" src=\"https:\/\/blogs.correiobraziliense.com.br\/lianasabo\/wp-content\/uploads\/sites\/25\/2017\/06\/file-mignon-de-cordeiro-Cr\u00e9dito-R\u00f4mulo-Juracy.jpg\" alt=\"R\u00f4mulo Juracy\/Divulga\u00e7\u00e3o\" width=\"1200\" height=\"800\" srcset=\"https:\/\/blogs.correiobraziliense.com.br\/lianasabo\/wp-content\/uploads\/sites\/25\/2017\/06\/file-mignon-de-cordeiro-Cr\u00e9dito-R\u00f4mulo-Juracy.jpg 1200w, https:\/\/blogs.correiobraziliense.com.br\/lianasabo\/wp-content\/uploads\/sites\/25\/2017\/06\/file-mignon-de-cordeiro-Cr\u00e9dito-R\u00f4mulo-Juracy-300x200.jpg 300w, https:\/\/blogs.correiobraziliense.com.br\/lianasabo\/wp-content\/uploads\/sites\/25\/2017\/06\/file-mignon-de-cordeiro-Cr\u00e9dito-R\u00f4mulo-Juracy-768x512.jpg 768w, https:\/\/blogs.correiobraziliense.com.br\/lianasabo\/wp-content\/uploads\/sites\/25\/2017\/06\/file-mignon-de-cordeiro-Cr\u00e9dito-R\u00f4mulo-Juracy-1024x683.jpg 1024w, https:\/\/blogs.correiobraziliense.com.br\/lianasabo\/wp-content\/uploads\/sites\/25\/2017\/06\/file-mignon-de-cordeiro-Cr\u00e9dito-R\u00f4mulo-Juracy-550x367.jpg 550w, https:\/\/blogs.correiobraziliense.com.br\/lianasabo\/wp-content\/uploads\/sites\/25\/2017\/06\/file-mignon-de-cordeiro-Cr\u00e9dito-R\u00f4mulo-Juracy-230x153.jpg 230w\" sizes=\"auto, (max-width: 1200px) 100vw, 1200px\" \/><\/a><figcaption id=\"caption-attachment-1345\" class=\"wp-caption-text\">R\u00f4mulo Juracy\/Divulga\u00e7\u00e3o<\/figcaption><\/figure>\n<p>*A partir de sexta as unidades do restaurante Francisco da 402 Sul e da Asbac servir\u00e3o menu completo (entrada, prato principal e sobremesa) a R$ 90, por pessoa. A entrada \u00e9 uma salada de tomates confitados e folhas baby. H\u00e1 duas op\u00e7\u00f5es de prato principal: fil\u00e9-mignon de cordeiro com cebola p\u00e9rola, batatinhas e cogumelos frescos (<strong>foto<\/strong>) e o fil\u00e9 de pescada cambucu ao molho de vinho branco e ervas com legumes de forno. A sobremesa \u00e9 um petit gateau de chocolate com frutas vermelhas frescas e sorvete de nata.<\/p>\n<figure id=\"attachment_1346\" aria-describedby=\"caption-attachment-1346\" style=\"width: 1280px\" class=\"wp-caption aligncenter\"><a href=\"https:\/\/blogs.correiobraziliense.com.br\/lianasabo\/wp-content\/uploads\/sites\/25\/2017\/06\/Robalo-com-anchova-defumada-Foto-Natalia-Ribeiro-1.jpg\" rel=\"attachment wp-att-1346\"><img loading=\"lazy\" decoding=\"async\" class=\"size-full wp-image-1346\" src=\"https:\/\/blogs.correiobraziliense.com.br\/lianasabo\/wp-content\/uploads\/sites\/25\/2017\/06\/Robalo-com-anchova-defumada-Foto-Natalia-Ribeiro-1.jpg\" alt=\"Natalia Ribeiro\/Divulga\u00e7\u00e3o\" width=\"1280\" height=\"960\" srcset=\"https:\/\/blogs.correiobraziliense.com.br\/lianasabo\/wp-content\/uploads\/sites\/25\/2017\/06\/Robalo-com-anchova-defumada-Foto-Natalia-Ribeiro-1.jpg 1280w, https:\/\/blogs.correiobraziliense.com.br\/lianasabo\/wp-content\/uploads\/sites\/25\/2017\/06\/Robalo-com-anchova-defumada-Foto-Natalia-Ribeiro-1-300x225.jpg 300w, https:\/\/blogs.correiobraziliense.com.br\/lianasabo\/wp-content\/uploads\/sites\/25\/2017\/06\/Robalo-com-anchova-defumada-Foto-Natalia-Ribeiro-1-768x576.jpg 768w, https:\/\/blogs.correiobraziliense.com.br\/lianasabo\/wp-content\/uploads\/sites\/25\/2017\/06\/Robalo-com-anchova-defumada-Foto-Natalia-Ribeiro-1-1024x768.jpg 1024w, https:\/\/blogs.correiobraziliense.com.br\/lianasabo\/wp-content\/uploads\/sites\/25\/2017\/06\/Robalo-com-anchova-defumada-Foto-Natalia-Ribeiro-1-550x413.jpg 550w, https:\/\/blogs.correiobraziliense.com.br\/lianasabo\/wp-content\/uploads\/sites\/25\/2017\/06\/Robalo-com-anchova-defumada-Foto-Natalia-Ribeiro-1-230x173.jpg 230w\" sizes=\"auto, (max-width: 1280px) 100vw, 1280px\" \/><\/a><figcaption id=\"caption-attachment-1346\" class=\"wp-caption-text\">Natalia Ribeiro\/Divulga\u00e7\u00e3o<\/figcaption><\/figure>\n<p>* Os sabores lusitanos d\u00e3o o tom no Tejo (404 Sul). O chef Manuelzinho Pires resgatou sabores da terrinha, como robalo com anchova defumada (R$ 96). O prato, in\u00e9dito, leva manteiga, vinho branco, sal, pimenta branca e anchova defumada. Quem optar pelo peixe, ganhar\u00e1 uma sobremesa t\u00edpica de Portugal: sericaia, feito \u00e0 base de leite, ovos e leite condensado.<\/p>\n","protected":false},"excerpt":{"rendered":"<p>Segunda-feira \u00e9 um bom dia para comemorar o Dia dos Namorados? Se voc\u00ea achar que n\u00e3o, h\u00e1 outras op\u00e7\u00f5es. Este ano, alguns estabelecimentos multiplicaram o afeto e oferecem mais de uma noite de prazer. Quer conferir? * O Limoncello (402 Sul), lindamente decorado, d\u00e1 in\u00edcio hoje ao tema Amore mio abrindo todas as noites at\u00e9 segunda, quando violino far\u00e1 o [&hellip;]<\/p>\n","protected":false},"author":54,"featured_media":1338,"comment_status":"open","ping_status":"open","sticky":false,"template":"","format":"standard","meta":{"footnotes":""},"categories":[1],"tags":[],"class_list":["post-1337","post","type-post","status-publish","format-standard","has-post-thumbnail","hentry","category-sem-categoria"],"_links":{"self":[{"href":"https:\/\/blogs.correiobraziliense.com.br\/lianasabo\/wp-json\/wp\/v2\/posts\/1337","targetHints":{"allow":["GET"]}}],"collection":[{"href":"https:\/\/blogs.correiobraziliense.com.br\/lianasabo\/wp-json\/wp\/v2\/posts"}],"about":[{"href":"https:\/\/blogs.correiobraziliense.com.br\/lianasabo\/wp-json\/wp\/v2\/types\/post"}],"author":[{"embeddable":true,"href":"https:\/\/blogs.correiobraziliense.com.br\/lianasabo\/wp-json\/wp\/v2\/users\/54"}],"replies":[{"embeddable":true,"href":"https:\/\/blogs.correiobraziliense.com.br\/lianasabo\/wp-json\/wp\/v2\/comments?post=1337"}],"version-history":[{"count":3,"href":"https:\/\/blogs.correiobraziliense.com.br\/lianasabo\/wp-json\/wp\/v2\/posts\/1337\/revisions"}],"predecessor-version":[{"id":1347,"href":"https:\/\/blogs.correiobraziliense.com.br\/lianasabo\/wp-json\/wp\/v2\/posts\/1337\/revisions\/1347"}],"wp:featuredmedia":[{"embeddable":true,"href":"https:\/\/blogs.correiobraziliense.com.br\/lianasabo\/wp-json\/wp\/v2\/media\/1338"}],"wp:attachment":[{"href":"https:\/\/blogs.correiobraziliense.com.br\/lianasabo\/wp-json\/wp\/v2\/media?parent=1337"}],"wp:term":[{"taxonomy":"category","embeddable":true,"href":"https:\/\/blogs.correiobraziliense.com.br\/lianasabo\/wp-json\/wp\/v2\/categories?post=1337"},{"taxonomy":"post_tag","embeddable":true,"href":"https:\/\/blogs.correiobraziliense.com.br\/lianasabo\/wp-json\/wp\/v2\/tags?post=1337"}],"curies":[{"name":"wp","href":"https:\/\/api.w.org\/{rel}","templated":true}]}}