{"id":1326,"date":"2017-06-02T10:00:05","date_gmt":"2017-06-02T13:00:05","guid":{"rendered":"https:\/\/blogs.correiobraziliense.com.br\/lianasabo\/?p=1326"},"modified":"2017-06-01T17:17:55","modified_gmt":"2017-06-01T20:17:55","slug":"raquel-amaral-vai-fazer-estagio-no-mani-com-helena-rizzo","status":"publish","type":"post","link":"https:\/\/blogs.correiobraziliense.com.br\/lianasabo\/raquel-amaral-vai-fazer-estagio-no-mani-com-helena-rizzo\/","title":{"rendered":"Raquel Amaral vai fazer est\u00e1gio no Man\u00ed, com Helena Rizzo"},"content":{"rendered":"<p>Ap\u00f3s seis anos atuando como personal chef em Bras\u00edlia, Raquel Amaral ganhou o devido reconhecimento ao participar do programa <i>The taste Brasil<\/i>, no ar no GNT. A competi\u00e7\u00e3o gastron\u00f4mica tem como mentores os chefs Claude Troisgros, Felipe Bronze, Andr\u00e9 Mifano e Helena Rizzo, de quem a cearense se afei\u00e7oou depois de ser escolhida para integrar a equipe.<\/p>\n<p>A rec\u00edproca foi verdadeira e a comandante do paulistano Man\u00ed, eleita a melhor chef mulher do mundo em 2014 por publica\u00e7\u00e3o especializada, convidou Raquel para participar do Lab. Man\u00ed. Assim \u00e9 chamado um projeto do restaurante detentor de uma estrela do Guia Michelin em que os cozinheiros passam por v\u00e1rias etapas, incluindo pra\u00e7as frias e quentes.<\/p>\n<p>Raquel Amaral desembarca em S\u00e3o Paulo no dia 3 de julho e permanece na cidade cinza por pelo menos quatro meses. Antes disso, faz visitas frequentes ao Domaine Bar a Vin, wine bar na 104 Sul no qual atuou como consultora. \u201cMeu forte \u00e9 o sabor, o tempero, a criatividade. Helena Rizzo me convidou para ensinar as t\u00e9cnicas\u201d, comemora a chef. (<b>Rebeca Oliveira<\/b>)<\/p>\n","protected":false},"excerpt":{"rendered":"<p>Ap\u00f3s seis anos atuando como personal chef em Bras\u00edlia, Raquel Amaral ganhou o devido reconhecimento ao participar do programa The taste Brasil, no ar no GNT. A competi\u00e7\u00e3o gastron\u00f4mica tem como mentores os chefs Claude Troisgros, Felipe Bronze, Andr\u00e9 Mifano e Helena Rizzo, de quem a cearense se afei\u00e7oou depois de ser escolhida para integrar a equipe. A rec\u00edproca foi [&hellip;]<\/p>\n","protected":false},"author":54,"featured_media":1327,"comment_status":"open","ping_status":"open","sticky":false,"template":"","format":"standard","meta":{"footnotes":""},"categories":[1],"tags":[],"class_list":["post-1326","post","type-post","status-publish","format-standard","has-post-thumbnail","hentry","category-sem-categoria"],"_links":{"self":[{"href":"https:\/\/blogs.correiobraziliense.com.br\/lianasabo\/wp-json\/wp\/v2\/posts\/1326","targetHints":{"allow":["GET"]}}],"collection":[{"href":"https:\/\/blogs.correiobraziliense.com.br\/lianasabo\/wp-json\/wp\/v2\/posts"}],"about":[{"href":"https:\/\/blogs.correiobraziliense.com.br\/lianasabo\/wp-json\/wp\/v2\/types\/post"}],"author":[{"embeddable":true,"href":"https:\/\/blogs.correiobraziliense.com.br\/lianasabo\/wp-json\/wp\/v2\/users\/54"}],"replies":[{"embeddable":true,"href":"https:\/\/blogs.correiobraziliense.com.br\/lianasabo\/wp-json\/wp\/v2\/comments?post=1326"}],"version-history":[{"count":1,"href":"https:\/\/blogs.correiobraziliense.com.br\/lianasabo\/wp-json\/wp\/v2\/posts\/1326\/revisions"}],"predecessor-version":[{"id":1328,"href":"https:\/\/blogs.correiobraziliense.com.br\/lianasabo\/wp-json\/wp\/v2\/posts\/1326\/revisions\/1328"}],"wp:featuredmedia":[{"embeddable":true,"href":"https:\/\/blogs.correiobraziliense.com.br\/lianasabo\/wp-json\/wp\/v2\/media\/1327"}],"wp:attachment":[{"href":"https:\/\/blogs.correiobraziliense.com.br\/lianasabo\/wp-json\/wp\/v2\/media?parent=1326"}],"wp:term":[{"taxonomy":"category","embeddable":true,"href":"https:\/\/blogs.correiobraziliense.com.br\/lianasabo\/wp-json\/wp\/v2\/categories?post=1326"},{"taxonomy":"post_tag","embeddable":true,"href":"https:\/\/blogs.correiobraziliense.com.br\/lianasabo\/wp-json\/wp\/v2\/tags?post=1326"}],"curies":[{"name":"wp","href":"https:\/\/api.w.org\/{rel}","templated":true}]}}