{"id":1322,"date":"2017-06-02T09:30:45","date_gmt":"2017-06-02T12:30:45","guid":{"rendered":"https:\/\/blogs.correiobraziliense.com.br\/lianasabo\/?p=1322"},"modified":"2017-06-01T17:07:53","modified_gmt":"2017-06-01T20:07:53","slug":"tres-programas-gastronomicos-em-sampa","status":"publish","type":"post","link":"https:\/\/blogs.correiobraziliense.com.br\/lianasabo\/tres-programas-gastronomicos-em-sampa\/","title":{"rendered":"Tr\u00eas programas gastron\u00f4micos em Sampa"},"content":{"rendered":"<p>O brasiliense amante de vinho que for a S\u00e3o Paulo na pr\u00f3xima semana vai ter a chance de participar de tr\u00eas eventos atraentes: a Expovinis 2017; a Fispal, com destaque para novas tecnologias, sorvetes e caf\u00e9; e a 1\u00aa S\u00e3o Paulo Wine Week, cujo objetivo \u00e9 aumentar o conhecimento e consumo de tintos, brancos, ros\u00e9s e espumantes em alguns dos mais renomados restaurantes da capital paulista.<\/p>\n<p>O primeiro \u00e9 considerado o mais importante sal\u00e3o do vinho da Am\u00e9rica Latina e teve de enfrentar o atual cen\u00e1rio econ\u00f4mico para realizar sua 21\u00aa edi\u00e7\u00e3o, entre 6 e 8 de junho. Al\u00e9m de oferecer provas da bebida, ele vai promover discuss\u00f5es sobre o segmento encabe\u00e7adas por importantes nomes do mundo do vinho. Produtores de Portugal, Chile, It\u00e1lia, Eslov\u00eania, Reino Unido, Argentina e Espanha estar\u00e3o presente al\u00e9m de importadoras.<\/p>\n<h2>Branco brasileiro<\/h2>\n<p>Na \u00e1rea do Brasil, o Ibravin re\u00fane em espa\u00e7o coletivo as marcas Peterlongo, Casa Venturini, Rasip\/RAR, Don Guerino \u2014 que lan\u00e7ar\u00e1 o primeiro Torront\u00e9s brasileiro \u2014, Batalha, Aracuri, Capoani, Zanella, Don Candido, Cavalleri, Sanjo, Lucano, Campos de Cima, Marco Luigi e Dom Pedrito, al\u00e9m da catarinense Peric\u00f3 e da ga\u00facha Laurentia, que participam com espa\u00e7os pr\u00f3prios. A feira ser\u00e1 realizada no Pavilh\u00e3o Branco do Expo Center Norte, simultaneamente \u00e0 Fispal. Mais informa\u00e7\u00f5es no site <a href=\"http:\/\/www.expovinis.com.br\/\"><i>www.expovinis.com.br<\/i><\/a> enquanto os participantes do Wine Week, que envolve restaurantes entre os dias 5 e 11, podem ser conferidos no site: <i>www.spww.com.br\/expovinis<\/i>.<\/p>\n","protected":false},"excerpt":{"rendered":"<p>O brasiliense amante de vinho que for a S\u00e3o Paulo na pr\u00f3xima semana vai ter a chance de participar de tr\u00eas eventos atraentes: a Expovinis 2017; a Fispal, com destaque para novas tecnologias, sorvetes e caf\u00e9; e a 1\u00aa S\u00e3o Paulo Wine Week, cujo objetivo \u00e9 aumentar o conhecimento e consumo de tintos, brancos, ros\u00e9s e espumantes em alguns dos [&hellip;]<\/p>\n","protected":false},"author":54,"featured_media":0,"comment_status":"open","ping_status":"open","sticky":false,"template":"","format":"standard","meta":{"footnotes":""},"categories":[1],"tags":[],"class_list":["post-1322","post","type-post","status-publish","format-standard","hentry","category-sem-categoria"],"_links":{"self":[{"href":"https:\/\/blogs.correiobraziliense.com.br\/lianasabo\/wp-json\/wp\/v2\/posts\/1322","targetHints":{"allow":["GET"]}}],"collection":[{"href":"https:\/\/blogs.correiobraziliense.com.br\/lianasabo\/wp-json\/wp\/v2\/posts"}],"about":[{"href":"https:\/\/blogs.correiobraziliense.com.br\/lianasabo\/wp-json\/wp\/v2\/types\/post"}],"author":[{"embeddable":true,"href":"https:\/\/blogs.correiobraziliense.com.br\/lianasabo\/wp-json\/wp\/v2\/users\/54"}],"replies":[{"embeddable":true,"href":"https:\/\/blogs.correiobraziliense.com.br\/lianasabo\/wp-json\/wp\/v2\/comments?post=1322"}],"version-history":[{"count":1,"href":"https:\/\/blogs.correiobraziliense.com.br\/lianasabo\/wp-json\/wp\/v2\/posts\/1322\/revisions"}],"predecessor-version":[{"id":1323,"href":"https:\/\/blogs.correiobraziliense.com.br\/lianasabo\/wp-json\/wp\/v2\/posts\/1322\/revisions\/1323"}],"wp:attachment":[{"href":"https:\/\/blogs.correiobraziliense.com.br\/lianasabo\/wp-json\/wp\/v2\/media?parent=1322"}],"wp:term":[{"taxonomy":"category","embeddable":true,"href":"https:\/\/blogs.correiobraziliense.com.br\/lianasabo\/wp-json\/wp\/v2\/categories?post=1322"},{"taxonomy":"post_tag","embeddable":true,"href":"https:\/\/blogs.correiobraziliense.com.br\/lianasabo\/wp-json\/wp\/v2\/tags?post=1322"}],"curies":[{"name":"wp","href":"https:\/\/api.w.org\/{rel}","templated":true}]}}