{"id":1307,"date":"2017-05-26T10:20:57","date_gmt":"2017-05-26T13:20:57","guid":{"rendered":"https:\/\/blogs.correiobraziliense.com.br\/lianasabo\/?p=1307"},"modified":"2017-05-25T15:38:02","modified_gmt":"2017-05-25T18:38:02","slug":"casapark-gourmet-reune-18-expositores-da-gastronomia-artesanal","status":"publish","type":"post","link":"https:\/\/blogs.correiobraziliense.com.br\/lianasabo\/casapark-gourmet-reune-18-expositores-da-gastronomia-artesanal\/","title":{"rendered":"CasaPark Gourmet re\u00fane 18 expositores da gastronomia artesanal"},"content":{"rendered":"<p>A produ\u00e7\u00e3o artesanal nacional est\u00e1 em alta na gastronomia. Por isso, foi escolhida como tema central da edi\u00e7\u00e3o do CasaPark Gourmet realizada at\u00e9 domingo, sob o comando de Luciana Alcamim. N\u00e3o faltar\u00e3o nos estandes dos 18 expositores queijos artesanais brasileiros, vinhos nacionais, lingui\u00e7as caseiras, azeites, molhos, ch\u00e1s, brownies, doce de leite, cacha\u00e7a, entre outros.<\/p>\n<p>Al\u00e9m de poder comprar esses produtos, o p\u00fablico ter\u00e1 a oportunidade de aprender com profissionais renomados da cidade e do Brasil, nas aulas-show conduzidas pelos locais Mara Alcamim (Universal Diner), Gil Guimar\u00e3es (Parrilla Burguer), Eduardo Nobre (IVV Swinebar) e Maria Am\u00e9lia (Maria Am\u00e9lia Doces) e pelos nacionais C\u00e9sar Santos (Oficina do Sabor \u2013 PE), Auric\u00e9lio Rom\u00e3o (Varandas e Cacimba Bistr\u00f4 \u2013 Fernando de Noronha) e Larissa Lob\u00e3o (FIT Chef TV).<\/p>\n<p>As inscri\u00e7\u00f5es para as oficinas podem ser feitas pelo site http:\/\/gourmet.casapark.com.br\/, a R$ 20, por pessoa. J\u00e1 a feirinha estar\u00e1 montada hoje e amanh\u00e3, das 12h \u00e0s 22h; e domingo, das 12h \u00e0s 20h.<\/p>\n","protected":false},"excerpt":{"rendered":"<p>A produ\u00e7\u00e3o artesanal nacional est\u00e1 em alta na gastronomia. Por isso, foi escolhida como tema central da edi\u00e7\u00e3o do CasaPark Gourmet realizada at\u00e9 domingo, sob o comando de Luciana Alcamim. N\u00e3o faltar\u00e3o nos estandes dos 18 expositores queijos artesanais brasileiros, vinhos nacionais, lingui\u00e7as caseiras, azeites, molhos, ch\u00e1s, brownies, doce de leite, cacha\u00e7a, entre outros. Al\u00e9m de poder comprar esses produtos, [&hellip;]<\/p>\n","protected":false},"author":54,"featured_media":1308,"comment_status":"open","ping_status":"open","sticky":false,"template":"","format":"standard","meta":{"footnotes":""},"categories":[1],"tags":[],"class_list":["post-1307","post","type-post","status-publish","format-standard","has-post-thumbnail","hentry","category-sem-categoria"],"_links":{"self":[{"href":"https:\/\/blogs.correiobraziliense.com.br\/lianasabo\/wp-json\/wp\/v2\/posts\/1307","targetHints":{"allow":["GET"]}}],"collection":[{"href":"https:\/\/blogs.correiobraziliense.com.br\/lianasabo\/wp-json\/wp\/v2\/posts"}],"about":[{"href":"https:\/\/blogs.correiobraziliense.com.br\/lianasabo\/wp-json\/wp\/v2\/types\/post"}],"author":[{"embeddable":true,"href":"https:\/\/blogs.correiobraziliense.com.br\/lianasabo\/wp-json\/wp\/v2\/users\/54"}],"replies":[{"embeddable":true,"href":"https:\/\/blogs.correiobraziliense.com.br\/lianasabo\/wp-json\/wp\/v2\/comments?post=1307"}],"version-history":[{"count":1,"href":"https:\/\/blogs.correiobraziliense.com.br\/lianasabo\/wp-json\/wp\/v2\/posts\/1307\/revisions"}],"predecessor-version":[{"id":1309,"href":"https:\/\/blogs.correiobraziliense.com.br\/lianasabo\/wp-json\/wp\/v2\/posts\/1307\/revisions\/1309"}],"wp:featuredmedia":[{"embeddable":true,"href":"https:\/\/blogs.correiobraziliense.com.br\/lianasabo\/wp-json\/wp\/v2\/media\/1308"}],"wp:attachment":[{"href":"https:\/\/blogs.correiobraziliense.com.br\/lianasabo\/wp-json\/wp\/v2\/media?parent=1307"}],"wp:term":[{"taxonomy":"category","embeddable":true,"href":"https:\/\/blogs.correiobraziliense.com.br\/lianasabo\/wp-json\/wp\/v2\/categories?post=1307"},{"taxonomy":"post_tag","embeddable":true,"href":"https:\/\/blogs.correiobraziliense.com.br\/lianasabo\/wp-json\/wp\/v2\/tags?post=1307"}],"curies":[{"name":"wp","href":"https:\/\/api.w.org\/{rel}","templated":true}]}}