{"id":1282,"date":"2017-05-19T09:30:24","date_gmt":"2017-05-19T12:30:24","guid":{"rendered":"https:\/\/blogs.correiobraziliense.com.br\/lianasabo\/?p=1282"},"modified":"2017-05-18T16:11:10","modified_gmt":"2017-05-18T19:11:10","slug":"carne-de-bufalo-esta-na-moda","status":"publish","type":"post","link":"https:\/\/blogs.correiobraziliense.com.br\/lianasabo\/carne-de-bufalo-esta-na-moda\/","title":{"rendered":"Carne de b\u00fafalo est\u00e1 na moda!"},"content":{"rendered":"<p>Identificada no neg\u00f3cio pecu\u00e1rio como a carne com 40% menos colesterol, 12 vezes menos gordura e 55% menos caloria, o b\u00fafalo est\u00e1 na moda. Quem aposta nisto \u00e9 a dupla Marcos Guilherme e Gustavo Eg\u00edlio, criadora da marca Buba Beef, que surgiu em mar\u00e7o com mais de 10 cortes no mercado.<\/p>\n<p>O rebanho \u2014 cerca de 300 cabe\u00e7as \u2014 \u00e9 criado nos arredores de S\u00e3o Sebasti\u00e3o em regime fechado com alimenta\u00e7\u00e3o org\u00e2nica e abatido no frigor\u00edfico Nissei, no SAAN, dentro de t\u00e9cnicas modernas. \u201cA carne de b\u00fafalo ainda tem 11% a mais de prote\u00ednas\u201d, completa Marcos Guilherme, que cuida da comercializa\u00e7\u00e3o e ficou muito satisfeito com a receptividade que o produto teve no Festival de Churrasco, realizado no Bras\u00edlia Palace.<\/p>\n<p>Os cortes s\u00e3o os mesmos do gado bovino, como picanha, cujo pre\u00e7o final \u00e9 R$ 39,90 o quilo, assado de tiras, fraldinha, prime ribe, bife ancho, T-Bone, bife de chorizo, cox\u00e3o mole, contra-fil\u00e9 e patinho. Al\u00e9m de carme mo\u00edda, de alm\u00f4ndegas e hamb\u00fargueres j\u00e1 temperados por Gustavo Eg\u00edlio, que \u00e9 chef. Mais informa\u00e7\u00f5es pelo telefone 98213-2092.<\/p>\n","protected":false},"excerpt":{"rendered":"<p>Identificada no neg\u00f3cio pecu\u00e1rio como a carne com 40% menos colesterol, 12 vezes menos gordura e 55% menos caloria, o b\u00fafalo est\u00e1 na moda. Quem aposta nisto \u00e9 a dupla Marcos Guilherme e Gustavo Eg\u00edlio, criadora da marca Buba Beef, que surgiu em mar\u00e7o com mais de 10 cortes no mercado. O rebanho \u2014 cerca de 300 cabe\u00e7as \u2014 \u00e9 [&hellip;]<\/p>\n","protected":false},"author":54,"featured_media":1283,"comment_status":"open","ping_status":"open","sticky":false,"template":"","format":"standard","meta":{"footnotes":""},"categories":[1],"tags":[],"class_list":["post-1282","post","type-post","status-publish","format-standard","has-post-thumbnail","hentry","category-sem-categoria"],"_links":{"self":[{"href":"https:\/\/blogs.correiobraziliense.com.br\/lianasabo\/wp-json\/wp\/v2\/posts\/1282","targetHints":{"allow":["GET"]}}],"collection":[{"href":"https:\/\/blogs.correiobraziliense.com.br\/lianasabo\/wp-json\/wp\/v2\/posts"}],"about":[{"href":"https:\/\/blogs.correiobraziliense.com.br\/lianasabo\/wp-json\/wp\/v2\/types\/post"}],"author":[{"embeddable":true,"href":"https:\/\/blogs.correiobraziliense.com.br\/lianasabo\/wp-json\/wp\/v2\/users\/54"}],"replies":[{"embeddable":true,"href":"https:\/\/blogs.correiobraziliense.com.br\/lianasabo\/wp-json\/wp\/v2\/comments?post=1282"}],"version-history":[{"count":1,"href":"https:\/\/blogs.correiobraziliense.com.br\/lianasabo\/wp-json\/wp\/v2\/posts\/1282\/revisions"}],"predecessor-version":[{"id":1284,"href":"https:\/\/blogs.correiobraziliense.com.br\/lianasabo\/wp-json\/wp\/v2\/posts\/1282\/revisions\/1284"}],"wp:featuredmedia":[{"embeddable":true,"href":"https:\/\/blogs.correiobraziliense.com.br\/lianasabo\/wp-json\/wp\/v2\/media\/1283"}],"wp:attachment":[{"href":"https:\/\/blogs.correiobraziliense.com.br\/lianasabo\/wp-json\/wp\/v2\/media?parent=1282"}],"wp:term":[{"taxonomy":"category","embeddable":true,"href":"https:\/\/blogs.correiobraziliense.com.br\/lianasabo\/wp-json\/wp\/v2\/categories?post=1282"},{"taxonomy":"post_tag","embeddable":true,"href":"https:\/\/blogs.correiobraziliense.com.br\/lianasabo\/wp-json\/wp\/v2\/tags?post=1282"}],"curies":[{"name":"wp","href":"https:\/\/api.w.org\/{rel}","templated":true}]}}