{"id":1262,"date":"2017-05-20T11:00:11","date_gmt":"2017-05-20T14:00:11","guid":{"rendered":"https:\/\/blogs.correiobraziliense.com.br\/lianasabo\/?p=1262"},"modified":"2017-05-12T11:30:15","modified_gmt":"2017-05-12T14:30:15","slug":"chefs-nos-eixos-realiza-oitava-edicao-neste-domingo-na-asa-sul","status":"publish","type":"post","link":"https:\/\/blogs.correiobraziliense.com.br\/lianasabo\/chefs-nos-eixos-realiza-oitava-edicao-neste-domingo-na-asa-sul\/","title":{"rendered":"Chefs nos Eixos realiza a oitava edi\u00e7\u00e3o neste domingo, na Asa Sul"},"content":{"rendered":"<p>Cervejas, vinhos e drinques especiais ganham setor pr\u00f3prio no evento Chefs nos Eixos, que realiza a oitava edi\u00e7\u00e3o, neste domingo (21\/5) na altura da 108\/208 Sul (perto da esta\u00e7\u00e3o do metr\u00f4), o que vai facilitar a busca do consumidor. Outra inova\u00e7\u00e3o ser\u00e1 o setor de Divers\u00f5es Sul\/Norte, caracterizado por SDS\/N, que ter\u00e1 atra\u00e7\u00f5es para crian\u00e7as e animais de estima\u00e7\u00e3o.<\/p>\n<p>J\u00e1 est\u00e3o confirmadas as presen\u00e7as dos chefs Marco Espinoza, Mara Alcamim, Marcello Piucco, Gil Guimar\u00e3es, David Lechtig e Tonico Lichtsztejn, que se apresentaram em anos anteriores, al\u00e9m dos estreantes Leonardo Bezerra, do Mayuu, novo japa de \u00c1guas Claras e de Simone Garcia, do Jam\u00f3n Jam\u00f3n.<\/p>\n<h2>Bate papo<\/h2>\n<p>Chama-se Pra\u00e7a Food Talk o local destinado a um bate-papo sobre gastronomia com convidados especiais. Outra \u00e1rea importante ser\u00e1 a do mercadinho com exposi\u00e7\u00e3o e venda de produtos gourmets. Al\u00e9m de ir \u00e0s compras, voc\u00ea tamb\u00e9m poder\u00e1 cuidar da beleza com massagem que ficar\u00e1 concentrada na \u00e1rea de sa\u00fade e bem estar, na qual profissionais poder\u00e3o fazer a avalia\u00e7\u00e3o f\u00edsica.<\/p>\n","protected":false},"excerpt":{"rendered":"<p>Cervejas, vinhos e drinques especiais ganham setor pr\u00f3prio no evento Chefs nos Eixos, que realiza a oitava edi\u00e7\u00e3o, neste domingo (21\/5) na altura da 108\/208 Sul (perto da esta\u00e7\u00e3o do metr\u00f4), o que vai facilitar a busca do consumidor. Outra inova\u00e7\u00e3o ser\u00e1 o setor de Divers\u00f5es Sul\/Norte, caracterizado por SDS\/N, que ter\u00e1 atra\u00e7\u00f5es para crian\u00e7as e animais de estima\u00e7\u00e3o. J\u00e1 [&hellip;]<\/p>\n","protected":false},"author":54,"featured_media":1263,"comment_status":"open","ping_status":"open","sticky":false,"template":"","format":"standard","meta":{"footnotes":""},"categories":[1],"tags":[],"class_list":["post-1262","post","type-post","status-publish","format-standard","has-post-thumbnail","hentry","category-sem-categoria"],"_links":{"self":[{"href":"https:\/\/blogs.correiobraziliense.com.br\/lianasabo\/wp-json\/wp\/v2\/posts\/1262","targetHints":{"allow":["GET"]}}],"collection":[{"href":"https:\/\/blogs.correiobraziliense.com.br\/lianasabo\/wp-json\/wp\/v2\/posts"}],"about":[{"href":"https:\/\/blogs.correiobraziliense.com.br\/lianasabo\/wp-json\/wp\/v2\/types\/post"}],"author":[{"embeddable":true,"href":"https:\/\/blogs.correiobraziliense.com.br\/lianasabo\/wp-json\/wp\/v2\/users\/54"}],"replies":[{"embeddable":true,"href":"https:\/\/blogs.correiobraziliense.com.br\/lianasabo\/wp-json\/wp\/v2\/comments?post=1262"}],"version-history":[{"count":1,"href":"https:\/\/blogs.correiobraziliense.com.br\/lianasabo\/wp-json\/wp\/v2\/posts\/1262\/revisions"}],"predecessor-version":[{"id":1264,"href":"https:\/\/blogs.correiobraziliense.com.br\/lianasabo\/wp-json\/wp\/v2\/posts\/1262\/revisions\/1264"}],"wp:featuredmedia":[{"embeddable":true,"href":"https:\/\/blogs.correiobraziliense.com.br\/lianasabo\/wp-json\/wp\/v2\/media\/1263"}],"wp:attachment":[{"href":"https:\/\/blogs.correiobraziliense.com.br\/lianasabo\/wp-json\/wp\/v2\/media?parent=1262"}],"wp:term":[{"taxonomy":"category","embeddable":true,"href":"https:\/\/blogs.correiobraziliense.com.br\/lianasabo\/wp-json\/wp\/v2\/categories?post=1262"},{"taxonomy":"post_tag","embeddable":true,"href":"https:\/\/blogs.correiobraziliense.com.br\/lianasabo\/wp-json\/wp\/v2\/tags?post=1262"}],"curies":[{"name":"wp","href":"https:\/\/api.w.org\/{rel}","templated":true}]}}