{"id":1259,"date":"2017-05-17T08:18:48","date_gmt":"2017-05-17T11:18:48","guid":{"rendered":"https:\/\/blogs.correiobraziliense.com.br\/lianasabo\/?p=1259"},"modified":"2017-05-12T11:23:40","modified_gmt":"2017-05-12T14:23:40","slug":"vai-comecar-o-festival-brasil-sabor","status":"publish","type":"post","link":"https:\/\/blogs.correiobraziliense.com.br\/lianasabo\/vai-comecar-o-festival-brasil-sabor\/","title":{"rendered":"Vai come\u00e7ar o festival Sabor Brasil!"},"content":{"rendered":"<p>Por 18 dias \u2013 de 18 de maio a 4 de junho \u2013 o brasiliense vai poder curtir o festival Sabor Brasil, que realiza este ano a sua 12\u00aa edi\u00e7\u00e3o. O tem escolhido \u00e9 Original do Brasil \u2013 compartilhando sabores que tem em vista propor refei\u00e7\u00f5es com pratos fartos que possam ser divididos numa tend\u00eancia muito atual da gastronomia.<\/p>\n<p>Como sempre h\u00e1 tr\u00eas faixas de pre\u00e7os, nas quais cada um escolhe a que melhor cabe no bolso em termos de custo-benef\u00edcio. Assim os pratos custar\u00e3o R$ 49, R$ 69 e R$ 89. Mais de 80 restaurantes participam do evento que \u00e9 organizado pela Abrasel DF.<\/p>\n<p>Para o presidente da associa\u00e7\u00e3o, Rodrigo Freire, o tema este ano veio de uma vis\u00e3o de reconhecer o produtor rural e aproxim\u00e1-lo do restaurante. \u201cMuitas vezes as pessoas s\u00f3 valorizam o que vem de longe por uma falta de conhecimento do que \u00e9 produzido ali, praticamente na porta da casa dela. Nossa proposta \u00e9 resgatar a cultura dos pratos originais que nasceram em cada estado do pa\u00eds\u201d, afirmou. O evento ocorre simultaneamente em 22 estados.<\/p>\n","protected":false},"excerpt":{"rendered":"<p>Por 18 dias \u2013 de 18 de maio a 4 de junho \u2013 o brasiliense vai poder curtir o festival Sabor Brasil, que realiza este ano a sua 12\u00aa edi\u00e7\u00e3o. O tem escolhido \u00e9 Original do Brasil \u2013 compartilhando sabores que tem em vista propor refei\u00e7\u00f5es com pratos fartos que possam ser divididos numa tend\u00eancia muito atual da gastronomia. Como [&hellip;]<\/p>\n","protected":false},"author":54,"featured_media":1260,"comment_status":"open","ping_status":"open","sticky":false,"template":"","format":"standard","meta":{"footnotes":""},"categories":[1],"tags":[],"class_list":["post-1259","post","type-post","status-publish","format-standard","has-post-thumbnail","hentry","category-sem-categoria"],"_links":{"self":[{"href":"https:\/\/blogs.correiobraziliense.com.br\/lianasabo\/wp-json\/wp\/v2\/posts\/1259","targetHints":{"allow":["GET"]}}],"collection":[{"href":"https:\/\/blogs.correiobraziliense.com.br\/lianasabo\/wp-json\/wp\/v2\/posts"}],"about":[{"href":"https:\/\/blogs.correiobraziliense.com.br\/lianasabo\/wp-json\/wp\/v2\/types\/post"}],"author":[{"embeddable":true,"href":"https:\/\/blogs.correiobraziliense.com.br\/lianasabo\/wp-json\/wp\/v2\/users\/54"}],"replies":[{"embeddable":true,"href":"https:\/\/blogs.correiobraziliense.com.br\/lianasabo\/wp-json\/wp\/v2\/comments?post=1259"}],"version-history":[{"count":1,"href":"https:\/\/blogs.correiobraziliense.com.br\/lianasabo\/wp-json\/wp\/v2\/posts\/1259\/revisions"}],"predecessor-version":[{"id":1261,"href":"https:\/\/blogs.correiobraziliense.com.br\/lianasabo\/wp-json\/wp\/v2\/posts\/1259\/revisions\/1261"}],"wp:featuredmedia":[{"embeddable":true,"href":"https:\/\/blogs.correiobraziliense.com.br\/lianasabo\/wp-json\/wp\/v2\/media\/1260"}],"wp:attachment":[{"href":"https:\/\/blogs.correiobraziliense.com.br\/lianasabo\/wp-json\/wp\/v2\/media?parent=1259"}],"wp:term":[{"taxonomy":"category","embeddable":true,"href":"https:\/\/blogs.correiobraziliense.com.br\/lianasabo\/wp-json\/wp\/v2\/categories?post=1259"},{"taxonomy":"post_tag","embeddable":true,"href":"https:\/\/blogs.correiobraziliense.com.br\/lianasabo\/wp-json\/wp\/v2\/tags?post=1259"}],"curies":[{"name":"wp","href":"https:\/\/api.w.org\/{rel}","templated":true}]}}