{"id":1251,"date":"2017-05-12T11:00:02","date_gmt":"2017-05-12T14:00:02","guid":{"rendered":"https:\/\/blogs.correiobraziliense.com.br\/lianasabo\/?p=1251"},"modified":"2017-05-11T18:49:19","modified_gmt":"2017-05-11T21:49:19","slug":"saiba-onde-levar-sua-mae-no-dia-dela","status":"publish","type":"post","link":"https:\/\/blogs.correiobraziliense.com.br\/lianasabo\/saiba-onde-levar-sua-mae-no-dia-dela\/","title":{"rendered":"Saiba onde levar sua m\u00e3e no dia dela!"},"content":{"rendered":"<ul>\n<li>Kerley Horikawa anuncia um buf\u00ea \u201cultra especial\u201d no Dom Francisco P\u00e1tio para este domingo com sushi, ceviche de polvo, bacalhau \u00e0 portuguesa, costelinha de porco \u00e0 pururuca, fil\u00e9-mignon ao funghi e ballotine de frango ao vinho branco e champignon. Tem mais: risoto de lim\u00e3o siciliano com am\u00eandoas, penne ao molho de salm\u00e3o e alho-porr\u00f3, tortinhas de camar\u00e3o, batatas italianas e frutas da esta\u00e7\u00e3o, al\u00e9m das saladas. Sai por R$ 69,90, mas as mulheres pagam R$ 49,90 at\u00e9 o fim do m\u00eas.<\/li>\n<\/ul>\n<ul>\n<ul>\n<li><a href=\"https:\/\/blogs.correiobraziliense.com.br\/lianasabo\/wp-content\/uploads\/sites\/25\/2017\/05\/blog_oliver-1.jpg\" rel=\"attachment wp-att-1253\"><img loading=\"lazy\" decoding=\"async\" class=\"alignleft size-medium wp-image-1253\" src=\"https:\/\/blogs.correiobraziliense.com.br\/lianasabo\/wp-content\/uploads\/sites\/25\/2017\/05\/blog_oliver-1-300x163.jpg\" alt=\"blog_oliver\" width=\"300\" height=\"163\" srcset=\"https:\/\/blogs.correiobraziliense.com.br\/lianasabo\/wp-content\/uploads\/sites\/25\/2017\/05\/blog_oliver-1-300x163.jpg 300w, https:\/\/blogs.correiobraziliense.com.br\/lianasabo\/wp-content\/uploads\/sites\/25\/2017\/05\/blog_oliver-1-768x416.jpg 768w, https:\/\/blogs.correiobraziliense.com.br\/lianasabo\/wp-content\/uploads\/sites\/25\/2017\/05\/blog_oliver-1-1024x555.jpg 1024w, https:\/\/blogs.correiobraziliense.com.br\/lianasabo\/wp-content\/uploads\/sites\/25\/2017\/05\/blog_oliver-1-550x298.jpg 550w, https:\/\/blogs.correiobraziliense.com.br\/lianasabo\/wp-content\/uploads\/sites\/25\/2017\/05\/blog_oliver-1-230x125.jpg 230w, https:\/\/blogs.correiobraziliense.com.br\/lianasabo\/wp-content\/uploads\/sites\/25\/2017\/05\/blog_oliver-1.jpg 1200w\" sizes=\"auto, (max-width: 300px) 100vw, 300px\" \/><\/a>O restaurateur Rodrigo Freire sugere levar a m\u00e3e para degustar o prato da Boa Lembran\u00e7a do Oliver, que al\u00e9m de proporcionar o sabor de ingredientes tradicionais do Par\u00e1 \u2013 uma homenagem \u00e0 origem do chef Nilson Favacho \u2013 serve de presente para ser levado para casa. Pirarucu Santar\u00e9m \u00e9 o peixe grelhado servido com pur\u00ea de car\u00e1, vinagrete de feij\u00e3o manteiguinha e crispy de couve por R$ 89. Reservas: 3323-5961.<\/li>\n<li><a href=\"https:\/\/blogs.correiobraziliense.com.br\/lianasabo\/wp-content\/uploads\/sites\/25\/2017\/05\/blog_abbraccio.jpg\" rel=\"attachment wp-att-1254\"><img loading=\"lazy\" decoding=\"async\" class=\"alignleft size-medium wp-image-1254\" src=\"https:\/\/blogs.correiobraziliense.com.br\/lianasabo\/wp-content\/uploads\/sites\/25\/2017\/05\/blog_abbraccio-300x163.jpg\" alt=\"blog_abbraccio\" width=\"300\" height=\"163\" srcset=\"https:\/\/blogs.correiobraziliense.com.br\/lianasabo\/wp-content\/uploads\/sites\/25\/2017\/05\/blog_abbraccio-300x163.jpg 300w, https:\/\/blogs.correiobraziliense.com.br\/lianasabo\/wp-content\/uploads\/sites\/25\/2017\/05\/blog_abbraccio-768x416.jpg 768w, https:\/\/blogs.correiobraziliense.com.br\/lianasabo\/wp-content\/uploads\/sites\/25\/2017\/05\/blog_abbraccio-1024x555.jpg 1024w, https:\/\/blogs.correiobraziliense.com.br\/lianasabo\/wp-content\/uploads\/sites\/25\/2017\/05\/blog_abbraccio-550x298.jpg 550w, https:\/\/blogs.correiobraziliense.com.br\/lianasabo\/wp-content\/uploads\/sites\/25\/2017\/05\/blog_abbraccio-230x125.jpg 230w, https:\/\/blogs.correiobraziliense.com.br\/lianasabo\/wp-content\/uploads\/sites\/25\/2017\/05\/blog_abbraccio.jpg 1200w\" sizes=\"auto, (max-width: 300px) 100vw, 300px\" \/><\/a>Na rede Abbraccio, o pappardelle salteado com vitelo e cogumelos ao molho Alfredo com infus\u00e3o de s\u00e1lvia, finalizado com crocantes de prosciutto por R$ 65 \u00e9 tudo de bom. Experimente ainda a sobremesa de massa folhada assada e recheada com uma combina\u00e7\u00e3o de banana com creme de avel\u00e3s. \u00c9 servida com um sorbet de maracuj\u00e1 e biscoito de pistache por R$ 29,5.<\/li>\n<li><a href=\"https:\/\/blogs.correiobraziliense.com.br\/lianasabo\/wp-content\/uploads\/sites\/25\/2017\/05\/blog_nhoque.jpg\" rel=\"attachment wp-att-1255\"><img loading=\"lazy\" decoding=\"async\" class=\"alignleft size-medium wp-image-1255\" src=\"https:\/\/blogs.correiobraziliense.com.br\/lianasabo\/wp-content\/uploads\/sites\/25\/2017\/05\/blog_nhoque-300x163.jpg\" alt=\"blog_nhoque\" width=\"300\" height=\"163\" srcset=\"https:\/\/blogs.correiobraziliense.com.br\/lianasabo\/wp-content\/uploads\/sites\/25\/2017\/05\/blog_nhoque-300x163.jpg 300w, https:\/\/blogs.correiobraziliense.com.br\/lianasabo\/wp-content\/uploads\/sites\/25\/2017\/05\/blog_nhoque-768x416.jpg 768w, https:\/\/blogs.correiobraziliense.com.br\/lianasabo\/wp-content\/uploads\/sites\/25\/2017\/05\/blog_nhoque-1024x555.jpg 1024w, https:\/\/blogs.correiobraziliense.com.br\/lianasabo\/wp-content\/uploads\/sites\/25\/2017\/05\/blog_nhoque-550x298.jpg 550w, https:\/\/blogs.correiobraziliense.com.br\/lianasabo\/wp-content\/uploads\/sites\/25\/2017\/05\/blog_nhoque-230x125.jpg 230w, https:\/\/blogs.correiobraziliense.com.br\/lianasabo\/wp-content\/uploads\/sites\/25\/2017\/05\/blog_nhoque.jpg 1200w\" sizes=\"auto, (max-width: 300px) 100vw, 300px\" \/><\/a>Inspirado pelos sabores que degustou na It\u00e1lia, onde teve um encontro com a equipe da Alma, escola internacional de alta gastronomia no Piemonte, o chef Rosario Tessier elaborou um nhoque de trufa negra e queijo de leite de ovelha meia cura por R$ 80 na trattoria que leva o seu nome. Meia por\u00e7\u00e3o pode ser servida por R$ 44,50.<\/li>\n<\/ul>\n<\/ul>\n<p>&nbsp;<\/p>\n<ul>\n<li><a href=\"https:\/\/blogs.correiobraziliense.com.br\/lianasabo\/wp-content\/uploads\/sites\/25\/2017\/05\/blog_torta.jpg\" rel=\"attachment wp-att-1256\"><img loading=\"lazy\" decoding=\"async\" class=\"alignleft size-medium wp-image-1256\" src=\"https:\/\/blogs.correiobraziliense.com.br\/lianasabo\/wp-content\/uploads\/sites\/25\/2017\/05\/blog_torta-300x163.jpg\" alt=\"blog_torta\" width=\"300\" height=\"163\" srcset=\"https:\/\/blogs.correiobraziliense.com.br\/lianasabo\/wp-content\/uploads\/sites\/25\/2017\/05\/blog_torta-300x163.jpg 300w, https:\/\/blogs.correiobraziliense.com.br\/lianasabo\/wp-content\/uploads\/sites\/25\/2017\/05\/blog_torta-768x416.jpg 768w, https:\/\/blogs.correiobraziliense.com.br\/lianasabo\/wp-content\/uploads\/sites\/25\/2017\/05\/blog_torta-1024x555.jpg 1024w, https:\/\/blogs.correiobraziliense.com.br\/lianasabo\/wp-content\/uploads\/sites\/25\/2017\/05\/blog_torta-550x298.jpg 550w, https:\/\/blogs.correiobraziliense.com.br\/lianasabo\/wp-content\/uploads\/sites\/25\/2017\/05\/blog_torta-230x125.jpg 230w, https:\/\/blogs.correiobraziliense.com.br\/lianasabo\/wp-content\/uploads\/sites\/25\/2017\/05\/blog_torta.jpg 1200w\" sizes=\"auto, (max-width: 300px) 100vw, 300px\" \/><\/a>Pensa numa massa de am\u00eandoas recheada e coberta com marzipan, creme mesclado e morangos. Assim \u00e9 o Bolo da Mam\u00e3e, cria\u00e7\u00e3o do Amor aos Peda\u00e7os, que decorou a pe\u00e7a com biscoitos de massa folhada e amarrou um la\u00e7o. Dispon\u00edvel em toda a rede, sai por R$ 108,50 o quilo.<\/li>\n<li>Outro doce incr\u00edvel \u00e9 petit g\u00e2teau de doce de leite com o qual o Grupo Madero vai presentear as m\u00e3es em seu dia. Depois de pedirem uma carne, massa, salada ou sandu\u00edche, basta mostrar a um dos atendentes que curtiram o post da rede no facebook alusivo \u00e0 data.<\/li>\n<li>Manuelzinho Pires, do Tejo, recorreu \u00e0 mem\u00f3ria afetiva para reproduzir a receita do bacalhau \u00e0 moda antiga, criada pela sua m\u00e3e Victoria Alegria Belchior no Alentejo. O sommelier cubano Eugenio Cue sugere um Chardonnay chileno para harmonizar com o vinho branco, azeite e hortel\u00e3 que temperam a posta de bacalhau, servida com batatas e br\u00f3colis por R$ 129.<\/li>\n<li><a href=\"https:\/\/blogs.correiobraziliense.com.br\/lianasabo\/wp-content\/uploads\/sites\/25\/2017\/05\/blog_tambouille.jpg\" rel=\"attachment wp-att-1257\"><img loading=\"lazy\" decoding=\"async\" class=\"alignleft size-medium wp-image-1257\" src=\"https:\/\/blogs.correiobraziliense.com.br\/lianasabo\/wp-content\/uploads\/sites\/25\/2017\/05\/blog_tambouille-300x163.jpg\" alt=\"Pascoa Tambouille 2017\" width=\"300\" height=\"163\" srcset=\"https:\/\/blogs.correiobraziliense.com.br\/lianasabo\/wp-content\/uploads\/sites\/25\/2017\/05\/blog_tambouille-300x163.jpg 300w, https:\/\/blogs.correiobraziliense.com.br\/lianasabo\/wp-content\/uploads\/sites\/25\/2017\/05\/blog_tambouille-768x416.jpg 768w, https:\/\/blogs.correiobraziliense.com.br\/lianasabo\/wp-content\/uploads\/sites\/25\/2017\/05\/blog_tambouille-1024x555.jpg 1024w, https:\/\/blogs.correiobraziliense.com.br\/lianasabo\/wp-content\/uploads\/sites\/25\/2017\/05\/blog_tambouille-550x298.jpg 550w, https:\/\/blogs.correiobraziliense.com.br\/lianasabo\/wp-content\/uploads\/sites\/25\/2017\/05\/blog_tambouille-230x125.jpg 230w, https:\/\/blogs.correiobraziliense.com.br\/lianasabo\/wp-content\/uploads\/sites\/25\/2017\/05\/blog_tambouille.jpg 1200w\" sizes=\"auto, (max-width: 300px) 100vw, 300px\" \/><\/a>O La Tambouille, no Espa\u00e7o Gourmet do ParkShopping, ter\u00e1 um menu criado especialmente para a data. O chef Waldeone Ferreira assina entrada de carpaccio Bolla ou a salada verde tropical com frutas seguida por uma entre cinco op\u00e7\u00f5es (robalo com tagliollini na manteiga; bacalhau Gadus Morhua a Lagareiro; camar\u00e3o ao molho de champanhe com arroz; bife de chorizo com fettuccine Alfredo; risoto de alho por\u00f3; ou medalh\u00e3o em crosta de am\u00eandoas com risoto de funghi). Para terminar, tiramissu (foto). O menu completo fica por R$ 98.<\/li>\n<\/ul>\n","protected":false},"excerpt":{"rendered":"<p>Kerley Horikawa anuncia um buf\u00ea \u201cultra especial\u201d no Dom Francisco P\u00e1tio para este domingo com sushi, ceviche de polvo, bacalhau \u00e0 portuguesa, costelinha de porco \u00e0 pururuca, fil\u00e9-mignon ao funghi e ballotine de frango ao vinho branco e champignon. Tem mais: risoto de lim\u00e3o siciliano com am\u00eandoas, penne ao molho de salm\u00e3o e alho-porr\u00f3, tortinhas de camar\u00e3o, batatas italianas e [&hellip;]<\/p>\n","protected":false},"author":54,"featured_media":1252,"comment_status":"open","ping_status":"open","sticky":false,"template":"","format":"standard","meta":{"footnotes":""},"categories":[1],"tags":[],"class_list":["post-1251","post","type-post","status-publish","format-standard","has-post-thumbnail","hentry","category-sem-categoria"],"_links":{"self":[{"href":"https:\/\/blogs.correiobraziliense.com.br\/lianasabo\/wp-json\/wp\/v2\/posts\/1251","targetHints":{"allow":["GET"]}}],"collection":[{"href":"https:\/\/blogs.correiobraziliense.com.br\/lianasabo\/wp-json\/wp\/v2\/posts"}],"about":[{"href":"https:\/\/blogs.correiobraziliense.com.br\/lianasabo\/wp-json\/wp\/v2\/types\/post"}],"author":[{"embeddable":true,"href":"https:\/\/blogs.correiobraziliense.com.br\/lianasabo\/wp-json\/wp\/v2\/users\/54"}],"replies":[{"embeddable":true,"href":"https:\/\/blogs.correiobraziliense.com.br\/lianasabo\/wp-json\/wp\/v2\/comments?post=1251"}],"version-history":[{"count":1,"href":"https:\/\/blogs.correiobraziliense.com.br\/lianasabo\/wp-json\/wp\/v2\/posts\/1251\/revisions"}],"predecessor-version":[{"id":1258,"href":"https:\/\/blogs.correiobraziliense.com.br\/lianasabo\/wp-json\/wp\/v2\/posts\/1251\/revisions\/1258"}],"wp:featuredmedia":[{"embeddable":true,"href":"https:\/\/blogs.correiobraziliense.com.br\/lianasabo\/wp-json\/wp\/v2\/media\/1252"}],"wp:attachment":[{"href":"https:\/\/blogs.correiobraziliense.com.br\/lianasabo\/wp-json\/wp\/v2\/media?parent=1251"}],"wp:term":[{"taxonomy":"category","embeddable":true,"href":"https:\/\/blogs.correiobraziliense.com.br\/lianasabo\/wp-json\/wp\/v2\/categories?post=1251"},{"taxonomy":"post_tag","embeddable":true,"href":"https:\/\/blogs.correiobraziliense.com.br\/lianasabo\/wp-json\/wp\/v2\/tags?post=1251"}],"curies":[{"name":"wp","href":"https:\/\/api.w.org\/{rel}","templated":true}]}}