{"id":1249,"date":"2017-05-11T10:00:19","date_gmt":"2017-05-11T13:00:19","guid":{"rendered":"https:\/\/blogs.correiobraziliense.com.br\/lianasabo\/?p=1249"},"modified":"2017-05-11T18:31:37","modified_gmt":"2017-05-11T21:31:37","slug":"festival-bananada-em-goiania-tem-gastronomia-local-alem-de-rock","status":"publish","type":"post","link":"https:\/\/blogs.correiobraziliense.com.br\/lianasabo\/festival-bananada-em-goiania-tem-gastronomia-local-alem-de-rock\/","title":{"rendered":"Festival Bananada, em Goi\u00e2nia, tem gastronomia local, al\u00e9m de rock!"},"content":{"rendered":"<p>A chef goiana Emiliana Azambuja comanda neste fim de semana, em Goi\u00e2nia, o Circuito Gastron\u00f4mico, evento idealizado por ela h\u00e1 cinco anos, cujo ponto alto \u00e9 o Festival Bananada, no qual chefs finalistas v\u00e3o disputar domingo o melhor card\u00e1pio inventivo no Centro Cultural Oscar Niemeyer.<\/p>\n<p>\u201c\u00c9 um projeto para desenvolver uma mobilidade entre diferentes formas de se enxergar a gastronomia por meio de categorias pr\u00e9-definidas e dar uma cor a mais no Circuito Gastron\u00f4mico\u201d, aponta Emiliana. Ingressos pelo site <i>www.festivalbananada.com<\/i>.<\/p>\n","protected":false},"excerpt":{"rendered":"<p>A chef goiana Emiliana Azambuja comanda neste fim de semana, em Goi\u00e2nia, o Circuito Gastron\u00f4mico, evento idealizado por ela h\u00e1 cinco anos, cujo ponto alto \u00e9 o Festival Bananada, no qual chefs finalistas v\u00e3o disputar domingo o melhor card\u00e1pio inventivo no Centro Cultural Oscar Niemeyer. \u201c\u00c9 um projeto para desenvolver uma mobilidade entre diferentes formas de se enxergar a gastronomia [&hellip;]<\/p>\n","protected":false},"author":54,"featured_media":0,"comment_status":"open","ping_status":"open","sticky":false,"template":"","format":"standard","meta":{"footnotes":""},"categories":[1],"tags":[],"class_list":["post-1249","post","type-post","status-publish","format-standard","hentry","category-sem-categoria"],"_links":{"self":[{"href":"https:\/\/blogs.correiobraziliense.com.br\/lianasabo\/wp-json\/wp\/v2\/posts\/1249","targetHints":{"allow":["GET"]}}],"collection":[{"href":"https:\/\/blogs.correiobraziliense.com.br\/lianasabo\/wp-json\/wp\/v2\/posts"}],"about":[{"href":"https:\/\/blogs.correiobraziliense.com.br\/lianasabo\/wp-json\/wp\/v2\/types\/post"}],"author":[{"embeddable":true,"href":"https:\/\/blogs.correiobraziliense.com.br\/lianasabo\/wp-json\/wp\/v2\/users\/54"}],"replies":[{"embeddable":true,"href":"https:\/\/blogs.correiobraziliense.com.br\/lianasabo\/wp-json\/wp\/v2\/comments?post=1249"}],"version-history":[{"count":1,"href":"https:\/\/blogs.correiobraziliense.com.br\/lianasabo\/wp-json\/wp\/v2\/posts\/1249\/revisions"}],"predecessor-version":[{"id":1250,"href":"https:\/\/blogs.correiobraziliense.com.br\/lianasabo\/wp-json\/wp\/v2\/posts\/1249\/revisions\/1250"}],"wp:attachment":[{"href":"https:\/\/blogs.correiobraziliense.com.br\/lianasabo\/wp-json\/wp\/v2\/media?parent=1249"}],"wp:term":[{"taxonomy":"category","embeddable":true,"href":"https:\/\/blogs.correiobraziliense.com.br\/lianasabo\/wp-json\/wp\/v2\/categories?post=1249"},{"taxonomy":"post_tag","embeddable":true,"href":"https:\/\/blogs.correiobraziliense.com.br\/lianasabo\/wp-json\/wp\/v2\/tags?post=1249"}],"curies":[{"name":"wp","href":"https:\/\/api.w.org\/{rel}","templated":true}]}}