{"id":1231,"date":"2017-05-05T11:00:48","date_gmt":"2017-05-05T14:00:48","guid":{"rendered":"https:\/\/blogs.correiobraziliense.com.br\/lianasabo\/?p=1231"},"modified":"2017-05-04T18:30:22","modified_gmt":"2017-05-04T21:30:22","slug":"restaurante-simples-assim","status":"publish","type":"post","link":"https:\/\/blogs.correiobraziliense.com.br\/lianasabo\/restaurante-simples-assim\/","title":{"rendered":"Restaurante Simples Assim aposta em por\u00e7\u00f5es para partilhar"},"content":{"rendered":"<p>Nada \u00e9 mais civilizado na gastronomia do que meia por\u00e7\u00e3o. Sempre me constrangem as sobras devolvidas para a cozinha de pratarraz que vai \u00e0 mesa com excesso de comida. Um dos que combatem o desperd\u00edcio \u00e9 o chef Dudu Camargo ao lan\u00e7ar no restaurante Simples Assim, tocado pela irm\u00e3 Lucila Camargo, em \u00c1guas Claras, meio galeto acompanhado de ravi\u00f3li de mu\u00e7arela ao molho sugo por R$ 19,90 e lingui\u00e7a acebolada na cacha\u00e7a por R$ 14,90.<\/p>\n<p>&nbsp;<\/p>\n<figure id=\"attachment_1233\" aria-describedby=\"caption-attachment-1233\" style=\"width: 800px\" class=\"wp-caption aligncenter\"><a href=\"https:\/\/blogs.correiobraziliense.com.br\/lianasabo\/wp-content\/uploads\/sites\/25\/2017\/05\/CBPFOT170320170667.jpg\" rel=\"attachment wp-att-1233\"><img loading=\"lazy\" decoding=\"async\" class=\"size-full wp-image-1233\" src=\"https:\/\/blogs.correiobraziliense.com.br\/lianasabo\/wp-content\/uploads\/sites\/25\/2017\/05\/CBPFOT170320170667.jpg\" alt=\"Lucilla Camargo\" width=\"800\" height=\"533\" srcset=\"https:\/\/blogs.correiobraziliense.com.br\/lianasabo\/wp-content\/uploads\/sites\/25\/2017\/05\/CBPFOT170320170667.jpg 800w, https:\/\/blogs.correiobraziliense.com.br\/lianasabo\/wp-content\/uploads\/sites\/25\/2017\/05\/CBPFOT170320170667-300x200.jpg 300w, https:\/\/blogs.correiobraziliense.com.br\/lianasabo\/wp-content\/uploads\/sites\/25\/2017\/05\/CBPFOT170320170667-768x512.jpg 768w, https:\/\/blogs.correiobraziliense.com.br\/lianasabo\/wp-content\/uploads\/sites\/25\/2017\/05\/CBPFOT170320170667-550x366.jpg 550w, https:\/\/blogs.correiobraziliense.com.br\/lianasabo\/wp-content\/uploads\/sites\/25\/2017\/05\/CBPFOT170320170667-230x153.jpg 230w\" sizes=\"auto, (max-width: 800px) 100vw, 800px\" \/><\/a><figcaption id=\"caption-attachment-1233\" class=\"wp-caption-text\">Lucilla Camargo<\/figcaption><\/figure>\n<p>Na outra ponta do menu vem a picanha su\u00edna grelhada com chutney da casa (R$ 129,90) e o fil\u00e9-mignon acompanhado de tr\u00eas molhos frios (R$ 159,90), isca de peixe com tartar de tangerina (R$ 33,90<b><\/b>), que servem at\u00e9 quatro pessoas e incluem cinco acompanhamentos, entre nhoque ao molho de tomate, polenta frita e farofa de banana. Voc\u00ea pode pedir para levarem em sua casa pelo telefone 3382-8830.<\/p>\n","protected":false},"excerpt":{"rendered":"<p>Nada \u00e9 mais civilizado na gastronomia do que meia por\u00e7\u00e3o. Sempre me constrangem as sobras devolvidas para a cozinha de pratarraz que vai \u00e0 mesa com excesso de comida. Um dos que combatem o desperd\u00edcio \u00e9 o chef Dudu Camargo ao lan\u00e7ar no restaurante Simples Assim, tocado pela irm\u00e3 Lucila Camargo, em \u00c1guas Claras, meio galeto acompanhado de ravi\u00f3li de [&hellip;]<\/p>\n","protected":false},"author":54,"featured_media":1232,"comment_status":"open","ping_status":"open","sticky":false,"template":"","format":"standard","meta":{"footnotes":""},"categories":[1],"tags":[],"class_list":["post-1231","post","type-post","status-publish","format-standard","has-post-thumbnail","hentry","category-sem-categoria"],"_links":{"self":[{"href":"https:\/\/blogs.correiobraziliense.com.br\/lianasabo\/wp-json\/wp\/v2\/posts\/1231","targetHints":{"allow":["GET"]}}],"collection":[{"href":"https:\/\/blogs.correiobraziliense.com.br\/lianasabo\/wp-json\/wp\/v2\/posts"}],"about":[{"href":"https:\/\/blogs.correiobraziliense.com.br\/lianasabo\/wp-json\/wp\/v2\/types\/post"}],"author":[{"embeddable":true,"href":"https:\/\/blogs.correiobraziliense.com.br\/lianasabo\/wp-json\/wp\/v2\/users\/54"}],"replies":[{"embeddable":true,"href":"https:\/\/blogs.correiobraziliense.com.br\/lianasabo\/wp-json\/wp\/v2\/comments?post=1231"}],"version-history":[{"count":1,"href":"https:\/\/blogs.correiobraziliense.com.br\/lianasabo\/wp-json\/wp\/v2\/posts\/1231\/revisions"}],"predecessor-version":[{"id":1234,"href":"https:\/\/blogs.correiobraziliense.com.br\/lianasabo\/wp-json\/wp\/v2\/posts\/1231\/revisions\/1234"}],"wp:featuredmedia":[{"embeddable":true,"href":"https:\/\/blogs.correiobraziliense.com.br\/lianasabo\/wp-json\/wp\/v2\/media\/1232"}],"wp:attachment":[{"href":"https:\/\/blogs.correiobraziliense.com.br\/lianasabo\/wp-json\/wp\/v2\/media?parent=1231"}],"wp:term":[{"taxonomy":"category","embeddable":true,"href":"https:\/\/blogs.correiobraziliense.com.br\/lianasabo\/wp-json\/wp\/v2\/categories?post=1231"},{"taxonomy":"post_tag","embeddable":true,"href":"https:\/\/blogs.correiobraziliense.com.br\/lianasabo\/wp-json\/wp\/v2\/tags?post=1231"}],"curies":[{"name":"wp","href":"https:\/\/api.w.org\/{rel}","templated":true}]}}