{"id":1227,"date":"2017-05-05T10:30:22","date_gmt":"2017-05-05T13:30:22","guid":{"rendered":"https:\/\/blogs.correiobraziliense.com.br\/lianasabo\/?p=1227"},"modified":"2017-05-04T18:25:33","modified_gmt":"2017-05-04T21:25:33","slug":"el-negro-lanca-menu-para-maio","status":"publish","type":"post","link":"https:\/\/blogs.correiobraziliense.com.br\/lianasabo\/el-negro-lanca-menu-para-maio\/","title":{"rendered":"El Negro lan\u00e7a menu para maio"},"content":{"rendered":"<p>O restaurante El Negro, que tem duas unidades \u2014 uma na Asa Norte e a outra no Lago Sul \u2014, lan\u00e7a novo menu enxuto que vigora at\u00e9 o fim de maio com tr\u00eas itens: entrada, prato principal e sobremesa. Sai tudo por R$ 59,90.<\/p>\n<p>\u201cTodos os meses, n\u00f3s renovamos o card\u00e1pio especial que \u00e9 servido de segunda a sexta, tanto no almo\u00e7o, como no jantar\u201d, assegura o chef Marcello Piucco, s\u00f3cio-propriet\u00e1rio do grupo. Voc\u00ea poder\u00e1 escolher entre a salada italiana, com folhas e a de quinoa.<\/p>\n<p>&nbsp;<\/p>\n<figure id=\"attachment_1229\" aria-describedby=\"caption-attachment-1229\" style=\"width: 800px\" class=\"wp-caption aligncenter\"><a href=\"https:\/\/blogs.correiobraziliense.com.br\/lianasabo\/wp-content\/uploads\/sites\/25\/2017\/05\/CBNFOT010520171856.jpg\" rel=\"attachment wp-att-1229\"><img loading=\"lazy\" decoding=\"async\" class=\"size-full wp-image-1229\" src=\"https:\/\/blogs.correiobraziliense.com.br\/lianasabo\/wp-content\/uploads\/sites\/25\/2017\/05\/CBNFOT010520171856.jpg\" alt=\"Bife de chorizo com pur\u00ea de batata e espinafre sautee \" width=\"800\" height=\"533\" srcset=\"https:\/\/blogs.correiobraziliense.com.br\/lianasabo\/wp-content\/uploads\/sites\/25\/2017\/05\/CBNFOT010520171856.jpg 800w, https:\/\/blogs.correiobraziliense.com.br\/lianasabo\/wp-content\/uploads\/sites\/25\/2017\/05\/CBNFOT010520171856-300x200.jpg 300w, https:\/\/blogs.correiobraziliense.com.br\/lianasabo\/wp-content\/uploads\/sites\/25\/2017\/05\/CBNFOT010520171856-768x512.jpg 768w, https:\/\/blogs.correiobraziliense.com.br\/lianasabo\/wp-content\/uploads\/sites\/25\/2017\/05\/CBNFOT010520171856-550x366.jpg 550w, https:\/\/blogs.correiobraziliense.com.br\/lianasabo\/wp-content\/uploads\/sites\/25\/2017\/05\/CBNFOT010520171856-230x153.jpg 230w\" sizes=\"auto, (max-width: 800px) 100vw, 800px\" \/><\/a><figcaption id=\"caption-attachment-1229\" class=\"wp-caption-text\">Bife de chorizo com pur\u00ea de batata e espinafre saut\u00e9<\/figcaption><\/figure>\n<p>O prato principal tamb\u00e9m \u00e9 oferecido em duas op\u00e7\u00f5es: bife \u00e0 milanesa com risoto de tomate fresco e manjeric\u00e3o ou bife de chori\u00e7o com pur\u00ea de batata e espinafre saut\u00e9 (<b>foto<\/b>). At\u00e9 a sobremesa pode ser eleita. H\u00e1 panqueca de chocolate com doce de leite ou pudim de leite condensado. Reservas pelos telefones 3041-8775 (413 Norte) e 3365-1292 (QI 17 Sul).<\/p>\n","protected":false},"excerpt":{"rendered":"<p>O restaurante El Negro, que tem duas unidades \u2014 uma na Asa Norte e a outra no Lago Sul \u2014, lan\u00e7a novo menu enxuto que vigora at\u00e9 o fim de maio com tr\u00eas itens: entrada, prato principal e sobremesa. Sai tudo por R$ 59,90. \u201cTodos os meses, n\u00f3s renovamos o card\u00e1pio especial que \u00e9 servido de segunda a sexta, tanto [&hellip;]<\/p>\n","protected":false},"author":54,"featured_media":1228,"comment_status":"open","ping_status":"open","sticky":false,"template":"","format":"standard","meta":{"footnotes":""},"categories":[1],"tags":[],"class_list":["post-1227","post","type-post","status-publish","format-standard","has-post-thumbnail","hentry","category-sem-categoria"],"_links":{"self":[{"href":"https:\/\/blogs.correiobraziliense.com.br\/lianasabo\/wp-json\/wp\/v2\/posts\/1227","targetHints":{"allow":["GET"]}}],"collection":[{"href":"https:\/\/blogs.correiobraziliense.com.br\/lianasabo\/wp-json\/wp\/v2\/posts"}],"about":[{"href":"https:\/\/blogs.correiobraziliense.com.br\/lianasabo\/wp-json\/wp\/v2\/types\/post"}],"author":[{"embeddable":true,"href":"https:\/\/blogs.correiobraziliense.com.br\/lianasabo\/wp-json\/wp\/v2\/users\/54"}],"replies":[{"embeddable":true,"href":"https:\/\/blogs.correiobraziliense.com.br\/lianasabo\/wp-json\/wp\/v2\/comments?post=1227"}],"version-history":[{"count":1,"href":"https:\/\/blogs.correiobraziliense.com.br\/lianasabo\/wp-json\/wp\/v2\/posts\/1227\/revisions"}],"predecessor-version":[{"id":1230,"href":"https:\/\/blogs.correiobraziliense.com.br\/lianasabo\/wp-json\/wp\/v2\/posts\/1227\/revisions\/1230"}],"wp:featuredmedia":[{"embeddable":true,"href":"https:\/\/blogs.correiobraziliense.com.br\/lianasabo\/wp-json\/wp\/v2\/media\/1228"}],"wp:attachment":[{"href":"https:\/\/blogs.correiobraziliense.com.br\/lianasabo\/wp-json\/wp\/v2\/media?parent=1227"}],"wp:term":[{"taxonomy":"category","embeddable":true,"href":"https:\/\/blogs.correiobraziliense.com.br\/lianasabo\/wp-json\/wp\/v2\/categories?post=1227"},{"taxonomy":"post_tag","embeddable":true,"href":"https:\/\/blogs.correiobraziliense.com.br\/lianasabo\/wp-json\/wp\/v2\/tags?post=1227"}],"curies":[{"name":"wp","href":"https:\/\/api.w.org\/{rel}","templated":true}]}}