{"id":1206,"date":"2017-04-28T10:00:35","date_gmt":"2017-04-28T13:00:35","guid":{"rendered":"https:\/\/blogs.correiobraziliense.com.br\/lianasabo\/?p=1206"},"modified":"2017-04-27T18:42:09","modified_gmt":"2017-04-27T21:42:09","slug":"miguel-ojeda-e-o-novo-chef-do-nikkei","status":"publish","type":"post","link":"https:\/\/blogs.correiobraziliense.com.br\/lianasabo\/miguel-ojeda-e-o-novo-chef-do-nikkei\/","title":{"rendered":"Miguel Ojeda \u00e9 o novo chef do Nikkei"},"content":{"rendered":"<p>Um chef que j\u00e1 provou seu valor nos diversos restaurantes pelos quais passou \u2013 Alice, Mir\u00f3 e Lucca do Meli\u00e1, Sanfelice e Fortunello \u2013 , assume a cozinha do Nikkei Sushi Ceviche e Bar, como o primeiro chef da casa, porque o talentoso consultor paulista Marcelo Fugita, como a fun\u00e7\u00e3o sugere, foi at\u00e9 agora s\u00f3 consultor.<\/p>\n<p>Estamos falando do jovem venezuelano Miguel Ojeda, de 27 anos, para quem a culin\u00e1ria andina est\u00e1 no seu DNA. \u201cOs temperos latino-americanos s\u00e3o condimentos que permitem mesclar v\u00e1rios estilos, al\u00e9m de fazer parte de minha identidade gastron\u00f4mica\u201d, ressalta Ojeda, que h\u00e1 oito anos viajou por terra da Argentina at\u00e9 a Venezuela conhecendo e experimentando a gastronomia regional. No mesmo ano cozinhou no asi\u00e1tico Daishi Sushi &amp; Wok, em Buenos Aires e depois veio para o Brasil.<\/p>\n<h2>Quatro pratos<\/h2>\n<p>O fato de ter enveredado na cozinha italiana, desde que desembarcou aqui em 2010, n\u00e3o o fez esquecer as ra\u00edzes de sua forma\u00e7\u00e3o, tanto \u00e9 verdade que, rec\u00e9m-chegado ao Nikkei, j\u00e1 elaborou quatro novos pratos. O primeiro \u00e9 um tacu tacu com aji de gallina, numa adapta\u00e7\u00e3o de duas comidas tipicamente andinas \u2014 tacu tacu (\u00e0 base de feij\u00f5es, arroz, pimentas tudo misturado e prensado, em forma de um croquete crocante por fora e suave por dentro) e aji (pimenta) \u2014 com um toque agridoce recorrente na culin\u00e1ria japonesa.<\/p>\n<p>O segundo \u00e9 um lomo saltado com arroz \u00e0 moda peruana, de origem crioula, que consta de fil\u00e9-mignon em tiras com cebola, batatas e cebola roxa, acompanhada de arroz de legumes com especiarias. Com uma abordagem mais asi\u00e1tica, o yassai tam\u00e9 traz tofu crocante empanado no panko, farinha feita com farelo de p\u00e3o, acompanhado de mix de legumes.<\/p>\n<p>\u201cA mistura de legumes e a croc\u00e2ncia do tofu d\u00e3o ao prato um jogo de texturas e uma explos\u00e3o de sabores no paladar\u201d, resume o chef.<\/p>\n<p>Por \u00faltimo, ele elaborou a sobremesa que se chama tres leches, porque \u00e9 feita com torta com calda de leite, creme de leite, rum e leite condensado, finalizado com um merengue italiano. A casa funciona de ter\u00e7a a sexta, das 12h \u00e0s 15h, e das 19h \u00e0 0h; s\u00e1bado e domingo, das 12h \u00e0 1h. Telefone 2099-2460.<\/p>\n","protected":false},"excerpt":{"rendered":"<p>Um chef que j\u00e1 provou seu valor nos diversos restaurantes pelos quais passou \u2013 Alice, Mir\u00f3 e Lucca do Meli\u00e1, Sanfelice e Fortunello \u2013 , assume a cozinha do Nikkei Sushi Ceviche e Bar, como o primeiro chef da casa, porque o talentoso consultor paulista Marcelo Fugita, como a fun\u00e7\u00e3o sugere, foi at\u00e9 agora s\u00f3 consultor. Estamos falando do jovem [&hellip;]<\/p>\n","protected":false},"author":54,"featured_media":1207,"comment_status":"open","ping_status":"open","sticky":false,"template":"","format":"standard","meta":{"footnotes":""},"categories":[1],"tags":[],"class_list":["post-1206","post","type-post","status-publish","format-standard","has-post-thumbnail","hentry","category-sem-categoria"],"_links":{"self":[{"href":"https:\/\/blogs.correiobraziliense.com.br\/lianasabo\/wp-json\/wp\/v2\/posts\/1206","targetHints":{"allow":["GET"]}}],"collection":[{"href":"https:\/\/blogs.correiobraziliense.com.br\/lianasabo\/wp-json\/wp\/v2\/posts"}],"about":[{"href":"https:\/\/blogs.correiobraziliense.com.br\/lianasabo\/wp-json\/wp\/v2\/types\/post"}],"author":[{"embeddable":true,"href":"https:\/\/blogs.correiobraziliense.com.br\/lianasabo\/wp-json\/wp\/v2\/users\/54"}],"replies":[{"embeddable":true,"href":"https:\/\/blogs.correiobraziliense.com.br\/lianasabo\/wp-json\/wp\/v2\/comments?post=1206"}],"version-history":[{"count":1,"href":"https:\/\/blogs.correiobraziliense.com.br\/lianasabo\/wp-json\/wp\/v2\/posts\/1206\/revisions"}],"predecessor-version":[{"id":1208,"href":"https:\/\/blogs.correiobraziliense.com.br\/lianasabo\/wp-json\/wp\/v2\/posts\/1206\/revisions\/1208"}],"wp:featuredmedia":[{"embeddable":true,"href":"https:\/\/blogs.correiobraziliense.com.br\/lianasabo\/wp-json\/wp\/v2\/media\/1207"}],"wp:attachment":[{"href":"https:\/\/blogs.correiobraziliense.com.br\/lianasabo\/wp-json\/wp\/v2\/media?parent=1206"}],"wp:term":[{"taxonomy":"category","embeddable":true,"href":"https:\/\/blogs.correiobraziliense.com.br\/lianasabo\/wp-json\/wp\/v2\/categories?post=1206"},{"taxonomy":"post_tag","embeddable":true,"href":"https:\/\/blogs.correiobraziliense.com.br\/lianasabo\/wp-json\/wp\/v2\/tags?post=1206"}],"curies":[{"name":"wp","href":"https:\/\/api.w.org\/{rel}","templated":true}]}}