{"id":1189,"date":"2017-04-27T18:00:02","date_gmt":"2017-04-27T21:00:02","guid":{"rendered":"https:\/\/blogs.correiobraziliense.com.br\/lianasabo\/?p=1189"},"modified":"2017-04-27T18:00:02","modified_gmt":"2017-04-27T21:00:02","slug":"noite-arabe-com-danca-do-ventre-no-emporio-da-asa-sul","status":"publish","type":"post","link":"https:\/\/blogs.correiobraziliense.com.br\/lianasabo\/noite-arabe-com-danca-do-ventre-no-emporio-da-asa-sul\/","title":{"rendered":"Noite \u00e1rabe com dan\u00e7a do ventre no Emp\u00f3rio da Asa Sul"},"content":{"rendered":"<figure id=\"attachment_1193\" aria-describedby=\"caption-attachment-1193\" style=\"width: 1024px\" class=\"wp-caption aligncenter\"><a href=\"https:\/\/blogs.correiobraziliense.com.br\/lianasabo\/wp-content\/uploads\/sites\/25\/2017\/04\/emporio-arabe-4.jpg\" rel=\"attachment wp-att-1193\"><img loading=\"lazy\" decoding=\"async\" class=\"size-large wp-image-1193\" src=\"https:\/\/blogs.correiobraziliense.com.br\/lianasabo\/wp-content\/uploads\/sites\/25\/2017\/04\/emporio-arabe-4-1024x683.jpg\" alt=\"Lidia Nasser ser\u00e1 a anfitri\u00e3 da noite\" width=\"1024\" height=\"683\" srcset=\"https:\/\/blogs.correiobraziliense.com.br\/lianasabo\/wp-content\/uploads\/sites\/25\/2017\/04\/emporio-arabe-4-1024x683.jpg 1024w, https:\/\/blogs.correiobraziliense.com.br\/lianasabo\/wp-content\/uploads\/sites\/25\/2017\/04\/emporio-arabe-4-300x200.jpg 300w, https:\/\/blogs.correiobraziliense.com.br\/lianasabo\/wp-content\/uploads\/sites\/25\/2017\/04\/emporio-arabe-4-768x512.jpg 768w, https:\/\/blogs.correiobraziliense.com.br\/lianasabo\/wp-content\/uploads\/sites\/25\/2017\/04\/emporio-arabe-4-550x367.jpg 550w, https:\/\/blogs.correiobraziliense.com.br\/lianasabo\/wp-content\/uploads\/sites\/25\/2017\/04\/emporio-arabe-4-230x153.jpg 230w, https:\/\/blogs.correiobraziliense.com.br\/lianasabo\/wp-content\/uploads\/sites\/25\/2017\/04\/emporio-arabe-4.jpg 1200w\" sizes=\"auto, (max-width: 1024px) 100vw, 1024px\" \/><\/a><figcaption id=\"caption-attachment-1193\" class=\"wp-caption-text\">Lidia Nasser ser\u00e1 a anfitri\u00e3 da noite<\/figcaption><\/figure>\n<p>&nbsp;<\/p>\n<p>A chef-restauratrice Lidia Nasser comanda mais uma festa \u00e1rabe, que se realiza nesta sexta (28\/4), a partir das 20h, em seu restaurante da 215 Sul. Al\u00e9m da m\u00fasica e apresenta\u00e7\u00e3o de dan\u00e7a do ventre, a grande atra\u00e7\u00e3o \u00e9 mesmo o buf\u00ea \u00e1rabe \u2014 \u201cum festim\u201d \u2014, como diz a chef. Nele, voc\u00ea ir\u00e1 encontrar sele\u00e7\u00e3o de saladas e de pastas, p\u00e3es fresquinhos, inclusive o s\u00edrio, e iguarias t\u00edpicos, como quibe cru, kaftas recheados e falafel.<\/p>\n<p>&nbsp;<\/p>\n<figure id=\"attachment_1191\" aria-describedby=\"caption-attachment-1191\" style=\"width: 1024px\" class=\"wp-caption aligncenter\"><a href=\"https:\/\/blogs.correiobraziliense.com.br\/lianasabo\/wp-content\/uploads\/sites\/25\/2017\/04\/emporio-arabe-2.jpg\" rel=\"attachment wp-att-1191\"><img loading=\"lazy\" decoding=\"async\" class=\"size-large wp-image-1191\" src=\"https:\/\/blogs.correiobraziliense.com.br\/lianasabo\/wp-content\/uploads\/sites\/25\/2017\/04\/emporio-arabe-2-1024x683.jpg\" alt=\"Esfirras de v\u00e1rios sabores s\u00e3o oferecidas no Emp\u00f3rio \u00c1rabe\" width=\"1024\" height=\"683\" srcset=\"https:\/\/blogs.correiobraziliense.com.br\/lianasabo\/wp-content\/uploads\/sites\/25\/2017\/04\/emporio-arabe-2-1024x683.jpg 1024w, https:\/\/blogs.correiobraziliense.com.br\/lianasabo\/wp-content\/uploads\/sites\/25\/2017\/04\/emporio-arabe-2-300x200.jpg 300w, https:\/\/blogs.correiobraziliense.com.br\/lianasabo\/wp-content\/uploads\/sites\/25\/2017\/04\/emporio-arabe-2-768x512.jpg 768w, https:\/\/blogs.correiobraziliense.com.br\/lianasabo\/wp-content\/uploads\/sites\/25\/2017\/04\/emporio-arabe-2-550x367.jpg 550w, https:\/\/blogs.correiobraziliense.com.br\/lianasabo\/wp-content\/uploads\/sites\/25\/2017\/04\/emporio-arabe-2-230x153.jpg 230w, https:\/\/blogs.correiobraziliense.com.br\/lianasabo\/wp-content\/uploads\/sites\/25\/2017\/04\/emporio-arabe-2.jpg 1200w\" sizes=\"auto, (max-width: 1024px) 100vw, 1024px\" \/><\/a><figcaption id=\"caption-attachment-1191\" class=\"wp-caption-text\">Esfirras de v\u00e1rios sabores s\u00e3o oferecidas no Emp\u00f3rio \u00c1rabe<\/figcaption><\/figure>\n<p>Entre os pratos quentes, destaque para o pernil de cordeiro acompanhado de geleia de damasco com pimenta, carneiro marroquino, arroz com lentilhas e com aletria e canela, risoto de paleta de cordeiro, berinjela temperada, charutos de repolho e de folha de uva, esfirras, al\u00e9m de doces e frutos da esta\u00e7\u00e3o. Tudo por R$ 78,90 por pessoa.<\/p>\n<p>&nbsp;<\/p>\n<figure id=\"attachment_1192\" aria-describedby=\"caption-attachment-1192\" style=\"width: 650px\" class=\"wp-caption aligncenter\"><a href=\"https:\/\/blogs.correiobraziliense.com.br\/lianasabo\/wp-content\/uploads\/sites\/25\/2017\/04\/emporio-arabe-1.jpg\" rel=\"attachment wp-att-1192\"><img loading=\"lazy\" decoding=\"async\" class=\"size-full wp-image-1192\" src=\"https:\/\/blogs.correiobraziliense.com.br\/lianasabo\/wp-content\/uploads\/sites\/25\/2017\/04\/emporio-arabe-1.jpg\" alt=\"Cordeiro marroquino \u00e9 um dos pratos t\u00edpicos\" width=\"650\" height=\"975\" srcset=\"https:\/\/blogs.correiobraziliense.com.br\/lianasabo\/wp-content\/uploads\/sites\/25\/2017\/04\/emporio-arabe-1.jpg 650w, https:\/\/blogs.correiobraziliense.com.br\/lianasabo\/wp-content\/uploads\/sites\/25\/2017\/04\/emporio-arabe-1-200x300.jpg 200w, https:\/\/blogs.correiobraziliense.com.br\/lianasabo\/wp-content\/uploads\/sites\/25\/2017\/04\/emporio-arabe-1-550x825.jpg 550w, https:\/\/blogs.correiobraziliense.com.br\/lianasabo\/wp-content\/uploads\/sites\/25\/2017\/04\/emporio-arabe-1-230x345.jpg 230w\" sizes=\"auto, (max-width: 650px) 100vw, 650px\" \/><\/a><figcaption id=\"caption-attachment-1192\" class=\"wp-caption-text\">Cordeiro marroquino \u00e9 um dos pratos t\u00edpicos<\/figcaption><\/figure>\n<p>Ser\u00e1 bom fazer reserva para garantir o lugar pelo telefone 3363-3101 ou pelo e-mail <i>eventos.emporioarabe@gmail.com<\/i>.<\/p>\n","protected":false},"excerpt":{"rendered":"<p>&nbsp; A chef-restauratrice Lidia Nasser comanda mais uma festa \u00e1rabe, que se realiza nesta sexta (28\/4), a partir das 20h, em seu restaurante da 215 Sul. Al\u00e9m da m\u00fasica e apresenta\u00e7\u00e3o de dan\u00e7a do ventre, a grande atra\u00e7\u00e3o \u00e9 mesmo o buf\u00ea \u00e1rabe \u2014 \u201cum festim\u201d \u2014, como diz a chef. Nele, voc\u00ea ir\u00e1 encontrar sele\u00e7\u00e3o de saladas e de [&hellip;]<\/p>\n","protected":false},"author":54,"featured_media":1190,"comment_status":"open","ping_status":"open","sticky":false,"template":"","format":"standard","meta":{"footnotes":""},"categories":[1],"tags":[],"class_list":["post-1189","post","type-post","status-publish","format-standard","has-post-thumbnail","hentry","category-sem-categoria"],"_links":{"self":[{"href":"https:\/\/blogs.correiobraziliense.com.br\/lianasabo\/wp-json\/wp\/v2\/posts\/1189","targetHints":{"allow":["GET"]}}],"collection":[{"href":"https:\/\/blogs.correiobraziliense.com.br\/lianasabo\/wp-json\/wp\/v2\/posts"}],"about":[{"href":"https:\/\/blogs.correiobraziliense.com.br\/lianasabo\/wp-json\/wp\/v2\/types\/post"}],"author":[{"embeddable":true,"href":"https:\/\/blogs.correiobraziliense.com.br\/lianasabo\/wp-json\/wp\/v2\/users\/54"}],"replies":[{"embeddable":true,"href":"https:\/\/blogs.correiobraziliense.com.br\/lianasabo\/wp-json\/wp\/v2\/comments?post=1189"}],"version-history":[{"count":1,"href":"https:\/\/blogs.correiobraziliense.com.br\/lianasabo\/wp-json\/wp\/v2\/posts\/1189\/revisions"}],"predecessor-version":[{"id":1194,"href":"https:\/\/blogs.correiobraziliense.com.br\/lianasabo\/wp-json\/wp\/v2\/posts\/1189\/revisions\/1194"}],"wp:featuredmedia":[{"embeddable":true,"href":"https:\/\/blogs.correiobraziliense.com.br\/lianasabo\/wp-json\/wp\/v2\/media\/1190"}],"wp:attachment":[{"href":"https:\/\/blogs.correiobraziliense.com.br\/lianasabo\/wp-json\/wp\/v2\/media?parent=1189"}],"wp:term":[{"taxonomy":"category","embeddable":true,"href":"https:\/\/blogs.correiobraziliense.com.br\/lianasabo\/wp-json\/wp\/v2\/categories?post=1189"},{"taxonomy":"post_tag","embeddable":true,"href":"https:\/\/blogs.correiobraziliense.com.br\/lianasabo\/wp-json\/wp\/v2\/tags?post=1189"}],"curies":[{"name":"wp","href":"https:\/\/api.w.org\/{rel}","templated":true}]}}