{"id":118,"date":"2016-07-08T08:30:37","date_gmt":"2016-07-08T11:30:37","guid":{"rendered":"https:\/\/blogs.correiobraziliense.com.br\/lianasabo\/?p=118"},"modified":"2016-07-08T12:26:14","modified_gmt":"2016-07-08T15:26:14","slug":"licoes-brincantes","status":"publish","type":"post","link":"https:\/\/blogs.correiobraziliense.com.br\/lianasabo\/licoes-brincantes\/","title":{"rendered":"Li\u00e7\u00f5es brincantes"},"content":{"rendered":"<p><a href=\"https:\/\/blogs.correiobraziliense.com.br\/lianasabo\/wp-content\/uploads\/sites\/25\/2016\/07\/IMG_0587.jpg\" rel=\"attachment wp-att-119\"><img loading=\"lazy\" decoding=\"async\" class=\"aligncenter wp-image-119 size-large\" src=\"https:\/\/blogs.correiobraziliense.com.br\/lianasabo\/wp-content\/uploads\/sites\/25\/2016\/07\/IMG_0587-1024x683.jpg\" alt=\"IMG_0587\" width=\"1024\" height=\"683\" srcset=\"https:\/\/blogs.correiobraziliense.com.br\/lianasabo\/wp-content\/uploads\/sites\/25\/2016\/07\/IMG_0587-1024x683.jpg 1024w, https:\/\/blogs.correiobraziliense.com.br\/lianasabo\/wp-content\/uploads\/sites\/25\/2016\/07\/IMG_0587-300x200.jpg 300w, https:\/\/blogs.correiobraziliense.com.br\/lianasabo\/wp-content\/uploads\/sites\/25\/2016\/07\/IMG_0587-768x512.jpg 768w, https:\/\/blogs.correiobraziliense.com.br\/lianasabo\/wp-content\/uploads\/sites\/25\/2016\/07\/IMG_0587-1440x960.jpg 1440w, https:\/\/blogs.correiobraziliense.com.br\/lianasabo\/wp-content\/uploads\/sites\/25\/2016\/07\/IMG_0587-550x367.jpg 550w, https:\/\/blogs.correiobraziliense.com.br\/lianasabo\/wp-content\/uploads\/sites\/25\/2016\/07\/IMG_0587-230x153.jpg 230w\" sizes=\"auto, (max-width: 1024px) 100vw, 1024px\" \/><\/a><\/p>\n<p>&nbsp;<\/p>\n<p>O que fazer com crian\u00e7as em f\u00e9rias? Cozinha do MiniChef, um ateli\u00ea culin\u00e1rio infantil que abre s\u00e1bado, dia 16, na 107 Norte (Bloco A) tem a resposta. L\u00e1, no hor\u00e1rio das 10h \u00e0s 19h, os pequenos (a partir de 2 anos) poder\u00e3o colocar a m\u00e3o na massa ao participarem da cobertura de pirulitos de biscoito e chocolate. Nesse dia, inaugura uma feirinha para que as pessoas possam conhecer os produtos que a marca oferece: bolos, doces, biscoitos decorados com designs exclusivos e at\u00e9 uma linha de bolos sem leite para quem tem restri\u00e7\u00e3o \u00e0 lactose.<\/p>\n<p>As aulas propriamente ditas ter\u00e3o in\u00edcio dia 18, no hor\u00e1rio das 10h \u00e0s 12h com cupcakes, prosseguem na quarta, 20, com biscoito decorados; na sexta, 22, com paninis e encerram no s\u00e1bado 23, com mais uma receita italiana: espaguete \u00e0 bolonhesa acompanhada do \u201cfare la scarpetta\u201d, t\u00edpico gesto de limpar o prato com um peda\u00e7o de p\u00e3o. As aulas saem por R$ 95 cada.<\/p>\n<p>Idealizado pelo casal Ana In\u00eas e Daniel Cruz, a escola ainda oferece um kit \u201cpara dar in\u00edcio \u00e0 jornada gastron\u00f4mica\u201d. Dele fazem parte, cadernos de receitas, chap\u00e9u de chef, avental, colheres de pau, esp\u00e1tulas, batedores e forminhas para cupcakes e minibolos. O kit pode custar de R$ 60 a R$ 100. Encomendas, como a de tijolinhos de chocolate belga amargo com pralin\u00e9 de castanha de caju ou com flocos de arroz, podem ser feitas pelo telefone 98476-3254. Mais informa\u00e7\u00f5es no site <i>cozinhadominichef.com.br<\/i>.<\/p>\n","protected":false},"excerpt":{"rendered":"<p>&nbsp; O que fazer com crian\u00e7as em f\u00e9rias? Cozinha do MiniChef, um ateli\u00ea culin\u00e1rio infantil que abre s\u00e1bado, dia 16, na 107 Norte (Bloco A) tem a resposta. L\u00e1, no hor\u00e1rio das 10h \u00e0s 19h, os pequenos (a partir de 2 anos) poder\u00e3o colocar a m\u00e3o na massa ao participarem da cobertura de pirulitos de biscoito e chocolate. Nesse dia, [&hellip;]<\/p>\n","protected":false},"author":54,"featured_media":119,"comment_status":"open","ping_status":"open","sticky":false,"template":"","format":"standard","meta":{"footnotes":""},"categories":[1],"tags":[],"class_list":["post-118","post","type-post","status-publish","format-standard","has-post-thumbnail","hentry","category-sem-categoria"],"_links":{"self":[{"href":"https:\/\/blogs.correiobraziliense.com.br\/lianasabo\/wp-json\/wp\/v2\/posts\/118","targetHints":{"allow":["GET"]}}],"collection":[{"href":"https:\/\/blogs.correiobraziliense.com.br\/lianasabo\/wp-json\/wp\/v2\/posts"}],"about":[{"href":"https:\/\/blogs.correiobraziliense.com.br\/lianasabo\/wp-json\/wp\/v2\/types\/post"}],"author":[{"embeddable":true,"href":"https:\/\/blogs.correiobraziliense.com.br\/lianasabo\/wp-json\/wp\/v2\/users\/54"}],"replies":[{"embeddable":true,"href":"https:\/\/blogs.correiobraziliense.com.br\/lianasabo\/wp-json\/wp\/v2\/comments?post=118"}],"version-history":[{"count":1,"href":"https:\/\/blogs.correiobraziliense.com.br\/lianasabo\/wp-json\/wp\/v2\/posts\/118\/revisions"}],"predecessor-version":[{"id":120,"href":"https:\/\/blogs.correiobraziliense.com.br\/lianasabo\/wp-json\/wp\/v2\/posts\/118\/revisions\/120"}],"wp:featuredmedia":[{"embeddable":true,"href":"https:\/\/blogs.correiobraziliense.com.br\/lianasabo\/wp-json\/wp\/v2\/media\/119"}],"wp:attachment":[{"href":"https:\/\/blogs.correiobraziliense.com.br\/lianasabo\/wp-json\/wp\/v2\/media?parent=118"}],"wp:term":[{"taxonomy":"category","embeddable":true,"href":"https:\/\/blogs.correiobraziliense.com.br\/lianasabo\/wp-json\/wp\/v2\/categories?post=118"},{"taxonomy":"post_tag","embeddable":true,"href":"https:\/\/blogs.correiobraziliense.com.br\/lianasabo\/wp-json\/wp\/v2\/tags?post=118"}],"curies":[{"name":"wp","href":"https:\/\/api.w.org\/{rel}","templated":true}]}}