{"id":1138,"date":"2017-04-07T11:31:20","date_gmt":"2017-04-07T14:31:20","guid":{"rendered":"https:\/\/blogs.correiobraziliense.com.br\/lianasabo\/?p=1138"},"modified":"2017-04-07T11:31:20","modified_gmt":"2017-04-07T14:31:20","slug":"renata-la-porta-lanca-linha-de-lasanhas-gourmet","status":"publish","type":"post","link":"https:\/\/blogs.correiobraziliense.com.br\/lianasabo\/renata-la-porta-lanca-linha-de-lasanhas-gourmet\/","title":{"rendered":"Renata La Porta lan\u00e7a linha de lasanhas gourmet"},"content":{"rendered":"<p>No mais elegante bairro da cidade, o Lago Sul, comidinhas prontas para levar pode ser um novo fil\u00e3o, que est\u00e1 despertando o interesse de empresas de alimenta\u00e7\u00e3o, como o buf\u00ea Renata La Porta, que primeiro viu o nascente mercado. A chef, que d\u00e1 nome \u00e0 casa, lan\u00e7ou uma linha de lasanhas gourmets, que v\u00eam prontas em embalagens descart\u00e1veis ou montadas no pirex do cliente.<\/p>\n<p>&nbsp;<\/p>\n<figure id=\"attachment_1139\" aria-describedby=\"caption-attachment-1139\" style=\"width: 1024px\" class=\"wp-caption aligncenter\"><a href=\"https:\/\/blogs.correiobraziliense.com.br\/lianasabo\/wp-content\/uploads\/sites\/25\/2017\/04\/lasanha.jpg\" rel=\"attachment wp-att-1139\"><img loading=\"lazy\" decoding=\"async\" class=\"size-large wp-image-1139\" src=\"https:\/\/blogs.correiobraziliense.com.br\/lianasabo\/wp-content\/uploads\/sites\/25\/2017\/04\/lasanha-1024x341.jpg\" alt=\"Berinjela e bolonhesa s\u00e3o alguns dos sabores da lasanha\" width=\"1024\" height=\"341\" srcset=\"https:\/\/blogs.correiobraziliense.com.br\/lianasabo\/wp-content\/uploads\/sites\/25\/2017\/04\/lasanha-1024x341.jpg 1024w, https:\/\/blogs.correiobraziliense.com.br\/lianasabo\/wp-content\/uploads\/sites\/25\/2017\/04\/lasanha-300x100.jpg 300w, https:\/\/blogs.correiobraziliense.com.br\/lianasabo\/wp-content\/uploads\/sites\/25\/2017\/04\/lasanha-768x256.jpg 768w, https:\/\/blogs.correiobraziliense.com.br\/lianasabo\/wp-content\/uploads\/sites\/25\/2017\/04\/lasanha-550x183.jpg 550w, https:\/\/blogs.correiobraziliense.com.br\/lianasabo\/wp-content\/uploads\/sites\/25\/2017\/04\/lasanha-230x77.jpg 230w, https:\/\/blogs.correiobraziliense.com.br\/lianasabo\/wp-content\/uploads\/sites\/25\/2017\/04\/lasanha.jpg 1098w\" sizes=\"auto, (max-width: 1024px) 100vw, 1024px\" \/><\/a><figcaption id=\"caption-attachment-1139\" class=\"wp-caption-text\">Berinjela e bolonhesa s\u00e3o alguns dos sabores da lasanha<\/figcaption><\/figure>\n<p>Com uma delicada massa fininha s\u00e3o preparados tr\u00eas sabores \u2014 bolonhesa, camar\u00e3o (ambas R$ 37, o quilo) e um soberbo cordeiro com molho demi glace (R$ 60, o quilo) \u2014, al\u00e9m de berinjela, ideal para vegetarianos.Voc\u00ea pode pedir no telefone 3364-6006, whatsApp 99643-0839 ou pessoalmente no Espa\u00e7o Renata La Porta, QI 9, Lago Sul. Mais informa\u00e7\u00f5es no site <i>www.laportaemcasa.com.br<\/i>.<\/p>\n","protected":false},"excerpt":{"rendered":"<p>No mais elegante bairro da cidade, o Lago Sul, comidinhas prontas para levar pode ser um novo fil\u00e3o, que est\u00e1 despertando o interesse de empresas de alimenta\u00e7\u00e3o, como o buf\u00ea Renata La Porta, que primeiro viu o nascente mercado. A chef, que d\u00e1 nome \u00e0 casa, lan\u00e7ou uma linha de lasanhas gourmets, que v\u00eam prontas em embalagens descart\u00e1veis ou montadas [&hellip;]<\/p>\n","protected":false},"author":54,"featured_media":1140,"comment_status":"open","ping_status":"open","sticky":false,"template":"","format":"standard","meta":{"footnotes":""},"categories":[1],"tags":[],"class_list":["post-1138","post","type-post","status-publish","format-standard","has-post-thumbnail","hentry","category-sem-categoria"],"_links":{"self":[{"href":"https:\/\/blogs.correiobraziliense.com.br\/lianasabo\/wp-json\/wp\/v2\/posts\/1138","targetHints":{"allow":["GET"]}}],"collection":[{"href":"https:\/\/blogs.correiobraziliense.com.br\/lianasabo\/wp-json\/wp\/v2\/posts"}],"about":[{"href":"https:\/\/blogs.correiobraziliense.com.br\/lianasabo\/wp-json\/wp\/v2\/types\/post"}],"author":[{"embeddable":true,"href":"https:\/\/blogs.correiobraziliense.com.br\/lianasabo\/wp-json\/wp\/v2\/users\/54"}],"replies":[{"embeddable":true,"href":"https:\/\/blogs.correiobraziliense.com.br\/lianasabo\/wp-json\/wp\/v2\/comments?post=1138"}],"version-history":[{"count":1,"href":"https:\/\/blogs.correiobraziliense.com.br\/lianasabo\/wp-json\/wp\/v2\/posts\/1138\/revisions"}],"predecessor-version":[{"id":1141,"href":"https:\/\/blogs.correiobraziliense.com.br\/lianasabo\/wp-json\/wp\/v2\/posts\/1138\/revisions\/1141"}],"wp:featuredmedia":[{"embeddable":true,"href":"https:\/\/blogs.correiobraziliense.com.br\/lianasabo\/wp-json\/wp\/v2\/media\/1140"}],"wp:attachment":[{"href":"https:\/\/blogs.correiobraziliense.com.br\/lianasabo\/wp-json\/wp\/v2\/media?parent=1138"}],"wp:term":[{"taxonomy":"category","embeddable":true,"href":"https:\/\/blogs.correiobraziliense.com.br\/lianasabo\/wp-json\/wp\/v2\/categories?post=1138"},{"taxonomy":"post_tag","embeddable":true,"href":"https:\/\/blogs.correiobraziliense.com.br\/lianasabo\/wp-json\/wp\/v2\/tags?post=1138"}],"curies":[{"name":"wp","href":"https:\/\/api.w.org\/{rel}","templated":true}]}}