{"id":11169,"date":"2026-08-31T13:00:11","date_gmt":"2026-08-31T16:00:11","guid":{"rendered":"https:\/\/blogs.correiobraziliense.com.br\/lianasabo\/?p=11169"},"modified":"2026-08-31T14:13:21","modified_gmt":"2026-08-31T17:13:21","slug":"um-ano-de-cafe-gastronomia-e-arte-de-qualidade","status":"publish","type":"post","link":"https:\/\/blogs.correiobraziliense.com.br\/lianasabo\/um-ano-de-cafe-gastronomia-e-arte-de-qualidade\/","title":{"rendered":"Um ano de caf\u00e9, gastronomia e arte de qualidade"},"content":{"rendered":"\n<h3 class=\"wp-block-heading\">Unidade do Caf\u00e9 Ernesto da Caixa Cultural completa um ano com op\u00e7\u00f5es que v\u00e3o do mineir\u00edssimo cafezinho com p\u00e3o de queijo a pratos sofisticados e caf\u00e9 especiais<\/h3>\n\n\n\n<p class=\"wp-block-paragraph\">Todo museu importante ou espa\u00e7o cultural no mundo tem um caf\u00e9 perto. Aqui o bin\u00f4mio que atende as artes e a gastronomia fica no cora\u00e7\u00e3o do Setor Banc\u00e1rio Sul. Junto ao Espa\u00e7o Cultural da Caixa Econ\u00f4mica, onde \u00e0 noite se apresentam grandes nomes da m\u00fasica ou da dramaturgia no teatro, ao lado da galeria de arte, que no momento, re\u00fane a cole\u00e7\u00e3o de Galeno, o mais querido artista de Bras\u00edlia, h\u00e1 um caf\u00e9 Ernesto.<\/p>\n\n\n\n<p class=\"wp-block-paragraph\">A grife nasceu em 2010, sob a batuta da barista Juliana Pedro entre o cheiro de caf\u00e9, o p\u00e3o quentinho e as portas amarelas abertas na 115 Sul com o foco em gr\u00e3os especiais produzidos nas principais regi\u00f5es cafeeiras de Minas Gerais e S\u00e3o Paulo. Logo, ela se cercou de dois s\u00f3cios, Pedro Meira e Victor Parucker, que entregaram a Giordano Bomfim a coordena\u00e7\u00e3o dos eventos da rede, formada com uma unidade na 108 Norte.<\/p>\n\n\n\n<figure class=\"wp-block-image size-large\"><a href=\"https:\/\/blogs.correiobraziliense.com.br\/lianasabo\/wp-content\/uploads\/sites\/25\/2026\/08\/WhatsApp-Image-2026-08-29-at-18.59.37.jpeg\"><img loading=\"lazy\" decoding=\"async\" width=\"1024\" height=\"768\" src=\"https:\/\/blogs.correiobraziliense.com.br\/lianasabo\/wp-content\/uploads\/sites\/25\/2026\/08\/WhatsApp-Image-2026-08-29-at-18.59.37-1024x768.jpeg\" alt=\"\" class=\"wp-image-11175\" srcset=\"https:\/\/blogs.correiobraziliense.com.br\/lianasabo\/wp-content\/uploads\/sites\/25\/2026\/08\/WhatsApp-Image-2026-08-29-at-18.59.37-1024x768.jpeg 1024w, https:\/\/blogs.correiobraziliense.com.br\/lianasabo\/wp-content\/uploads\/sites\/25\/2026\/08\/WhatsApp-Image-2026-08-29-at-18.59.37-300x225.jpeg 300w, https:\/\/blogs.correiobraziliense.com.br\/lianasabo\/wp-content\/uploads\/sites\/25\/2026\/08\/WhatsApp-Image-2026-08-29-at-18.59.37-768x576.jpeg 768w, https:\/\/blogs.correiobraziliense.com.br\/lianasabo\/wp-content\/uploads\/sites\/25\/2026\/08\/WhatsApp-Image-2026-08-29-at-18.59.37-800x600.jpeg 800w, https:\/\/blogs.correiobraziliense.com.br\/lianasabo\/wp-content\/uploads\/sites\/25\/2026\/08\/WhatsApp-Image-2026-08-29-at-18.59.37-550x413.jpeg 550w, https:\/\/blogs.correiobraziliense.com.br\/lianasabo\/wp-content\/uploads\/sites\/25\/2026\/08\/WhatsApp-Image-2026-08-29-at-18.59.37-230x173.jpeg 230w, https:\/\/blogs.correiobraziliense.com.br\/lianasabo\/wp-content\/uploads\/sites\/25\/2026\/08\/WhatsApp-Image-2026-08-29-at-18.59.37.jpeg 1280w\" sizes=\"auto, (max-width: 1024px) 100vw, 1024px\" \/><\/a><figcaption class=\"wp-element-caption\">O Ernesto Caf\u00e9 tem op\u00e7\u00f5es variadas que v\u00e3o de pratos elaborados a salgados, caldos e lanches. Foto: Liana Sabo<\/figcaption><\/figure>\n\n\n\n<p class=\"wp-block-paragraph\">H\u00e1 um ano, o Ernesto Caf\u00e9s Especiais abriu a terceira opera\u00e7\u00e3o na Caixa Cultural Bras\u00edlia, que era \u201cum sonho antigo. Quando abrimos, n\u00e3o sab\u00edamos ao certo como seria para o p\u00fablico, deu muito certo! Tivemos o que planejamos, mas tamb\u00e9m fomos surpreendidos por encontros e oportunidades que fizeram a casa crescer de um jeito muito especial\u201d, afirma Giordano Bomfim, s\u00f3cio da empresa.<\/p>\n\n\n\n<p class=\"wp-block-paragraph\"><strong>Sandu\u00edches, saladas e doces<\/strong><\/p>\n\n\n\n<p class=\"wp-block-paragraph\">O card\u00e1pio tem in\u00fameros itens com \u00eanfase nos p\u00e3es: de queijo, na chapa e no sandu\u00edche de frango desfiado e queijo; com lingui\u00e7a defumada da Casa do Holand\u00eas, relish de cebola e maionese da casa; de pastrame, todos acompanhados de chips de batata. Para os veganos, a sugest\u00e3o \u00e9 hamb\u00farguer de berinjela marinada com tapioca, pasta de abacate, queijo provolone, vinagrete de cebola roxa e aioli servidos na ciabatta.<\/p>\n\n\n\n<figure class=\"wp-block-image size-large\"><a href=\"https:\/\/blogs.correiobraziliense.com.br\/lianasabo\/wp-content\/uploads\/sites\/25\/2026\/08\/WhatsApp-Image-2026-08-29-at-18.59.10.jpeg\"><img loading=\"lazy\" decoding=\"async\" width=\"1024\" height=\"768\" src=\"https:\/\/blogs.correiobraziliense.com.br\/lianasabo\/wp-content\/uploads\/sites\/25\/2026\/08\/WhatsApp-Image-2026-08-29-at-18.59.10-1024x768.jpeg\" alt=\"\" class=\"wp-image-11174\" srcset=\"https:\/\/blogs.correiobraziliense.com.br\/lianasabo\/wp-content\/uploads\/sites\/25\/2026\/08\/WhatsApp-Image-2026-08-29-at-18.59.10-1024x768.jpeg 1024w, https:\/\/blogs.correiobraziliense.com.br\/lianasabo\/wp-content\/uploads\/sites\/25\/2026\/08\/WhatsApp-Image-2026-08-29-at-18.59.10-300x225.jpeg 300w, https:\/\/blogs.correiobraziliense.com.br\/lianasabo\/wp-content\/uploads\/sites\/25\/2026\/08\/WhatsApp-Image-2026-08-29-at-18.59.10-768x576.jpeg 768w, https:\/\/blogs.correiobraziliense.com.br\/lianasabo\/wp-content\/uploads\/sites\/25\/2026\/08\/WhatsApp-Image-2026-08-29-at-18.59.10-800x600.jpeg 800w, https:\/\/blogs.correiobraziliense.com.br\/lianasabo\/wp-content\/uploads\/sites\/25\/2026\/08\/WhatsApp-Image-2026-08-29-at-18.59.10-550x413.jpeg 550w, https:\/\/blogs.correiobraziliense.com.br\/lianasabo\/wp-content\/uploads\/sites\/25\/2026\/08\/WhatsApp-Image-2026-08-29-at-18.59.10-230x173.jpeg 230w, https:\/\/blogs.correiobraziliense.com.br\/lianasabo\/wp-content\/uploads\/sites\/25\/2026\/08\/WhatsApp-Image-2026-08-29-at-18.59.10.jpeg 1280w\" sizes=\"auto, (max-width: 1024px) 100vw, 1024px\" \/><\/a><figcaption class=\"wp-element-caption\">Sandu\u00edches s\u00e3o uma boa op\u00e7\u00e3o antes de um show ou ap\u00f3s uma exposi\u00e7\u00e3o de arte. Foto: Liana Sabo<\/figcaption><\/figure>\n\n\n\n<p class=\"wp-block-paragraph\">Outras cria\u00e7\u00f5es muito saborosas na mesma linha de lanche trazem no p\u00e3o r\u00fastico pasta de abacate, ovo mexido, tomate-cereja confitado e mix de sementes, podendo acrescentar bacon; vers\u00e3o caprese com creme de boursin Cabr\u00edssima. Destaque para o Sert\u00e3o (R$ 39) feito de copa lombo do L\u00e9o Hamu desfiado com aioli, vinagrete de cebola roxa e maxixe, queijo coalho e cheiro verde.<\/p>\n\n\n\n<p class=\"wp-block-paragraph\">As saladas abrem o menu de pratos principais servidos no hor\u00e1rio das 11h30 \u00e0s 20h30. Destaque para o Picadinho Ernesto (R$ 68) com molho vinagrete, acompanhado de pur\u00ea de batata-baroa, farofa de banana e ovo poch\u00ea.<\/p>\n\n\n\n<figure class=\"wp-block-image size-large\"><a href=\"https:\/\/blogs.correiobraziliense.com.br\/lianasabo\/wp-content\/uploads\/sites\/25\/2026\/08\/WhatsApp-Image-2026-08-31-at-12.53.58-e1788191849313.jpeg\"><img loading=\"lazy\" decoding=\"async\" width=\"819\" height=\"1024\" src=\"https:\/\/blogs.correiobraziliense.com.br\/lianasabo\/wp-content\/uploads\/sites\/25\/2026\/08\/WhatsApp-Image-2026-08-31-at-12.53.58-819x1024.jpeg\" alt=\"\" class=\"wp-image-11179\" \/><\/a><figcaption class=\"wp-element-caption\">A toast Sert\u00e3o \u00e9 um dos destaques no menu do Ernesto Caf\u00e9. Foto: Divulga\u00e7\u00e3o<\/figcaption><\/figure>\n\n\n\n<p class=\"wp-block-paragraph\"><strong>Caf\u00e9s muito especiais<\/strong><\/p>\n\n\n\n<p class=\"wp-block-paragraph\">Bolos artesanais sempre estiveram na origem da grife, que tamb\u00e9m oferece doces sofisticados, como trufa vegana, torta de lim\u00e3o, cheesecake e brownie com sorvete. Outra presen\u00e7a marcante no Ernesto \u00e9 premiada carta de caf\u00e9s.<\/p>\n\n\n\n<p class=\"wp-block-paragraph\">Al\u00e9m do tradicional caf\u00e9zinho \u30fc tirado em diferentes t\u00e9cnicas e servidos em lotes especiais, a consultar na casa \u30fc , o card\u00e1pio traz op\u00e7\u00f5es como o Caf\u00e9 \u00e0 Mineira (R$ 23), servido num tamanho de 120ml acompanhado de fatias de goiabada casc\u00e3o e queijo artesanal mineiro e por\u00e7\u00e3o de doce de leite.<\/p>\n\n\n\n<p class=\"wp-block-paragraph\">A bebida ainda serve como base para drinques, como o Ernesto (R$ 39), que combina espresso, sorvete de baunilha, ess\u00eancia de avel\u00e3, ovomaltine e borda de Nutella com granulado de castanha de caju; e o Banana com Cacau (27), preparado com espresso, banana, leite e chocolate em p\u00f3. Por mais R$ 5, o leite pode ser trocado por leite de aveia.<\/p>\n\n\n\n<figure class=\"wp-block-image size-large\"><a href=\"https:\/\/blogs.correiobraziliense.com.br\/lianasabo\/wp-content\/uploads\/sites\/25\/2026\/08\/IMG_3993.JPG.jpeg\"><img loading=\"lazy\" decoding=\"async\" width=\"819\" height=\"1024\" src=\"https:\/\/blogs.correiobraziliense.com.br\/lianasabo\/wp-content\/uploads\/sites\/25\/2026\/08\/IMG_3993.JPG-819x1024.jpeg\" alt=\"Caf\u00e9 do Ernesto Caf\u00e9\" class=\"wp-image-11171\" srcset=\"https:\/\/blogs.correiobraziliense.com.br\/lianasabo\/wp-content\/uploads\/sites\/25\/2026\/08\/IMG_3993.JPG-819x1024.jpeg 819w, https:\/\/blogs.correiobraziliense.com.br\/lianasabo\/wp-content\/uploads\/sites\/25\/2026\/08\/IMG_3993.JPG-240x300.jpeg 240w, https:\/\/blogs.correiobraziliense.com.br\/lianasabo\/wp-content\/uploads\/sites\/25\/2026\/08\/IMG_3993.JPG-768x960.jpeg 768w, https:\/\/blogs.correiobraziliense.com.br\/lianasabo\/wp-content\/uploads\/sites\/25\/2026\/08\/IMG_3993.JPG-1229x1536.jpeg 1229w, https:\/\/blogs.correiobraziliense.com.br\/lianasabo\/wp-content\/uploads\/sites\/25\/2026\/08\/IMG_3993.JPG-1440x1800.jpeg 1440w, https:\/\/blogs.correiobraziliense.com.br\/lianasabo\/wp-content\/uploads\/sites\/25\/2026\/08\/IMG_3993.JPG-800x1000.jpeg 800w, https:\/\/blogs.correiobraziliense.com.br\/lianasabo\/wp-content\/uploads\/sites\/25\/2026\/08\/IMG_3993.JPG-550x688.jpeg 550w, https:\/\/blogs.correiobraziliense.com.br\/lianasabo\/wp-content\/uploads\/sites\/25\/2026\/08\/IMG_3993.JPG-230x288.jpeg 230w, https:\/\/blogs.correiobraziliense.com.br\/lianasabo\/wp-content\/uploads\/sites\/25\/2026\/08\/IMG_3993.JPG.jpeg 1638w\" sizes=\"auto, (max-width: 819px) 100vw, 819px\" \/><\/a><figcaption class=\"wp-element-caption\">Lotes especiais de caf\u00e9 s\u00e3o servidos em diversas t\u00e9cnicas no Ernesto Caf\u00e9. Foto: Pedro Calil\/Divulga\u00e7\u00e3o<\/figcaption><\/figure>\n\n\n\n<p class=\"wp-block-paragraph\">Entre os alco\u00f3licos, a bebida mania nacional aparece no Espresso Baru (R$ 36), com espresso, leite vaporizado gelado e licor de baru Baruzetto, finalizado com noz moscada; e no Vermute da Casa (R$ 38), com vermute rosso San Basile infusionado com caf\u00e9 da Serra da Mantiqueira.<\/p>\n\n\n\n<p class=\"wp-block-paragraph\"><strong>Restaurant Week<\/strong><\/p>\n\n\n\n<p class=\"wp-block-paragraph\">A casa participa usualmente do Restaurant Week, tradicional festival em que restaurantes e caf\u00e9s da cidade f\u00f3rmulas com entrada, prato principal e sobremesa a pre\u00e7os convidativos. Este ano, o sucesso foi t\u00e3o grande que a op\u00e7\u00e3o passa a fazer parte do menu da casa. Dessa forma, ser\u00e3o servidos Estrogonofe Ernesto (estrogonofe de frango, arroz e batata palha &#8211; R$ 38); Carreteiro Brasileiro (arroz, charque, bacon, lingui\u00e7a toscana, tomate, queijo coalho, pimenta-de-cheiro e ovo frito &#8211; R$ 55); e Espaguete com pesto de coentro (espaguete, pesto de coentro, cogumelo Paris e castanha de caju &#8211; R$ 36).<\/p>\n\n\n\n<p class=\"wp-block-paragraph\"><strong>Brunch<\/strong><\/p>\n\n\n\n<figure class=\"wp-block-image size-large\"><a href=\"https:\/\/blogs.correiobraziliense.com.br\/lianasabo\/wp-content\/uploads\/sites\/25\/2026\/08\/20260814_181728.jpg-scaled.jpg\"><img loading=\"lazy\" decoding=\"async\" width=\"577\" height=\"1024\" src=\"https:\/\/blogs.correiobraziliense.com.br\/lianasabo\/wp-content\/uploads\/sites\/25\/2026\/08\/20260814_181728.jpg-577x1024.jpg\" alt=\"\" class=\"wp-image-11176\" srcset=\"https:\/\/blogs.correiobraziliense.com.br\/lianasabo\/wp-content\/uploads\/sites\/25\/2026\/08\/20260814_181728.jpg-577x1024.jpg 577w, https:\/\/blogs.correiobraziliense.com.br\/lianasabo\/wp-content\/uploads\/sites\/25\/2026\/08\/20260814_181728.jpg-169x300.jpg 169w, https:\/\/blogs.correiobraziliense.com.br\/lianasabo\/wp-content\/uploads\/sites\/25\/2026\/08\/20260814_181728.jpg-768x1364.jpg 768w, https:\/\/blogs.correiobraziliense.com.br\/lianasabo\/wp-content\/uploads\/sites\/25\/2026\/08\/20260814_181728.jpg-865x1536.jpg 865w, https:\/\/blogs.correiobraziliense.com.br\/lianasabo\/wp-content\/uploads\/sites\/25\/2026\/08\/20260814_181728.jpg-1153x2048.jpg 1153w, https:\/\/blogs.correiobraziliense.com.br\/lianasabo\/wp-content\/uploads\/sites\/25\/2026\/08\/20260814_181728.jpg-1440x2558.jpg 1440w, https:\/\/blogs.correiobraziliense.com.br\/lianasabo\/wp-content\/uploads\/sites\/25\/2026\/08\/20260814_181728.jpg-800x1421.jpg 800w, https:\/\/blogs.correiobraziliense.com.br\/lianasabo\/wp-content\/uploads\/sites\/25\/2026\/08\/20260814_181728.jpg-550x977.jpg 550w, https:\/\/blogs.correiobraziliense.com.br\/lianasabo\/wp-content\/uploads\/sites\/25\/2026\/08\/20260814_181728.jpg-230x409.jpg 230w, https:\/\/blogs.correiobraziliense.com.br\/lianasabo\/wp-content\/uploads\/sites\/25\/2026\/08\/20260814_181728.jpg-scaled.jpg 1441w\" sizes=\"auto, (max-width: 577px) 100vw, 577px\" \/><\/a><figcaption class=\"wp-element-caption\">S\u00e1bado, a casa oferecer\u00e1 um brunch especial, com vaga para 20 pessoas. Foto: Divulga\u00e7\u00e3o<\/figcaption><\/figure>\n\n\n\n<p class=\"wp-block-paragraph\">Al\u00e9m de ser uma \u00f3tima op\u00e7\u00e3o para quem vai curtir as atra\u00e7\u00f5es da Caixa Cultural, o Ernesto Caf\u00e9 do local faz seus pr\u00f3prios eventos. No pr\u00f3ximo s\u00e1bado (5\/9), ser\u00e1 a vez de um brunch, servido das 9h \u00e0s 11h30. As vagas s\u00e3o limitadas a 20 pessoas. Ent\u00e3o, \u00e9 bom garantir seu lugar. <a href=\"https:\/\/www.loja.ernestocafesespeciais.com.br\/event-details\/brunch-harmonizado-ernesto-convida-une-cozinha\">As inscri\u00e7\u00f5es podem ser feitas online<\/a>.<\/p>\n\n\n\n<p class=\"wp-block-paragraph\">A experi\u00eancia custar\u00e1 R$ 180, por pessoa, e surge da parceria entre o brasiliense Ernesto Caf\u00e9 e o UNE Cozinha, restaurante conceitual e galeria de arte viva no Rio Vermelho, em Salvador (BA). Servido harmonizado com caf\u00e9s especiais da casa, o menu inclui tostada de tartare de tomate, katsu de camar\u00e3o, toast de parma com figo e rabanada com banana, requeij\u00e3o de corte e caramelo de miss\u00f4.<\/p>\n\n\n\n<p class=\"wp-block-paragraph\"><\/p>\n","protected":false},"excerpt":{"rendered":"<p>Unidade do Caf\u00e9 Ernesto da Caixa Cultural completa um ano com op\u00e7\u00f5es que v\u00e3o do mineir\u00edssimo cafezinho com p\u00e3o de queijo a pratos sofisticados e caf\u00e9 especiais<\/p>\n","protected":false},"author":54,"featured_media":11170,"comment_status":"open","ping_status":"open","sticky":false,"template":"","format":"standard","meta":{"footnotes":""},"categories":[211],"tags":[1544,1543],"class_list":["post-11169","post","type-post","status-publish","format-standard","has-post-thumbnail","hentry","category-cafes","tag-ernesto-cafe","tag-espaco-cultural-da-caixa-economica"],"_links":{"self":[{"href":"https:\/\/blogs.correiobraziliense.com.br\/lianasabo\/wp-json\/wp\/v2\/posts\/11169","targetHints":{"allow":["GET"]}}],"collection":[{"href":"https:\/\/blogs.correiobraziliense.com.br\/lianasabo\/wp-json\/wp\/v2\/posts"}],"about":[{"href":"https:\/\/blogs.correiobraziliense.com.br\/lianasabo\/wp-json\/wp\/v2\/types\/post"}],"author":[{"embeddable":true,"href":"https:\/\/blogs.correiobraziliense.com.br\/lianasabo\/wp-json\/wp\/v2\/users\/54"}],"replies":[{"embeddable":true,"href":"https:\/\/blogs.correiobraziliense.com.br\/lianasabo\/wp-json\/wp\/v2\/comments?post=11169"}],"version-history":[{"count":6,"href":"https:\/\/blogs.correiobraziliense.com.br\/lianasabo\/wp-json\/wp\/v2\/posts\/11169\/revisions"}],"predecessor-version":[{"id":11184,"href":"https:\/\/blogs.correiobraziliense.com.br\/lianasabo\/wp-json\/wp\/v2\/posts\/11169\/revisions\/11184"}],"wp:featuredmedia":[{"embeddable":true,"href":"https:\/\/blogs.correiobraziliense.com.br\/lianasabo\/wp-json\/wp\/v2\/media\/11170"}],"wp:attachment":[{"href":"https:\/\/blogs.correiobraziliense.com.br\/lianasabo\/wp-json\/wp\/v2\/media?parent=11169"}],"wp:term":[{"taxonomy":"category","embeddable":true,"href":"https:\/\/blogs.correiobraziliense.com.br\/lianasabo\/wp-json\/wp\/v2\/categories?post=11169"},{"taxonomy":"post_tag","embeddable":true,"href":"https:\/\/blogs.correiobraziliense.com.br\/lianasabo\/wp-json\/wp\/v2\/tags?post=11169"}],"curies":[{"name":"wp","href":"https:\/\/api.w.org\/{rel}","templated":true}]}}