{"id":11095,"date":"2026-08-08T12:57:08","date_gmt":"2026-08-08T15:57:08","guid":{"rendered":"https:\/\/blogs.correiobraziliense.com.br\/lianasabo\/?p=11095"},"modified":"2026-08-08T12:58:30","modified_gmt":"2026-08-08T15:58:30","slug":"encontro-gastro-aponta-os-melhores-de-2026","status":"publish","type":"post","link":"https:\/\/blogs.correiobraziliense.com.br\/lianasabo\/encontro-gastro-aponta-os-melhores-de-2026\/","title":{"rendered":"Encontro Gastr\u00f4 aponta os melhores de 2026"},"content":{"rendered":"<figure id=\"attachment_11097\" aria-describedby=\"caption-attachment-11097\" style=\"width: 1440px\" class=\"wp-caption aligncenter\"><a href=\"https:\/\/blogs.correiobraziliense.com.br\/lianasabo\/wp-content\/uploads\/sites\/25\/2026\/08\/WhatsApp-Image-2026-08-08-at-09.40.45.jpeg\"><img loading=\"lazy\" decoding=\"async\" class=\"size-full wp-image-11097\" src=\"https:\/\/blogs.correiobraziliense.com.br\/lianasabo\/wp-content\/uploads\/sites\/25\/2026\/08\/WhatsApp-Image-2026-08-08-at-09.40.45.jpeg\" alt=\"\" width=\"1440\" height=\"960\" srcset=\"https:\/\/blogs.correiobraziliense.com.br\/lianasabo\/wp-content\/uploads\/sites\/25\/2026\/08\/WhatsApp-Image-2026-08-08-at-09.40.45.jpeg 1440w, https:\/\/blogs.correiobraziliense.com.br\/lianasabo\/wp-content\/uploads\/sites\/25\/2026\/08\/WhatsApp-Image-2026-08-08-at-09.40.45-300x200.jpeg 300w, https:\/\/blogs.correiobraziliense.com.br\/lianasabo\/wp-content\/uploads\/sites\/25\/2026\/08\/WhatsApp-Image-2026-08-08-at-09.40.45-768x512.jpeg 768w, https:\/\/blogs.correiobraziliense.com.br\/lianasabo\/wp-content\/uploads\/sites\/25\/2026\/08\/WhatsApp-Image-2026-08-08-at-09.40.45-1024x683.jpeg 1024w, https:\/\/blogs.correiobraziliense.com.br\/lianasabo\/wp-content\/uploads\/sites\/25\/2026\/08\/WhatsApp-Image-2026-08-08-at-09.40.45-800x533.jpeg 800w, https:\/\/blogs.correiobraziliense.com.br\/lianasabo\/wp-content\/uploads\/sites\/25\/2026\/08\/WhatsApp-Image-2026-08-08-at-09.40.45-550x367.jpeg 550w, https:\/\/blogs.correiobraziliense.com.br\/lianasabo\/wp-content\/uploads\/sites\/25\/2026\/08\/WhatsApp-Image-2026-08-08-at-09.40.45-230x153.jpeg 230w\" sizes=\"auto, (max-width: 1440px) 100vw, 1440px\" \/><\/a><figcaption id=\"caption-attachment-11097\" class=\"wp-caption-text\">Premiados pela revista em 2025<\/figcaption><\/figure>\n<h3>Premiados pela revista <em>Encontro Gastr\u00f4<\/em> em 39 categorias ser\u00e3o conhecidos na segunda-feira (10)<\/h3>\n<p>Depois de mais de 100 dias de vota\u00e7\u00e3o com alto engajamento do p\u00fablico brasiliense ser\u00e3o conhecidos nesta segunda-feira, 10 de agosto, os vencedores do pr\u00eamio Encontro Gastr\u00f4 2026, que chega este ano \u00e0 13\u00aa edi\u00e7\u00e3o. O an\u00fancio ser\u00e1 feito durante evento no Bras\u00edlia Palace Hotel, que tem abrigado anualmente a maior e a mais importante premia\u00e7\u00e3o do circuito gastron\u00f4mico da cidade.<\/p>\n<p>A elei\u00e7\u00e3o teve participa\u00e7\u00e3o de 50 jurados, distribu\u00eddos em cinco grandes grupos, somados a vota\u00e7\u00e3o on-line, em um primeiro momento. O segundo turno, exclusivamente pela internet, definiu os vencedores de 39 categorias entre os tr\u00eas finalistas de cada uma delas. Este ano h\u00e1 um pr\u00eamio especial Sebrae-DF das Micro e Pequenas Empresas, cuja vota\u00e7\u00e3o foi feita apenas por internautas.<\/p>\n<p>Com perfis de casas e profissionais finalistas, al\u00e9m de mat\u00e9rias sobre o mundo da gastronomia distribu\u00eddos em quase 300 p\u00e1ginas, o guia <em>Encontro Gastr\u00f4 \u2013 O Melhor de Bras\u00edlia 2026<\/em>, uma produ\u00e7\u00e3o da <em>Revista Encontro<\/em> e do <strong>Correio Braziliense<\/strong>, que ser\u00e1 lan\u00e7ado segunda-feira, traz o Pr\u00eamio BRBCard de Gastronomia Encontro Gastr\u00f4, que por sua vez \u00e9 uma realiza\u00e7\u00e3o do Instituto Cerrado Cultural, com patroc\u00ednio do BRBCard e Senai, oferecimento da Del Maipo e apoio do Sebrae.<\/p>\n<p>Todo o conte\u00fado estar\u00e1 dispon\u00edvel, a partir de segunda-feira, no site<br \/>\n<a href=\"http:\/\/revistaencontro.com.br\/encontrogastro\">revistaencontro.com.br\/encontrogastro<\/a><\/p>\n","protected":false},"excerpt":{"rendered":"<p>Premiados pela revista Encontro Gastr\u00f4 em 39 categorias ser\u00e3o conhecidos na segunda-feira (10)<\/p>\n","protected":false},"author":54,"featured_media":11097,"comment_status":"open","ping_status":"open","sticky":false,"template":"","format":"standard","meta":{"footnotes":""},"categories":[486],"tags":[1529],"class_list":["post-11095","post","type-post","status-publish","format-standard","has-post-thumbnail","hentry","category-evento","tag-premio-encontro-gastro-2026"],"_links":{"self":[{"href":"https:\/\/blogs.correiobraziliense.com.br\/lianasabo\/wp-json\/wp\/v2\/posts\/11095","targetHints":{"allow":["GET"]}}],"collection":[{"href":"https:\/\/blogs.correiobraziliense.com.br\/lianasabo\/wp-json\/wp\/v2\/posts"}],"about":[{"href":"https:\/\/blogs.correiobraziliense.com.br\/lianasabo\/wp-json\/wp\/v2\/types\/post"}],"author":[{"embeddable":true,"href":"https:\/\/blogs.correiobraziliense.com.br\/lianasabo\/wp-json\/wp\/v2\/users\/54"}],"replies":[{"embeddable":true,"href":"https:\/\/blogs.correiobraziliense.com.br\/lianasabo\/wp-json\/wp\/v2\/comments?post=11095"}],"version-history":[{"count":3,"href":"https:\/\/blogs.correiobraziliense.com.br\/lianasabo\/wp-json\/wp\/v2\/posts\/11095\/revisions"}],"predecessor-version":[{"id":11099,"href":"https:\/\/blogs.correiobraziliense.com.br\/lianasabo\/wp-json\/wp\/v2\/posts\/11095\/revisions\/11099"}],"wp:featuredmedia":[{"embeddable":true,"href":"https:\/\/blogs.correiobraziliense.com.br\/lianasabo\/wp-json\/wp\/v2\/media\/11097"}],"wp:attachment":[{"href":"https:\/\/blogs.correiobraziliense.com.br\/lianasabo\/wp-json\/wp\/v2\/media?parent=11095"}],"wp:term":[{"taxonomy":"category","embeddable":true,"href":"https:\/\/blogs.correiobraziliense.com.br\/lianasabo\/wp-json\/wp\/v2\/categories?post=11095"},{"taxonomy":"post_tag","embeddable":true,"href":"https:\/\/blogs.correiobraziliense.com.br\/lianasabo\/wp-json\/wp\/v2\/tags?post=11095"}],"curies":[{"name":"wp","href":"https:\/\/api.w.org\/{rel}","templated":true}]}}