{"id":11021,"date":"2026-07-23T12:22:37","date_gmt":"2026-07-23T15:22:37","guid":{"rendered":"https:\/\/blogs.correiobraziliense.com.br\/lianasabo\/?p=11021"},"modified":"2026-07-24T11:24:30","modified_gmt":"2026-07-24T14:24:30","slug":"vinhos-e-alta-gastronomia-ao-ar-livre","status":"publish","type":"post","link":"https:\/\/blogs.correiobraziliense.com.br\/lianasabo\/vinhos-e-alta-gastronomia-ao-ar-livre\/","title":{"rendered":"Vinhos e alta gastronomia ao ar livre"},"content":{"rendered":"<h3>Evento une os vinhos da Porto a Porto e o requinte do Lake&#8217;s em noite no jardim do restaurante<\/h3>\n<p>Duas grifes top da enogastronomia da cidade \u2014 Lake&#8217;s e Porto a Porto \u2014 promovem, s\u00e1bado (25), uma noite especial, na qual ser\u00e3o degustados cerca de 30 r\u00f3tulos de vinhos de diferentes regi\u00f5es produtoras durante jantar pilotado pela chef da casa e s\u00f3cia Andr\u00e9a Munhoz, que desenvolveu menu harmonizado buscando equil\u00edbrio entre as caracter\u00edsticas da bebida e os sabores dos pratos.<\/p>\n<p>O evento ter\u00e1 lugar no jardim do Lake\u00b4s, que fica atr\u00e1s do restaurante localizado no Bloco C da 402 Sul. As vagas s\u00e3o limitadas e as reservas se confirmam mediante o pagamento de R$ 350 (individual) ou R$ 600 (casal). Telefone 3323-1029.<\/p>\n<p><strong>Viagem pelo mundo<\/strong><\/p>\n<figure id=\"attachment_11024\" aria-describedby=\"caption-attachment-11024\" style=\"width: 1280px\" class=\"wp-caption aligncenter\"><a href=\"https:\/\/blogs.correiobraziliense.com.br\/lianasabo\/wp-content\/uploads\/sites\/25\/2026\/07\/porto_porto.jpeg\"><img loading=\"lazy\" decoding=\"async\" class=\"wp-image-11024 size-full\" src=\"https:\/\/blogs.correiobraziliense.com.br\/lianasabo\/wp-content\/uploads\/sites\/25\/2026\/07\/porto_porto.jpeg\" alt=\"\" width=\"1280\" height=\"960\" srcset=\"https:\/\/blogs.correiobraziliense.com.br\/lianasabo\/wp-content\/uploads\/sites\/25\/2026\/07\/porto_porto.jpeg 1280w, https:\/\/blogs.correiobraziliense.com.br\/lianasabo\/wp-content\/uploads\/sites\/25\/2026\/07\/porto_porto-300x225.jpeg 300w, https:\/\/blogs.correiobraziliense.com.br\/lianasabo\/wp-content\/uploads\/sites\/25\/2026\/07\/porto_porto-768x576.jpeg 768w, https:\/\/blogs.correiobraziliense.com.br\/lianasabo\/wp-content\/uploads\/sites\/25\/2026\/07\/porto_porto-1024x768.jpeg 1024w, https:\/\/blogs.correiobraziliense.com.br\/lianasabo\/wp-content\/uploads\/sites\/25\/2026\/07\/porto_porto-800x600.jpeg 800w, https:\/\/blogs.correiobraziliense.com.br\/lianasabo\/wp-content\/uploads\/sites\/25\/2026\/07\/porto_porto-550x413.jpeg 550w, https:\/\/blogs.correiobraziliense.com.br\/lianasabo\/wp-content\/uploads\/sites\/25\/2026\/07\/porto_porto-230x173.jpeg 230w\" sizes=\"auto, (max-width: 1280px) 100vw, 1280px\" \/><\/a><figcaption id=\"caption-attachment-11024\" class=\"wp-caption-text\">A variedade de r\u00f3tulos ofertados no evento chama a aten\u00e7\u00e3o<\/figcaption><\/figure>\n<p>\u201cA ideia \u00e9 proporcionar uma experi\u00eancia sensorial completa que fosse al\u00e9m de um jantar tradicional, unindo os vinhos de alta qualidade da importadora Porto a Porto com a gastronomia praticada na casa em um ambiente agrad\u00e1vel, ao ar livre, e cercado pela beleza do jardim\u201d, explica Zeli Ribeiro, fundador da grife h\u00e1 mais de 30 anos.<\/p>\n<p>Na ta\u00e7a ser\u00e3o degustados vinhos de diferentes origens, do Velho Mundo, como Fran\u00e7a, Portugal, It\u00e1lia e Espanha, e de importantes produtores do Novo Mundo, como Chile, Argentina e Brasil. \u201cMais do que destacar um \u00fanico pa\u00eds, buscamos apresentar a diversidade do universo do vinho e mostrar como cada regi\u00e3o expressa sua identidade por meio de seus terroirs e de suas variedades\u201d, completa o experiente propriet\u00e1rio, que tem ao lado, a mulher \u00c2ngela. O casal recebeu o pr\u00eamio Encontro Gastr\u00f4 2025 no quesito melhor feijoada, que \u00e9 servida no almo\u00e7o de s\u00e1bado.<\/p>\n","protected":false},"excerpt":{"rendered":"<p>Evento une os vinhos da Porto a Porto e o requinte do Lake&#8217;s em noite no jardim do restaurante<\/p>\n","protected":false},"author":54,"featured_media":369,"comment_status":"open","ping_status":"open","sticky":false,"template":"","format":"standard","meta":{"footnotes":""},"categories":[486],"tags":[607,1128,1483],"class_list":["post-11021","post","type-post","status-publish","format-standard","has-post-thumbnail","hentry","category-evento","tag-jantar-harmonizado","tag-lakes-restaurante","tag-porto-a-porto"],"_links":{"self":[{"href":"https:\/\/blogs.correiobraziliense.com.br\/lianasabo\/wp-json\/wp\/v2\/posts\/11021","targetHints":{"allow":["GET"]}}],"collection":[{"href":"https:\/\/blogs.correiobraziliense.com.br\/lianasabo\/wp-json\/wp\/v2\/posts"}],"about":[{"href":"https:\/\/blogs.correiobraziliense.com.br\/lianasabo\/wp-json\/wp\/v2\/types\/post"}],"author":[{"embeddable":true,"href":"https:\/\/blogs.correiobraziliense.com.br\/lianasabo\/wp-json\/wp\/v2\/users\/54"}],"replies":[{"embeddable":true,"href":"https:\/\/blogs.correiobraziliense.com.br\/lianasabo\/wp-json\/wp\/v2\/comments?post=11021"}],"version-history":[{"count":4,"href":"https:\/\/blogs.correiobraziliense.com.br\/lianasabo\/wp-json\/wp\/v2\/posts\/11021\/revisions"}],"predecessor-version":[{"id":11026,"href":"https:\/\/blogs.correiobraziliense.com.br\/lianasabo\/wp-json\/wp\/v2\/posts\/11021\/revisions\/11026"}],"wp:featuredmedia":[{"embeddable":true,"href":"https:\/\/blogs.correiobraziliense.com.br\/lianasabo\/wp-json\/wp\/v2\/media\/369"}],"wp:attachment":[{"href":"https:\/\/blogs.correiobraziliense.com.br\/lianasabo\/wp-json\/wp\/v2\/media?parent=11021"}],"wp:term":[{"taxonomy":"category","embeddable":true,"href":"https:\/\/blogs.correiobraziliense.com.br\/lianasabo\/wp-json\/wp\/v2\/categories?post=11021"},{"taxonomy":"post_tag","embeddable":true,"href":"https:\/\/blogs.correiobraziliense.com.br\/lianasabo\/wp-json\/wp\/v2\/tags?post=11021"}],"curies":[{"name":"wp","href":"https:\/\/api.w.org\/{rel}","templated":true}]}}