{"id":11015,"date":"2026-07-23T10:07:06","date_gmt":"2026-07-23T13:07:06","guid":{"rendered":"https:\/\/blogs.correiobraziliense.com.br\/lianasabo\/?p=11015"},"modified":"2026-07-23T10:07:06","modified_gmt":"2026-07-23T13:07:06","slug":"ainda-e-tempo-de-arraial","status":"publish","type":"post","link":"https:\/\/blogs.correiobraziliense.com.br\/lianasabo\/ainda-e-tempo-de-arraial\/","title":{"rendered":"Ainda \u00e9 tempo de arraial!"},"content":{"rendered":"<h3>Festa junina do Boulevard Shopping ter\u00e1 comidas t\u00edpicas, apresenta\u00e7\u00e3o de quadrilhas e muito forr\u00f3<\/h3>\n<p>Junho j\u00e1 se foi, julho est\u00e1 na reta final, mas elas continuam animando o brasiliense. As festas juninas ainda confortam nosso est\u00f4mago com suas comidas t\u00edpicas e com cara de interior. Sexta (24) e s\u00e1bado (25) ser\u00e1 a vez do Arra\u00eda do Boulevard Shopping, evento que estar\u00e1 aberto ao p\u00fablico das 18h \u00e0s 22h.<\/p>\n<figure id=\"attachment_11018\" aria-describedby=\"caption-attachment-11018\" style=\"width: 1280px\" class=\"wp-caption aligncenter\"><a href=\"https:\/\/blogs.correiobraziliense.com.br\/lianasabo\/wp-content\/uploads\/sites\/25\/2026\/07\/So-Pra-Xamegar-Arquivo-Pessoal-1-1280x824.jpg\"><img loading=\"lazy\" decoding=\"async\" class=\"wp-image-11018 size-full\" src=\"https:\/\/blogs.correiobraziliense.com.br\/lianasabo\/wp-content\/uploads\/sites\/25\/2026\/07\/So-Pra-Xamegar-Arquivo-Pessoal-1-1280x824.jpg\" alt=\"\" width=\"1280\" height=\"824\" srcset=\"https:\/\/blogs.correiobraziliense.com.br\/lianasabo\/wp-content\/uploads\/sites\/25\/2026\/07\/So-Pra-Xamegar-Arquivo-Pessoal-1-1280x824.jpg 1280w, https:\/\/blogs.correiobraziliense.com.br\/lianasabo\/wp-content\/uploads\/sites\/25\/2026\/07\/So-Pra-Xamegar-Arquivo-Pessoal-1-1280x824-300x193.jpg 300w, https:\/\/blogs.correiobraziliense.com.br\/lianasabo\/wp-content\/uploads\/sites\/25\/2026\/07\/So-Pra-Xamegar-Arquivo-Pessoal-1-1280x824-768x494.jpg 768w, https:\/\/blogs.correiobraziliense.com.br\/lianasabo\/wp-content\/uploads\/sites\/25\/2026\/07\/So-Pra-Xamegar-Arquivo-Pessoal-1-1280x824-1024x659.jpg 1024w, https:\/\/blogs.correiobraziliense.com.br\/lianasabo\/wp-content\/uploads\/sites\/25\/2026\/07\/So-Pra-Xamegar-Arquivo-Pessoal-1-1280x824-800x515.jpg 800w, https:\/\/blogs.correiobraziliense.com.br\/lianasabo\/wp-content\/uploads\/sites\/25\/2026\/07\/So-Pra-Xamegar-Arquivo-Pessoal-1-1280x824-550x354.jpg 550w, https:\/\/blogs.correiobraziliense.com.br\/lianasabo\/wp-content\/uploads\/sites\/25\/2026\/07\/So-Pra-Xamegar-Arquivo-Pessoal-1-1280x824-230x148.jpg 230w\" sizes=\"auto, (max-width: 1280px) 100vw, 1280px\" \/><\/a><figcaption id=\"caption-attachment-11018\" class=\"wp-caption-text\">A banda S\u00f3 pra Xamegar \u00e9 a atra\u00e7\u00e3o musical de sexta-feira na festa junina do Boulevard Shopping<\/figcaption><\/figure>\n<p>Al\u00e9m das barraquinhas de del\u00edcias caracter\u00edsticas deste ano, a festa ter\u00e1 apresenta\u00e7\u00e3o de quadrilhas, \u00e1rea para a crian\u00e7ada brincar e m\u00fasica ao vivo. Na sexta-feira, as apresenta\u00e7\u00f5es ser\u00e3o da quadrilha Aconx\u00eago, \u00e0s 19h30, e da banda S\u00f3 Pra Xamegar, \u00e0s 20h.<\/p>\n<p>No dia seguinte, sobem ao palco o pessoal da Arroxa o N\u00f3, \u00e0s 19h30, e os cantores da banda Encosta Neu, \u00e0s 20h. Nos dois dias, o grupo Matrakaberta abre a programa\u00e7\u00e3o cultural, \u00e0s 18h.<\/p>\n<p>O Arrai\u00e1 do Boulevard ser\u00e1 montado na \u00e1rea externa do shopping, no estacionamento. A entrada \u00e9 franca e quem doar 1kg de alimentos n\u00e3o perec\u00edveis poder\u00e1 participar de um bingo e de sorteio de brindes.<\/p>\n","protected":false},"excerpt":{"rendered":"<p>Festa junina do Boulevard Shopping ter\u00e1 comidas t\u00edpicas, apresenta\u00e7\u00e3o de quadrilhas e muito forr\u00f3<\/p>\n","protected":false},"author":54,"featured_media":11017,"comment_status":"open","ping_status":"open","sticky":false,"template":"","format":"standard","meta":{"footnotes":""},"categories":[455],"tags":[1509,1510],"class_list":["post-11015","post","type-post","status-publish","format-standard","has-post-thumbnail","hentry","category-festa-junina","tag-arraia-do-boulevard","tag-comida-tipica"],"_links":{"self":[{"href":"https:\/\/blogs.correiobraziliense.com.br\/lianasabo\/wp-json\/wp\/v2\/posts\/11015","targetHints":{"allow":["GET"]}}],"collection":[{"href":"https:\/\/blogs.correiobraziliense.com.br\/lianasabo\/wp-json\/wp\/v2\/posts"}],"about":[{"href":"https:\/\/blogs.correiobraziliense.com.br\/lianasabo\/wp-json\/wp\/v2\/types\/post"}],"author":[{"embeddable":true,"href":"https:\/\/blogs.correiobraziliense.com.br\/lianasabo\/wp-json\/wp\/v2\/users\/54"}],"replies":[{"embeddable":true,"href":"https:\/\/blogs.correiobraziliense.com.br\/lianasabo\/wp-json\/wp\/v2\/comments?post=11015"}],"version-history":[{"count":3,"href":"https:\/\/blogs.correiobraziliense.com.br\/lianasabo\/wp-json\/wp\/v2\/posts\/11015\/revisions"}],"predecessor-version":[{"id":11020,"href":"https:\/\/blogs.correiobraziliense.com.br\/lianasabo\/wp-json\/wp\/v2\/posts\/11015\/revisions\/11020"}],"wp:featuredmedia":[{"embeddable":true,"href":"https:\/\/blogs.correiobraziliense.com.br\/lianasabo\/wp-json\/wp\/v2\/media\/11017"}],"wp:attachment":[{"href":"https:\/\/blogs.correiobraziliense.com.br\/lianasabo\/wp-json\/wp\/v2\/media?parent=11015"}],"wp:term":[{"taxonomy":"category","embeddable":true,"href":"https:\/\/blogs.correiobraziliense.com.br\/lianasabo\/wp-json\/wp\/v2\/categories?post=11015"},{"taxonomy":"post_tag","embeddable":true,"href":"https:\/\/blogs.correiobraziliense.com.br\/lianasabo\/wp-json\/wp\/v2\/tags?post=11015"}],"curies":[{"name":"wp","href":"https:\/\/api.w.org\/{rel}","templated":true}]}}