{"id":10988,"date":"2026-07-21T14:47:20","date_gmt":"2026-07-21T17:47:20","guid":{"rendered":"https:\/\/blogs.correiobraziliense.com.br\/lianasabo\/?p=10988"},"modified":"2026-07-21T15:18:34","modified_gmt":"2026-07-21T18:18:34","slug":"que-delicia-de-ferias","status":"publish","type":"post","link":"https:\/\/blogs.correiobraziliense.com.br\/lianasabo\/que-delicia-de-ferias\/","title":{"rendered":"Que del\u00edcia de f\u00e9rias!"},"content":{"rendered":"<h3>Festivais gastron\u00f4micos e menus especiais marcam as f\u00e9rias de julho na capital federal<\/h3>\n<p>Para muitos \u30fc especialmente para os estudantes \u30fc, o m\u00eas de julho \u00e9 marcado pelas f\u00e9rias. Mas a data tamb\u00e9m pode ser lembrada por experi\u00eancias gastron\u00f4micas que levam em conta n\u00e3o s\u00f3 o per\u00edodo de recesso, mas tamb\u00e9m a esta\u00e7\u00e3o mais fria do ano. As op\u00e7\u00f5es v\u00e3o de um sofisticado menu degusta\u00e7\u00e3o ao bom e velho restaurante a quilo. Confira!<\/p>\n<p><strong>Na Praia Festival<\/strong><\/p>\n<p>At\u00e9 o dia 14 de setembro, Bras\u00edlia recebe a 9\u00aa edi\u00e7\u00e3o do festival Na Praia. Conhecido por shows de grandes nomes da m\u00fasica brasileira, como Caetano Veloso e Martinho da Vila, o evento n\u00e3o deixa nada a deseja quando o assunto \u00e9 gastronomia. As op\u00e7\u00f5es encontradas em mais de 20 bares e restaurantes v\u00e3o de lanches e sobremesas a pratos mais elaborados.<\/p>\n<p>O comensal encontrar\u00e1 A\u00e7a\u00ed Artesanal, Amor de Pipoca, Bar da Praia, Barraca do Coco, Blend Boucherie, Casa Baco, Caf\u00e9 e um Ch\u00earo, Crepe Pica Pau, Dog da Igrejinha, Happy Harry, Gastro Bar, Giraffas, Luma Couto, Mahalo Poke, Marzuk, Pastel Mix, Ricco Burger, Same Same, Shake to Go e Strogonoff Paulo Tarso.<\/p>\n<figure id=\"attachment_10992\" aria-describedby=\"caption-attachment-10992\" style=\"width: 1650px\" class=\"wp-caption aligncenter\"><a href=\"https:\/\/blogs.correiobraziliense.com.br\/lianasabo\/wp-content\/uploads\/sites\/25\/2026\/07\/@deborahvictooria-18-8.jpg\"><img loading=\"lazy\" decoding=\"async\" class=\"wp-image-10992 size-full\" src=\"https:\/\/blogs.correiobraziliense.com.br\/lianasabo\/wp-content\/uploads\/sites\/25\/2026\/07\/@deborahvictooria-18-8.jpg\" alt=\"\" width=\"1650\" height=\"2474\" srcset=\"https:\/\/blogs.correiobraziliense.com.br\/lianasabo\/wp-content\/uploads\/sites\/25\/2026\/07\/@deborahvictooria-18-8.jpg 1650w, https:\/\/blogs.correiobraziliense.com.br\/lianasabo\/wp-content\/uploads\/sites\/25\/2026\/07\/@deborahvictooria-18-8-200x300.jpg 200w, https:\/\/blogs.correiobraziliense.com.br\/lianasabo\/wp-content\/uploads\/sites\/25\/2026\/07\/@deborahvictooria-18-8-768x1152.jpg 768w, https:\/\/blogs.correiobraziliense.com.br\/lianasabo\/wp-content\/uploads\/sites\/25\/2026\/07\/@deborahvictooria-18-8-683x1024.jpg 683w, https:\/\/blogs.correiobraziliense.com.br\/lianasabo\/wp-content\/uploads\/sites\/25\/2026\/07\/@deborahvictooria-18-8-1440x2159.jpg 1440w, https:\/\/blogs.correiobraziliense.com.br\/lianasabo\/wp-content\/uploads\/sites\/25\/2026\/07\/@deborahvictooria-18-8-800x1200.jpg 800w, https:\/\/blogs.correiobraziliense.com.br\/lianasabo\/wp-content\/uploads\/sites\/25\/2026\/07\/@deborahvictooria-18-8-550x825.jpg 550w, https:\/\/blogs.correiobraziliense.com.br\/lianasabo\/wp-content\/uploads\/sites\/25\/2026\/07\/@deborahvictooria-18-8-230x345.jpg 230w\" sizes=\"auto, (max-width: 1650px) 100vw, 1650px\" \/><\/a><figcaption id=\"caption-attachment-10992\" class=\"wp-caption-text\">Comidinhas deliciosas podem embalar os shows do Na Praia<\/figcaption><\/figure>\n<p>A Barraca do Coco funciona de segunda a sexta-feira, das 11h30 \u00e0s 21h, e s\u00e1bado e domingo, das 9h \u00e0s 21h. \u00c9 bom lembrar que \u00e0s sextas-feiras o acesso \u00e0 barraca por pessoas sem ingressos dos shows \u00e9 at\u00e9 as 15h e que, nos fim de semana, \u00e9 necess\u00e1rio adquirir o ingresso day use.<\/p>\n<p>O Bar da Praia est\u00e1 aberto apenas s\u00e1bado e domingo, das 9h \u00e0s 17h. E as atra\u00e7\u00f5es gastron\u00f4micas da Vila gastron\u00f4mica funcionam sexta-feira, das 18h \u00e0 1h (dependendo da agenda de shows); s\u00e1bado das 11h \u00e0 1h; e domingo, das 11h \u00e0 0h.<\/p>\n<p>O Na Praia deste ano est\u00e1 no Setor de Clubes Sul, Trecho 2, entre a Agepol e o Centrejufe. Para o day use, o p\u00fablico pode entrar das 8h \u00e0s 14h e tem que sair at\u00e9 as 17h. Ingressos \u00e0 venda pelo aplicativo <em>R2 com.vc<\/em> ou pelo site napraia.com.vc. Informa\u00e7\u00f5es: <em>@tevejonapraia<\/em>.<\/p>\n<p><strong>Festival O Quilo \u00e9 Nosso<\/strong><\/p>\n<p>Salvador da vida do dia a dia de quem come fora todo dia, o restaurante a quilo nem sempre \u00e9 bem visto com bons olhos por paladares mais exigentes. Mas quem disse que o prato montado nas ilhas do buf\u00ea n\u00e3o podem ser caprichados e criativos? A etapa de Bras\u00edlia da 10\u00aa edi\u00e7\u00e3o do festival O Quilo \u00e9 Nosso ser\u00e1 realizada de 21 a 31 de julho em 21 restaurantes da capital federal.<\/p>\n<p>Entre os pratos escolhidos pelos restaurantes est\u00e3o o galeto ao molho de sete ervas do Aben\u00e7oado Bar (207 Norte e 105 do Sudoeste); a carne de sol na nata do Sabor Brasileiro (na Quadra 301, Rua D de \u00c1guas Claras); a parmegiana de frango ao gorgonzola do Natural Green\u2019s (302 Sul); anchovas negras ao molho cearense com batatas coradas e arroz de alho do Vers\u00e1 (QD 2 Conjunto B, N\u00facleo Bandeirante); pescada amarela ao molho cremoso de camar\u00e3o do Dona Cleide (Av. das Araucarias Lote 885, \u00c1guas Claras); e a costela bovina ao molho de cerveja preta do Mangut (QI 19 de Taguatinga).<\/p>\n<figure id=\"attachment_10995\" aria-describedby=\"caption-attachment-10995\" style=\"width: 750px\" class=\"wp-caption aligncenter\"><a href=\"https:\/\/blogs.correiobraziliense.com.br\/lianasabo\/wp-content\/uploads\/sites\/25\/2026\/07\/concurso_o_quilo_e_nosso_comeca_na_proxima_terca-feira_14.750x0-is.jpg\"><img loading=\"lazy\" decoding=\"async\" class=\"wp-image-10995 size-full\" src=\"https:\/\/blogs.correiobraziliense.com.br\/lianasabo\/wp-content\/uploads\/sites\/25\/2026\/07\/concurso_o_quilo_e_nosso_comeca_na_proxima_terca-feira_14.750x0-is.jpg\" alt=\"\" width=\"750\" height=\"500\" srcset=\"https:\/\/blogs.correiobraziliense.com.br\/lianasabo\/wp-content\/uploads\/sites\/25\/2026\/07\/concurso_o_quilo_e_nosso_comeca_na_proxima_terca-feira_14.750x0-is.jpg 750w, https:\/\/blogs.correiobraziliense.com.br\/lianasabo\/wp-content\/uploads\/sites\/25\/2026\/07\/concurso_o_quilo_e_nosso_comeca_na_proxima_terca-feira_14.750x0-is-300x200.jpg 300w, https:\/\/blogs.correiobraziliense.com.br\/lianasabo\/wp-content\/uploads\/sites\/25\/2026\/07\/concurso_o_quilo_e_nosso_comeca_na_proxima_terca-feira_14.750x0-is-550x367.jpg 550w, https:\/\/blogs.correiobraziliense.com.br\/lianasabo\/wp-content\/uploads\/sites\/25\/2026\/07\/concurso_o_quilo_e_nosso_comeca_na_proxima_terca-feira_14.750x0-is-230x153.jpg 230w\" sizes=\"auto, (max-width: 750px) 100vw, 750px\" \/><\/a><figcaption id=\"caption-attachment-10995\" class=\"wp-caption-text\">Pratos de qualidade podem ser montados em buf\u00eas de restaurantes a quilo<\/figcaption><\/figure>\n<p>Para participar do concurso realizado pela Abrasel, as casas apresentam uma receita criada especialmente para a competi\u00e7\u00e3o. At\u00e9 o dia 26 de julho, o p\u00fablico poder\u00e1 votar em seu preferido no <a href=\"http:\/\/www.oquiloenosso.com.br\">site do evento<\/a> e o voto popular vai representar 40% da nota final. Os outros 60% ser\u00e3o conferidos por um time de especialistas convidados pela organiza\u00e7\u00e3o do concurso. O campe\u00e3o de cada etapa regional garante vaga na final nacional, em S\u00e3o Paulo, de 14 a 15 de setembro.<\/p>\n<p>Para provar que sustentabilidade e gastronomia t\u00eam tudo a ver uma com a outra, os restaurantes que servirem receitas com ingredientes como talos, cascas, sementes e folhas receber\u00e3o pontos extras.<\/p>\n<p><strong>Festival de Inverno Man\u00e9 Mercado<\/strong><\/p>\n<figure id=\"attachment_10998\" aria-describedby=\"caption-attachment-10998\" style=\"width: 4000px\" class=\"wp-caption aligncenter\"><a href=\"https:\/\/blogs.correiobraziliense.com.br\/lianasabo\/wp-content\/uploads\/sites\/25\/2026\/07\/CASA-BACO-_-Fondue-de-Queijos-no-Pa\u0303o-Italiano.jpg\"><img loading=\"lazy\" decoding=\"async\" class=\"wp-image-10998 size-full\" src=\"https:\/\/blogs.correiobraziliense.com.br\/lianasabo\/wp-content\/uploads\/sites\/25\/2026\/07\/CASA-BACO-_-Fondue-de-Queijos-no-Pa\u0303o-Italiano.jpg\" alt=\"\" width=\"4000\" height=\"6000\" srcset=\"https:\/\/blogs.correiobraziliense.com.br\/lianasabo\/wp-content\/uploads\/sites\/25\/2026\/07\/CASA-BACO-_-Fondue-de-Queijos-no-Pa\u0303o-Italiano.jpg 4000w, https:\/\/blogs.correiobraziliense.com.br\/lianasabo\/wp-content\/uploads\/sites\/25\/2026\/07\/CASA-BACO-_-Fondue-de-Queijos-no-Pa\u0303o-Italiano-200x300.jpg 200w, https:\/\/blogs.correiobraziliense.com.br\/lianasabo\/wp-content\/uploads\/sites\/25\/2026\/07\/CASA-BACO-_-Fondue-de-Queijos-no-Pa\u0303o-Italiano-768x1152.jpg 768w, https:\/\/blogs.correiobraziliense.com.br\/lianasabo\/wp-content\/uploads\/sites\/25\/2026\/07\/CASA-BACO-_-Fondue-de-Queijos-no-Pa\u0303o-Italiano-683x1024.jpg 683w, https:\/\/blogs.correiobraziliense.com.br\/lianasabo\/wp-content\/uploads\/sites\/25\/2026\/07\/CASA-BACO-_-Fondue-de-Queijos-no-Pa\u0303o-Italiano-1440x2160.jpg 1440w, https:\/\/blogs.correiobraziliense.com.br\/lianasabo\/wp-content\/uploads\/sites\/25\/2026\/07\/CASA-BACO-_-Fondue-de-Queijos-no-Pa\u0303o-Italiano-800x1200.jpg 800w, https:\/\/blogs.correiobraziliense.com.br\/lianasabo\/wp-content\/uploads\/sites\/25\/2026\/07\/CASA-BACO-_-Fondue-de-Queijos-no-Pa\u0303o-Italiano-550x825.jpg 550w, https:\/\/blogs.correiobraziliense.com.br\/lianasabo\/wp-content\/uploads\/sites\/25\/2026\/07\/CASA-BACO-_-Fondue-de-Queijos-no-Pa\u0303o-Italiano-230x345.jpg 230w\" sizes=\"auto, (max-width: 4000px) 100vw, 4000px\" \/><\/a><figcaption id=\"caption-attachment-10998\" class=\"wp-caption-text\">Foundue de queijos no p\u00e3o italiano e outras del\u00edcias esquentam o card\u00e1pio da Casa Baco<\/figcaption><\/figure>\n<p>A esta\u00e7\u00e3o mais fria do ano \u00e9 a inspira\u00e7\u00e3o para a terceira edi\u00e7\u00e3o do Festival de Inverno Man\u00e9 Mercado, que vai de 21 de julho a 16 de agosto nas duas unidades do complexo gastron\u00f4mico. Os restaurantes participantes criaram pratos especialmente para a ocasi\u00e3o.<\/p>\n<p>Na unidade de Bras\u00edlia, ao lado do Man\u00e9 Garrincha, h\u00e1 op\u00e7\u00f5es como fondue de queijos no p\u00e3o italiano (R$ 149,90) da Casa Baco; bacalhau \u00e0 portuguesa (R$ 74) da Casa Mar; caldo de mandioca com carne de sol (R$ 49) do V\u00e9i Chico; e croquetas de cordeiro (R$ 49) da De Paulina.<\/p>\n<p>J\u00e1 na unidade de \u00c1guas Claras, algumas das pedidas s\u00e3o risoto de fil\u00e9 ao molho poivre (R$ 99 individual ou R$ 196, a vers\u00e3o para compartilhar) do BSB Grill; steak de porco defumado com talharim ao sugo (R$ 65) do Tudo do Porco; e picadinho do O popular.<\/p>\n<p>Frio e comida boa. A dobradinha pede a companhia de um vinho de qualidade. Por isso, o festival de inverno promove a experi\u00eancia Ta\u00e7a Aberta, \u00e0s quintas-feiras (23 e 30 de julho; 6 e 13 de agosto) na unidade de Bras\u00edlia e \u00e0s sextas-feiras (24 e 31 de julho; 7 e 14 de agosto) nas de \u00c1guas Claras. Comprando uma pulseira (R$ 140), o p\u00fablico participar\u00e1 de degusta\u00e7\u00e3o de r\u00f3tulos das importadoras Del Maipo, Castas, Porto a Porto e Super Adega.<\/p>\n<p>As reservas para o festival e para o Ta\u00e7a Aberta podem ser feitas pelo site <a href=\"https:\/\/lp.mane.com.vc\/festival-de-inverno\">https:\/\/lp.mane.com.vc\/festival-de-inverno<\/a>. Informa\u00e7\u00f5es nas redes sociais <em>@manebrasilia<\/em> e <em>@maneaguasclaras<\/em>.<\/p>\n<figure id=\"attachment_11000\" aria-describedby=\"caption-attachment-11000\" style=\"width: 4000px\" class=\"wp-caption aligncenter\"><a href=\"https:\/\/blogs.correiobraziliense.com.br\/lianasabo\/wp-content\/uploads\/sites\/25\/2026\/07\/POPULAR-_-Picadinho-do-_Cumpadi_5.jpg\"><img loading=\"lazy\" decoding=\"async\" class=\"wp-image-11000 size-full\" src=\"https:\/\/blogs.correiobraziliense.com.br\/lianasabo\/wp-content\/uploads\/sites\/25\/2026\/07\/POPULAR-_-Picadinho-do-_Cumpadi_5.jpg\" alt=\"\" width=\"4000\" height=\"6000\" srcset=\"https:\/\/blogs.correiobraziliense.com.br\/lianasabo\/wp-content\/uploads\/sites\/25\/2026\/07\/POPULAR-_-Picadinho-do-_Cumpadi_5.jpg 4000w, https:\/\/blogs.correiobraziliense.com.br\/lianasabo\/wp-content\/uploads\/sites\/25\/2026\/07\/POPULAR-_-Picadinho-do-_Cumpadi_5-200x300.jpg 200w, https:\/\/blogs.correiobraziliense.com.br\/lianasabo\/wp-content\/uploads\/sites\/25\/2026\/07\/POPULAR-_-Picadinho-do-_Cumpadi_5-768x1152.jpg 768w, https:\/\/blogs.correiobraziliense.com.br\/lianasabo\/wp-content\/uploads\/sites\/25\/2026\/07\/POPULAR-_-Picadinho-do-_Cumpadi_5-683x1024.jpg 683w, https:\/\/blogs.correiobraziliense.com.br\/lianasabo\/wp-content\/uploads\/sites\/25\/2026\/07\/POPULAR-_-Picadinho-do-_Cumpadi_5-1440x2160.jpg 1440w, https:\/\/blogs.correiobraziliense.com.br\/lianasabo\/wp-content\/uploads\/sites\/25\/2026\/07\/POPULAR-_-Picadinho-do-_Cumpadi_5-800x1200.jpg 800w, https:\/\/blogs.correiobraziliense.com.br\/lianasabo\/wp-content\/uploads\/sites\/25\/2026\/07\/POPULAR-_-Picadinho-do-_Cumpadi_5-550x825.jpg 550w, https:\/\/blogs.correiobraziliense.com.br\/lianasabo\/wp-content\/uploads\/sites\/25\/2026\/07\/POPULAR-_-Picadinho-do-_Cumpadi_5-230x345.jpg 230w\" sizes=\"auto, (max-width: 4000px) 100vw, 4000px\" \/><\/a><figcaption id=\"caption-attachment-11000\" class=\"wp-caption-text\">O tradicional picadinho \u00e9 a sugest\u00e3o no restaurante O Popular<\/figcaption><\/figure>\n<p><strong>Aquavit<\/strong><\/p>\n<p>O pr\u00f3ximo domingo, 26 de julho, \u00e9 dia de se deliciar com as cria\u00e7\u00f5es do chef Simon Lau, do Aquavit. O encontro mensal tem as op\u00e7\u00f5es de menu harmonizado com vinhos e espumantes (R$ 500) e sem bebida (R$ 375).<\/p>\n<p>A verdadeira festa gastron\u00f4mica come\u00e7a com p\u00e3o branco, p\u00e3o preto, rillettes de camar\u00e3o e dill e casquinhas de queijo de cabra (servidos com NV Chard\/Pinot Noir, Gran Legado Brut, Methode Champenoise, Garibaldi) e segue com vieiras grelhadas, aspargos e beurre noisette (2024 Chardonnay, Jaffelin); bourgogne magret defumado, folhas crocantes, wasabi e cagaita (2023, Lagarto Pintado, Vinho Verde D.O.C); carr\u00e9 de cordeiro, tian de verduras mediterr\u00e2neas, pommes mousseline e molho de azeitonas (2018 Merlot\/Malbec,Haut Priuer, Bordeaux) e sobremesa \u00e0 base de morango (2024 Moscatel, Casa Perini, Vintage Liqueur).<\/p>\n","protected":false},"excerpt":{"rendered":"<p>Festivais gastron\u00f4micos e menus especiais marcam as f\u00e9rias de julho na capital federal<\/p>\n","protected":false},"author":54,"featured_media":10990,"comment_status":"open","ping_status":"open","sticky":false,"template":"","format":"standard","meta":{"footnotes":""},"categories":[426],"tags":[224,1507,1506,1505],"class_list":["post-10988","post","type-post","status-publish","format-standard","has-post-thumbnail","hentry","category-festival-gastronomico","tag-aquavit","tag-festival-de-inverno-mane-mercado","tag-festival-o-quilo-e-nosso","tag-na-praia-festival"],"_links":{"self":[{"href":"https:\/\/blogs.correiobraziliense.com.br\/lianasabo\/wp-json\/wp\/v2\/posts\/10988","targetHints":{"allow":["GET"]}}],"collection":[{"href":"https:\/\/blogs.correiobraziliense.com.br\/lianasabo\/wp-json\/wp\/v2\/posts"}],"about":[{"href":"https:\/\/blogs.correiobraziliense.com.br\/lianasabo\/wp-json\/wp\/v2\/types\/post"}],"author":[{"embeddable":true,"href":"https:\/\/blogs.correiobraziliense.com.br\/lianasabo\/wp-json\/wp\/v2\/users\/54"}],"replies":[{"embeddable":true,"href":"https:\/\/blogs.correiobraziliense.com.br\/lianasabo\/wp-json\/wp\/v2\/comments?post=10988"}],"version-history":[{"count":10,"href":"https:\/\/blogs.correiobraziliense.com.br\/lianasabo\/wp-json\/wp\/v2\/posts\/10988\/revisions"}],"predecessor-version":[{"id":11004,"href":"https:\/\/blogs.correiobraziliense.com.br\/lianasabo\/wp-json\/wp\/v2\/posts\/10988\/revisions\/11004"}],"wp:featuredmedia":[{"embeddable":true,"href":"https:\/\/blogs.correiobraziliense.com.br\/lianasabo\/wp-json\/wp\/v2\/media\/10990"}],"wp:attachment":[{"href":"https:\/\/blogs.correiobraziliense.com.br\/lianasabo\/wp-json\/wp\/v2\/media?parent=10988"}],"wp:term":[{"taxonomy":"category","embeddable":true,"href":"https:\/\/blogs.correiobraziliense.com.br\/lianasabo\/wp-json\/wp\/v2\/categories?post=10988"},{"taxonomy":"post_tag","embeddable":true,"href":"https:\/\/blogs.correiobraziliense.com.br\/lianasabo\/wp-json\/wp\/v2\/tags?post=10988"}],"curies":[{"name":"wp","href":"https:\/\/api.w.org\/{rel}","templated":true}]}}