{"id":10924,"date":"2026-06-30T19:05:34","date_gmt":"2026-06-30T22:05:34","guid":{"rendered":"https:\/\/blogs.correiobraziliense.com.br\/lianasabo\/?p=10924"},"modified":"2026-06-30T19:05:34","modified_gmt":"2026-06-30T22:05:34","slug":"festa-junina-do-bem","status":"publish","type":"post","link":"https:\/\/blogs.correiobraziliense.com.br\/lianasabo\/festa-junina-do-bem\/","title":{"rendered":"Festa junina do bem"},"content":{"rendered":"<h3>Quarta edi\u00e7\u00e3o da Festa Junina do Pont\u00e3o do Lago Sul ser\u00e1 quarta e quinta-feiras, com direito a shows, gastronomia t\u00edpica e a\u00e7\u00e3o solid\u00e1ria<\/h3>\n<p>J\u00e1 pensou em curtir uma del\u00edcia junina, \u00e0 beira do Lago Parano\u00e1, ouvindo m\u00fasica ao vivo e ainda ajudar quem precisa? Isso ser\u00e1 poss\u00edvel durante a quarta edi\u00e7\u00e3o da Festa Junina do Pont\u00e3o do Lago Sul, que ser\u00e1 realizada quarta e quinta-feira.<\/p>\n<p>Os restaurantes do complexo se inspiram nas festas juninas para recriar receitas t\u00edpicas, como a canjica Romeu e Julieta (R$ 24,90) da Mormaii; a galinhada (R$ 25) e o caldo de chambaril com mandioca (R$ 20) do Fausto &amp; Manoel; as pamonhas doces e salgadas (R$ 19) e os bolos caseiros (R$ 19) do Caf\u00e9 e um Ch\u00earo; o arroz carreteiro (R$ 25) e o pudim de milho verde (R$ 15) do Soho; a paella caipira (R$ 25) do Manzu\u00e1; o p\u00e9 de moleque de colher (R$ 25), do Sallva; o milho na brasa trufado (R$ 23), do Chard; a ma\u00e7\u00e3 do amor (R$ 15), e o morango do amor (R$ 25) do Geleia; o bolo de chocolate com brigadeiro de pa\u00e7oca (R$ 22) do Izzi Wine Garden; o chocolate quente (R$ 17) do American Cookies; e os espetinhos de carne, frango com bacon ou salsich\u00e3o com farofa (R$ 17) do Gran Bier.<\/p>\n<figure id=\"attachment_10928\" aria-describedby=\"caption-attachment-10928\" style=\"width: 1600px\" class=\"wp-caption aligncenter\"><a href=\"https:\/\/blogs.correiobraziliense.com.br\/lianasabo\/wp-content\/uploads\/sites\/25\/2026\/06\/WhatsApp-Image-2026-06-30-at-19.02.44.jpeg\"><img loading=\"lazy\" decoding=\"async\" class=\"wp-image-10928 size-full\" src=\"https:\/\/blogs.correiobraziliense.com.br\/lianasabo\/wp-content\/uploads\/sites\/25\/2026\/06\/WhatsApp-Image-2026-06-30-at-19.02.44.jpeg\" alt=\"\" width=\"1600\" height=\"1066\" srcset=\"https:\/\/blogs.correiobraziliense.com.br\/lianasabo\/wp-content\/uploads\/sites\/25\/2026\/06\/WhatsApp-Image-2026-06-30-at-19.02.44.jpeg 1600w, https:\/\/blogs.correiobraziliense.com.br\/lianasabo\/wp-content\/uploads\/sites\/25\/2026\/06\/WhatsApp-Image-2026-06-30-at-19.02.44-300x200.jpeg 300w, https:\/\/blogs.correiobraziliense.com.br\/lianasabo\/wp-content\/uploads\/sites\/25\/2026\/06\/WhatsApp-Image-2026-06-30-at-19.02.44-768x512.jpeg 768w, https:\/\/blogs.correiobraziliense.com.br\/lianasabo\/wp-content\/uploads\/sites\/25\/2026\/06\/WhatsApp-Image-2026-06-30-at-19.02.44-1024x682.jpeg 1024w, https:\/\/blogs.correiobraziliense.com.br\/lianasabo\/wp-content\/uploads\/sites\/25\/2026\/06\/WhatsApp-Image-2026-06-30-at-19.02.44-1440x959.jpeg 1440w, https:\/\/blogs.correiobraziliense.com.br\/lianasabo\/wp-content\/uploads\/sites\/25\/2026\/06\/WhatsApp-Image-2026-06-30-at-19.02.44-800x533.jpeg 800w, https:\/\/blogs.correiobraziliense.com.br\/lianasabo\/wp-content\/uploads\/sites\/25\/2026\/06\/WhatsApp-Image-2026-06-30-at-19.02.44-550x366.jpeg 550w, https:\/\/blogs.correiobraziliense.com.br\/lianasabo\/wp-content\/uploads\/sites\/25\/2026\/06\/WhatsApp-Image-2026-06-30-at-19.02.44-230x153.jpeg 230w\" sizes=\"auto, (max-width: 1600px) 100vw, 1600px\" \/><\/a><figcaption id=\"caption-attachment-10928\" class=\"wp-caption-text\">O Gran Bier servir\u00e1 espetinhos de carne, frango com bacon ou salsich\u00e3o com farofa<\/figcaption><\/figure>\n<p>A ambienta\u00e7\u00e3o da festa tamb\u00e9m ser\u00e1 caprichada. Al\u00e9m das tradicionais bandeirolas e lanternas, o evento ter\u00e1 um ambiente instagram\u00e1vel para os clientes bombarem nas redes sociais. Tudo isso ao som dos shows das bandas Encosta N\u2019eu (quarta-feira) e Surra de Mod\u00e3o (quinta-feira), das 19h \u00e0s 21h.<\/p>\n<p><strong>Fazer o bem<\/strong><\/p>\n<p>A a\u00e7\u00e3o solid\u00e1ria da Festa Junina do Pont\u00e3o arrecadar\u00e1 alimentos n\u00e3o perec\u00edveis que ser\u00e3o doados \u00e0 comunidade da Vila Santa Luzia, na Estrutural, em parceria com o projeto Panelas Compartilhadas.<\/p>\n<p>Os ingressos para a festa junina do Pont\u00e3o do Lago Sul custam R$ 50 (inteira) e R$ 25 (meia) mais 1 kg de alimento n\u00e3o perec\u00edvel (exceto sal, \u00e1gua e floc\u00e3o). Crian\u00e7as at\u00e9 7 anos n\u00e3o pagam. Informa\u00e7\u00f5es: <em>@pontaodolagosul<\/em> ou (61) 3364-0580.<\/p>\n","protected":false},"excerpt":{"rendered":"<p>Quarta edi\u00e7\u00e3o da Festa Junina do Pont\u00e3o do Lago Sul ser\u00e1 quarta e quinta-feiras, com direito a shows, gastronomia t\u00edpica e a\u00e7\u00e3o solid\u00e1ria<\/p>\n","protected":false},"author":54,"featured_media":10926,"comment_status":"open","ping_status":"open","sticky":false,"template":"","format":"standard","meta":{"footnotes":""},"categories":[455],"tags":[1498],"class_list":["post-10924","post","type-post","status-publish","format-standard","has-post-thumbnail","hentry","category-festa-junina","tag-festa-junina-do-pontao-do-lago-sul"],"_links":{"self":[{"href":"https:\/\/blogs.correiobraziliense.com.br\/lianasabo\/wp-json\/wp\/v2\/posts\/10924","targetHints":{"allow":["GET"]}}],"collection":[{"href":"https:\/\/blogs.correiobraziliense.com.br\/lianasabo\/wp-json\/wp\/v2\/posts"}],"about":[{"href":"https:\/\/blogs.correiobraziliense.com.br\/lianasabo\/wp-json\/wp\/v2\/types\/post"}],"author":[{"embeddable":true,"href":"https:\/\/blogs.correiobraziliense.com.br\/lianasabo\/wp-json\/wp\/v2\/users\/54"}],"replies":[{"embeddable":true,"href":"https:\/\/blogs.correiobraziliense.com.br\/lianasabo\/wp-json\/wp\/v2\/comments?post=10924"}],"version-history":[{"count":4,"href":"https:\/\/blogs.correiobraziliense.com.br\/lianasabo\/wp-json\/wp\/v2\/posts\/10924\/revisions"}],"predecessor-version":[{"id":10930,"href":"https:\/\/blogs.correiobraziliense.com.br\/lianasabo\/wp-json\/wp\/v2\/posts\/10924\/revisions\/10930"}],"wp:featuredmedia":[{"embeddable":true,"href":"https:\/\/blogs.correiobraziliense.com.br\/lianasabo\/wp-json\/wp\/v2\/media\/10926"}],"wp:attachment":[{"href":"https:\/\/blogs.correiobraziliense.com.br\/lianasabo\/wp-json\/wp\/v2\/media?parent=10924"}],"wp:term":[{"taxonomy":"category","embeddable":true,"href":"https:\/\/blogs.correiobraziliense.com.br\/lianasabo\/wp-json\/wp\/v2\/categories?post=10924"},{"taxonomy":"post_tag","embeddable":true,"href":"https:\/\/blogs.correiobraziliense.com.br\/lianasabo\/wp-json\/wp\/v2\/tags?post=10924"}],"curies":[{"name":"wp","href":"https:\/\/api.w.org\/{rel}","templated":true}]}}