{"id":1088,"date":"2017-03-24T10:40:54","date_gmt":"2017-03-24T13:40:54","guid":{"rendered":"https:\/\/blogs.correiobraziliense.com.br\/lianasabo\/?p=1088"},"modified":"2017-03-23T18:14:00","modified_gmt":"2017-03-23T21:14:00","slug":"agora-no-brasil-voce-pode-encontrar-rotulos-de-vinhas-velhas-da-dona-berta","status":"publish","type":"post","link":"https:\/\/blogs.correiobraziliense.com.br\/lianasabo\/agora-no-brasil-voce-pode-encontrar-rotulos-de-vinhas-velhas-da-dona-berta\/","title":{"rendered":"Agora no Brasil voc\u00ea pode encontrar r\u00f3tulos de vinhas velhas da Dona Berta"},"content":{"rendered":"<p><span style=\"font-family: Utopia,sans-serif\"><span style=\"font-size: small\">Depois de trabalhar por 20 anos na \u00e1rea de comunica\u00e7\u00e3o, a carioca Marly Galv\u00e3o passou a se dedicar a uma paix\u00e3o que mant\u00e9m h\u00e1 muitos anos: o vinho. Ano passado, ela criou, no Rio de Janeiro, a importadora Chico Carreiro, cujo nome \u00e9 uma homenagem ao av\u00f4 materno, Francisco Salles, conhecido pelo apelido por carrear o gado de uma grande fazenda no interior de Minas. Com a mesma dedica\u00e7\u00e3o e garra de Chico Carreiro, a importadora conquistou a confian\u00e7a dos propriet\u00e1rios portugueses e se tornou representante exclusiva no Brasil da vin\u00edcola Dona Berta, no Douro, famosa por suas vinhas velhas de castas tintas e brancas.<\/span><\/span><\/p>\n<p><span style=\"font-family: Utopia,sans-serif\"><span style=\"font-size: small\">Semana passada, Marly trouxe os vinhos a Bras\u00edlia e quem os apresentou foi o sommelier Marcelo Copello, num menu degusta\u00e7\u00e3o no Rubaiyat, no qual o destaque foi um vinho 100% varietal de Rabigato, uma das melhores castas brancas portuguesas. Entre os tintos, outro varietal, o Sous\u00e3o, tamb\u00e9m conhecido por Vinh\u00e3o, surpreendeu pela sua enorme concentra\u00e7\u00e3o de taninos macios. Mais informa\u00e7\u00f5es no site <\/span><\/span><a href=\"http:\/\/www.chicocarreiro.com.br\/\"><span style=\"font-family: Utopia,sans-serif\"><span style=\"font-size: small\"><i>www.chicocarreiro.com.br<\/i><\/span><\/span><\/a> <span style=\"font-family: Utopia,sans-serif\"><span style=\"font-size: small\">ou pelo telefone (21) 2498-7874.<\/span><\/span><\/p>\n","protected":false},"excerpt":{"rendered":"<p>Depois de trabalhar por 20 anos na \u00e1rea de comunica\u00e7\u00e3o, a carioca Marly Galv\u00e3o passou a se dedicar a uma paix\u00e3o que mant\u00e9m h\u00e1 muitos anos: o vinho. Ano passado, ela criou, no Rio de Janeiro, a importadora Chico Carreiro, cujo nome \u00e9 uma homenagem ao av\u00f4 materno, Francisco Salles, conhecido pelo apelido por carrear o gado de uma grande [&hellip;]<\/p>\n","protected":false},"author":54,"featured_media":1089,"comment_status":"open","ping_status":"open","sticky":false,"template":"","format":"standard","meta":{"footnotes":""},"categories":[1],"tags":[],"class_list":["post-1088","post","type-post","status-publish","format-standard","has-post-thumbnail","hentry","category-sem-categoria"],"_links":{"self":[{"href":"https:\/\/blogs.correiobraziliense.com.br\/lianasabo\/wp-json\/wp\/v2\/posts\/1088","targetHints":{"allow":["GET"]}}],"collection":[{"href":"https:\/\/blogs.correiobraziliense.com.br\/lianasabo\/wp-json\/wp\/v2\/posts"}],"about":[{"href":"https:\/\/blogs.correiobraziliense.com.br\/lianasabo\/wp-json\/wp\/v2\/types\/post"}],"author":[{"embeddable":true,"href":"https:\/\/blogs.correiobraziliense.com.br\/lianasabo\/wp-json\/wp\/v2\/users\/54"}],"replies":[{"embeddable":true,"href":"https:\/\/blogs.correiobraziliense.com.br\/lianasabo\/wp-json\/wp\/v2\/comments?post=1088"}],"version-history":[{"count":1,"href":"https:\/\/blogs.correiobraziliense.com.br\/lianasabo\/wp-json\/wp\/v2\/posts\/1088\/revisions"}],"predecessor-version":[{"id":1090,"href":"https:\/\/blogs.correiobraziliense.com.br\/lianasabo\/wp-json\/wp\/v2\/posts\/1088\/revisions\/1090"}],"wp:featuredmedia":[{"embeddable":true,"href":"https:\/\/blogs.correiobraziliense.com.br\/lianasabo\/wp-json\/wp\/v2\/media\/1089"}],"wp:attachment":[{"href":"https:\/\/blogs.correiobraziliense.com.br\/lianasabo\/wp-json\/wp\/v2\/media?parent=1088"}],"wp:term":[{"taxonomy":"category","embeddable":true,"href":"https:\/\/blogs.correiobraziliense.com.br\/lianasabo\/wp-json\/wp\/v2\/categories?post=1088"},{"taxonomy":"post_tag","embeddable":true,"href":"https:\/\/blogs.correiobraziliense.com.br\/lianasabo\/wp-json\/wp\/v2\/tags?post=1088"}],"curies":[{"name":"wp","href":"https:\/\/api.w.org\/{rel}","templated":true}]}}