{"id":10740,"date":"2026-05-21T15:17:01","date_gmt":"2026-05-21T18:17:01","guid":{"rendered":"https:\/\/blogs.correiobraziliense.com.br\/lianasabo\/?p=10740"},"modified":"2026-05-21T15:17:01","modified_gmt":"2026-05-21T18:17:01","slug":"cozinhe-o-cerrado","status":"publish","type":"post","link":"https:\/\/blogs.correiobraziliense.com.br\/lianasabo\/cozinhe-o-cerrado\/","title":{"rendered":"Cozinhe o Cerrado"},"content":{"rendered":"<h3>Inspirado no movimento Cook the Mountain, chef Simon Lau oferece experi\u00eancia gastron\u00f4mica em seu Aquavit \u00e0s sextas e s\u00e1bados de maio e junho<\/h3>\n<p>Em mar\u00e7o e abril, o chef dinamarqu\u00eas Simon Lau liderou um grupo de cerca de dez pessoas por uma verdadeira expedi\u00e7\u00e3o gastron\u00f4mica pelas fronteiras de It\u00e1lia, Eslov\u00eania, \u00c1ustria e Su\u00ed\u00e7a. A ideia era conhecer o movimento Cook the Mountain, segundo o qual a alta gastronomia n\u00e3o nasce apenas da t\u00e9cnica, mas do respeito ao ecossistema, \u00e0 sazonalidade e aos produtores locais.<\/p>\n<p>Ciceroneado pelos chefs Norbert Niederkofler, Ana Ro\u0161 e Andreas Caminada, o grupo viu como o cume das montanhas e o frescor dos vales alpinos podem ditar o ritmo de uma cozinha premiada. Foi dessa experi\u00eancia que veio a inspira\u00e7\u00e3o para Simon Lau oferecer, \u00e0s sextas e s\u00e1bados de maio e junho, um menu no seu Aquavit. A ideia \u00e9 trazer a filosofia para o Cerrado, respeitando os ingredientes e produtores locais.<\/p>\n<figure id=\"attachment_10745\" aria-describedby=\"caption-attachment-10745\" style=\"width: 927px\" class=\"wp-caption aligncenter\"><a href=\"https:\/\/blogs.correiobraziliense.com.br\/lianasabo\/wp-content\/uploads\/sites\/25\/2026\/05\/WhatsApp-Image-2026-05-21-at-14.51.33.jpeg\"><img loading=\"lazy\" decoding=\"async\" class=\"wp-image-10745 size-full\" src=\"https:\/\/blogs.correiobraziliense.com.br\/lianasabo\/wp-content\/uploads\/sites\/25\/2026\/05\/WhatsApp-Image-2026-05-21-at-14.51.33.jpeg\" alt=\"\" width=\"927\" height=\"469\" srcset=\"https:\/\/blogs.correiobraziliense.com.br\/lianasabo\/wp-content\/uploads\/sites\/25\/2026\/05\/WhatsApp-Image-2026-05-21-at-14.51.33.jpeg 927w, https:\/\/blogs.correiobraziliense.com.br\/lianasabo\/wp-content\/uploads\/sites\/25\/2026\/05\/WhatsApp-Image-2026-05-21-at-14.51.33-300x152.jpeg 300w, https:\/\/blogs.correiobraziliense.com.br\/lianasabo\/wp-content\/uploads\/sites\/25\/2026\/05\/WhatsApp-Image-2026-05-21-at-14.51.33-768x389.jpeg 768w, https:\/\/blogs.correiobraziliense.com.br\/lianasabo\/wp-content\/uploads\/sites\/25\/2026\/05\/WhatsApp-Image-2026-05-21-at-14.51.33-800x405.jpeg 800w, https:\/\/blogs.correiobraziliense.com.br\/lianasabo\/wp-content\/uploads\/sites\/25\/2026\/05\/WhatsApp-Image-2026-05-21-at-14.51.33-550x278.jpeg 550w, https:\/\/blogs.correiobraziliense.com.br\/lianasabo\/wp-content\/uploads\/sites\/25\/2026\/05\/WhatsApp-Image-2026-05-21-at-14.51.33-230x116.jpeg 230w\" sizes=\"auto, (max-width: 927px) 100vw, 927px\" \/><\/a><figcaption id=\"caption-attachment-10745\" class=\"wp-caption-text\">O grupo durante experi\u00eancia gastron\u00f4mica no Restaurant AlpInn do Norbert Niederkofler em Kronplaz,, Tirol do Sul. Cr\u00e9dito: Arquivo Pessoal<\/figcaption><\/figure>\n<p>A experi\u00eancia gastron\u00f4mica come\u00e7a com amouse bouche de p\u00e3es artesanais, manteiga de baunilha do Cerrado e de ervas da pr\u00f3pria horta do restaurante, emuls\u00e3o de ostra e ceviche do Cerrado harmonizados com Vinho Verde DOC, Lagarto Pintado 2022. O menu segue com palmito, castanha de pequi, hollandaise de laranja e farofa de Goi\u00e1s Velho (harmonizado com Sauvignon Blanc. Val de Loire 2024, Cuv\u00e9e Prestige Domaine de la Ragoti\u00e8re); quenelles de vieira, caviar de piranha, bisque e tomate ( N.V, Riesling It\u00e1lia \/ Chardonnay\/ Merlot, Brut, Serra Ga\u00facha, Vezzi Adrasteia); beterraba e pirarucu (Chardonnay, Bourgogne, Jaffelin); magret de canard, angu, cagaita e redu\u00e7\u00e3o (Merlot\/Malbec, Bordeaux, Haut Prieur 2018); sorvete de iogurte, chocolate branco e framboesas do DF; ma\u00e7\u00e3, caramelo e cacha\u00e7a envelhecida (Moscatel, Vintage, Farroupilha, Perini).<\/p>\n<p>O menu com a harmoniza\u00e7\u00e3o custa R$ 700 e a vers\u00e3o sem os vinhos sai por R$ 500. Informa\u00e7\u00f5es e reservas: 61 9933-67163.<\/p>\n","protected":false},"excerpt":{"rendered":"<p>Inspirado no movimento Cook the Mountain, chef Simon Lau oferece experi\u00eancia gastron\u00f4mica em seu Aquavit \u00e0s sextas e s\u00e1bados de maio e junho<\/p>\n","protected":false},"author":54,"featured_media":10742,"comment_status":"open","ping_status":"open","sticky":false,"template":"","format":"standard","meta":{"footnotes":""},"categories":[656],"tags":[224,1461,1434,1482],"class_list":["post-10740","post","type-post","status-publish","format-standard","has-post-thumbnail","hentry","category-restaurante-contemporaneo","tag-aquavit","tag-cerrado","tag-menu-degustacao","tag-movimento-cook-the-mountain"],"_links":{"self":[{"href":"https:\/\/blogs.correiobraziliense.com.br\/lianasabo\/wp-json\/wp\/v2\/posts\/10740","targetHints":{"allow":["GET"]}}],"collection":[{"href":"https:\/\/blogs.correiobraziliense.com.br\/lianasabo\/wp-json\/wp\/v2\/posts"}],"about":[{"href":"https:\/\/blogs.correiobraziliense.com.br\/lianasabo\/wp-json\/wp\/v2\/types\/post"}],"author":[{"embeddable":true,"href":"https:\/\/blogs.correiobraziliense.com.br\/lianasabo\/wp-json\/wp\/v2\/users\/54"}],"replies":[{"embeddable":true,"href":"https:\/\/blogs.correiobraziliense.com.br\/lianasabo\/wp-json\/wp\/v2\/comments?post=10740"}],"version-history":[{"count":4,"href":"https:\/\/blogs.correiobraziliense.com.br\/lianasabo\/wp-json\/wp\/v2\/posts\/10740\/revisions"}],"predecessor-version":[{"id":10746,"href":"https:\/\/blogs.correiobraziliense.com.br\/lianasabo\/wp-json\/wp\/v2\/posts\/10740\/revisions\/10746"}],"wp:featuredmedia":[{"embeddable":true,"href":"https:\/\/blogs.correiobraziliense.com.br\/lianasabo\/wp-json\/wp\/v2\/media\/10742"}],"wp:attachment":[{"href":"https:\/\/blogs.correiobraziliense.com.br\/lianasabo\/wp-json\/wp\/v2\/media?parent=10740"}],"wp:term":[{"taxonomy":"category","embeddable":true,"href":"https:\/\/blogs.correiobraziliense.com.br\/lianasabo\/wp-json\/wp\/v2\/categories?post=10740"},{"taxonomy":"post_tag","embeddable":true,"href":"https:\/\/blogs.correiobraziliense.com.br\/lianasabo\/wp-json\/wp\/v2\/tags?post=10740"}],"curies":[{"name":"wp","href":"https:\/\/api.w.org\/{rel}","templated":true}]}}