{"id":10732,"date":"2026-05-19T08:12:25","date_gmt":"2026-05-19T11:12:25","guid":{"rendered":"https:\/\/blogs.correiobraziliense.com.br\/lianasabo\/?p=10732"},"modified":"2026-05-19T08:12:25","modified_gmt":"2026-05-19T11:12:25","slug":"uma-noite-totalmente-francesa-no-le-jardin-bistrot","status":"publish","type":"post","link":"https:\/\/blogs.correiobraziliense.com.br\/lianasabo\/uma-noite-totalmente-francesa-no-le-jardin-bistrot\/","title":{"rendered":"Uma noite totalmente francesa no Le Jardin Bistrot"},"content":{"rendered":"<h3>Le Jardin Bistrot promove jantar harmonizado em noite durante a qual o p\u00fablico dever\u00e1 falar em franc\u00eas<\/h3>\n<p>D\u00eener Fran\u00e7ais \u00e9 o nome da experi\u00eancia gastro-cultural que o Le Jardin Bistrot promove nesta quinta-feira (21\/5), a partir das 19h30. A casa, localizada no Sudoeste, servir\u00e1 um menu completo, que pode ser harmonizado com vinhos ou n\u00e3o. Mas <em>attention<\/em>: na noite, as conversas devem ser em franc\u00eas, pois o jantar \u00e9 uma parceria do restaurante com uma escola de idiomas.<\/p>\n<figure id=\"attachment_10736\" aria-describedby=\"caption-attachment-10736\" style=\"width: 1176px\" class=\"wp-caption aligncenter\"><a href=\"https:\/\/blogs.correiobraziliense.com.br\/lianasabo\/wp-content\/uploads\/sites\/25\/2026\/05\/WhatsApp-Image-2026-05-18-at-16.52.39-e1779141669454.jpeg\"><img loading=\"lazy\" decoding=\"async\" class=\"wp-image-10736 size-full\" src=\"https:\/\/blogs.correiobraziliense.com.br\/lianasabo\/wp-content\/uploads\/sites\/25\/2026\/05\/WhatsApp-Image-2026-05-18-at-16.52.39-e1779141669454.jpeg\" alt=\"\" width=\"1176\" height=\"992\" srcset=\"https:\/\/blogs.correiobraziliense.com.br\/lianasabo\/wp-content\/uploads\/sites\/25\/2026\/05\/WhatsApp-Image-2026-05-18-at-16.52.39-e1779141669454.jpeg 1176w, https:\/\/blogs.correiobraziliense.com.br\/lianasabo\/wp-content\/uploads\/sites\/25\/2026\/05\/WhatsApp-Image-2026-05-18-at-16.52.39-e1779141669454-300x253.jpeg 300w, https:\/\/blogs.correiobraziliense.com.br\/lianasabo\/wp-content\/uploads\/sites\/25\/2026\/05\/WhatsApp-Image-2026-05-18-at-16.52.39-e1779141669454-768x648.jpeg 768w, https:\/\/blogs.correiobraziliense.com.br\/lianasabo\/wp-content\/uploads\/sites\/25\/2026\/05\/WhatsApp-Image-2026-05-18-at-16.52.39-e1779141669454-1024x864.jpeg 1024w, https:\/\/blogs.correiobraziliense.com.br\/lianasabo\/wp-content\/uploads\/sites\/25\/2026\/05\/WhatsApp-Image-2026-05-18-at-16.52.39-e1779141669454-800x675.jpeg 800w, https:\/\/blogs.correiobraziliense.com.br\/lianasabo\/wp-content\/uploads\/sites\/25\/2026\/05\/WhatsApp-Image-2026-05-18-at-16.52.39-e1779141669454-550x464.jpeg 550w, https:\/\/blogs.correiobraziliense.com.br\/lianasabo\/wp-content\/uploads\/sites\/25\/2026\/05\/WhatsApp-Image-2026-05-18-at-16.52.39-e1779141669454-230x194.jpeg 230w\" sizes=\"auto, (max-width: 1176px) 100vw, 1176px\" \/><\/a><figcaption id=\"caption-attachment-10736\" class=\"wp-caption-text\">Os cl\u00e1ssicos franceses estar\u00e3o nas vers\u00f5es com e sem harmoniza\u00e7\u00e3o no menu do Le Jardin Bistrot. Cr\u00e9dito: Divulga\u00e7\u00e3o<\/figcaption><\/figure>\n<p>\u00c0 mesa, as entradas ser\u00e3o salada Paris com brandade de peixe (harmonizada com o Domaine de la Ragoti\u00e8re Sauvignon Cuv\u00e9e Prestige 2024); e risoto de tomate com cogumelos org\u00e2nicos e vagem noisette (Maison Jaffelin Pinot Noir Tinto 2024). O prato principal ser\u00e1 o tradicional boeuf bourguignon (Ch\u00e2teau La Motte Blaye C\u00f4tes de Bordeaux 2020). Para finalizar, a sobremesa ser\u00e1 cr\u00e8me br\u00fbl\u00e9e.<\/p>\n<p>O jantar harmonizado custar\u00e1 R$ 265 por pessoa; e o sem harmoniza\u00e7\u00e3o sair\u00e1 a R$ 139 por pessoa. O Le Jardin Bistrot fica no Sudoeste, CLSW 301, Bloco A, Loja 14, Ed. Espa\u00e7o VIP. Reservas: (61) 99661-0112.\u00a0 <em>A<\/em><span class=\"Y2IQFc\" lang=\"fr\"><em>ppr\u00e9cier<\/em>!<\/span><\/p>\n","protected":false},"excerpt":{"rendered":"<p>Le Jardin Bistrot promove jantar harmonizado em noite durante a qual o p\u00fablico dever\u00e1 falar em franc\u00eas<\/p>\n","protected":false},"author":54,"featured_media":10735,"comment_status":"open","ping_status":"open","sticky":false,"template":"","format":"standard","meta":{"footnotes":""},"categories":[486],"tags":[607,1481],"class_list":["post-10732","post","type-post","status-publish","format-standard","has-post-thumbnail","hentry","category-evento","tag-jantar-harmonizado","tag-le-jardin-bistrot"],"_links":{"self":[{"href":"https:\/\/blogs.correiobraziliense.com.br\/lianasabo\/wp-json\/wp\/v2\/posts\/10732","targetHints":{"allow":["GET"]}}],"collection":[{"href":"https:\/\/blogs.correiobraziliense.com.br\/lianasabo\/wp-json\/wp\/v2\/posts"}],"about":[{"href":"https:\/\/blogs.correiobraziliense.com.br\/lianasabo\/wp-json\/wp\/v2\/types\/post"}],"author":[{"embeddable":true,"href":"https:\/\/blogs.correiobraziliense.com.br\/lianasabo\/wp-json\/wp\/v2\/users\/54"}],"replies":[{"embeddable":true,"href":"https:\/\/blogs.correiobraziliense.com.br\/lianasabo\/wp-json\/wp\/v2\/comments?post=10732"}],"version-history":[{"count":5,"href":"https:\/\/blogs.correiobraziliense.com.br\/lianasabo\/wp-json\/wp\/v2\/posts\/10732\/revisions"}],"predecessor-version":[{"id":10739,"href":"https:\/\/blogs.correiobraziliense.com.br\/lianasabo\/wp-json\/wp\/v2\/posts\/10732\/revisions\/10739"}],"wp:featuredmedia":[{"embeddable":true,"href":"https:\/\/blogs.correiobraziliense.com.br\/lianasabo\/wp-json\/wp\/v2\/media\/10735"}],"wp:attachment":[{"href":"https:\/\/blogs.correiobraziliense.com.br\/lianasabo\/wp-json\/wp\/v2\/media?parent=10732"}],"wp:term":[{"taxonomy":"category","embeddable":true,"href":"https:\/\/blogs.correiobraziliense.com.br\/lianasabo\/wp-json\/wp\/v2\/categories?post=10732"},{"taxonomy":"post_tag","embeddable":true,"href":"https:\/\/blogs.correiobraziliense.com.br\/lianasabo\/wp-json\/wp\/v2\/tags?post=10732"}],"curies":[{"name":"wp","href":"https:\/\/api.w.org\/{rel}","templated":true}]}}