{"id":1072,"date":"2017-03-17T07:35:57","date_gmt":"2017-03-17T10:35:57","guid":{"rendered":"https:\/\/blogs.correiobraziliense.com.br\/lianasabo\/?p=1072"},"modified":"2017-03-16T18:23:26","modified_gmt":"2017-03-16T21:23:26","slug":"ziriguidum-tem-sabor-nordestino","status":"publish","type":"post","link":"https:\/\/blogs.correiobraziliense.com.br\/lianasabo\/ziriguidum-tem-sabor-nordestino\/","title":{"rendered":"Ziriguidum tem sabor nordestino"},"content":{"rendered":"<figure id=\"attachment_1073\" aria-describedby=\"caption-attachment-1073\" style=\"width: 800px\" class=\"wp-caption aligncenter\"><a href=\"https:\/\/blogs.correiobraziliense.com.br\/lianasabo\/wp-content\/uploads\/sites\/25\/2017\/03\/CBPFOT280820151312.jpg\" rel=\"attachment wp-att-1073\"><img loading=\"lazy\" decoding=\"async\" class=\"size-full wp-image-1073\" src=\"https:\/\/blogs.correiobraziliense.com.br\/lianasabo\/wp-content\/uploads\/sites\/25\/2017\/03\/CBPFOT280820151312.jpg\" alt=\"A chef Dani Goulart\" width=\"800\" height=\"531\" srcset=\"https:\/\/blogs.correiobraziliense.com.br\/lianasabo\/wp-content\/uploads\/sites\/25\/2017\/03\/CBPFOT280820151312.jpg 800w, https:\/\/blogs.correiobraziliense.com.br\/lianasabo\/wp-content\/uploads\/sites\/25\/2017\/03\/CBPFOT280820151312-300x199.jpg 300w, https:\/\/blogs.correiobraziliense.com.br\/lianasabo\/wp-content\/uploads\/sites\/25\/2017\/03\/CBPFOT280820151312-768x510.jpg 768w, https:\/\/blogs.correiobraziliense.com.br\/lianasabo\/wp-content\/uploads\/sites\/25\/2017\/03\/CBPFOT280820151312-550x365.jpg 550w, https:\/\/blogs.correiobraziliense.com.br\/lianasabo\/wp-content\/uploads\/sites\/25\/2017\/03\/CBPFOT280820151312-230x153.jpg 230w\" sizes=\"auto, (max-width: 800px) 100vw, 800px\" \/><\/a><figcaption id=\"caption-attachment-1073\" class=\"wp-caption-text\"><strong>A chef Dani Goulart<\/strong><\/figcaption><\/figure>\n<p><span style=\"font-size: x-large\">Mix de bar e restaurante, o Ziriguidum abriu as portas na 412 Sul com card\u00e1pio regional bem brasileiro, mas que n\u00e3o deixa de ter tamb\u00e9m um conceito contempor\u00e2neo. Formada em qu\u00edmica e farm\u00e1cia, a chef Dani Goulart, que se tornou conhecida como consultora e personal chef, assina o menu no qual se destaca o peixe \u00e0 del\u00edcia, uma receita nascida no Cear\u00e1 que usa peixe gratinado com banana frita e queijo coalho. Por R$ 65 a iguaria serve duas pessoas.<\/span><\/p>\n<p><span style=\"font-size: x-large\">Outro destaque \u00e9 a carne de sol na manteiga da terra com bai\u00e3o de dois, pa\u00e7oca e macaxeira (R$ 79 para duas pessoas), al\u00e9m do arrumadinho pernambucano e dos dadinhos de tapioca com molho de tangerina. Para quem ama grelhados, h\u00e1 bife de chorizo angus, picanha uruguaia e bisteca su\u00edna com geleia de bacon e cebola caramelizada. Telefone: 3548-4846.<\/span><\/p>\n","protected":false},"excerpt":{"rendered":"<p>Mix de bar e restaurante, o Ziriguidum abriu as portas na 412 Sul com card\u00e1pio regional bem brasileiro, mas que n\u00e3o deixa de ter tamb\u00e9m um conceito contempor\u00e2neo. Formada em qu\u00edmica e farm\u00e1cia, a chef Dani Goulart, que se tornou conhecida como consultora e personal chef, assina o menu no qual se destaca o peixe \u00e0 del\u00edcia, uma receita nascida [&hellip;]<\/p>\n","protected":false},"author":54,"featured_media":0,"comment_status":"open","ping_status":"open","sticky":false,"template":"","format":"standard","meta":{"footnotes":""},"categories":[1],"tags":[],"class_list":["post-1072","post","type-post","status-publish","format-standard","hentry","category-sem-categoria"],"_links":{"self":[{"href":"https:\/\/blogs.correiobraziliense.com.br\/lianasabo\/wp-json\/wp\/v2\/posts\/1072","targetHints":{"allow":["GET"]}}],"collection":[{"href":"https:\/\/blogs.correiobraziliense.com.br\/lianasabo\/wp-json\/wp\/v2\/posts"}],"about":[{"href":"https:\/\/blogs.correiobraziliense.com.br\/lianasabo\/wp-json\/wp\/v2\/types\/post"}],"author":[{"embeddable":true,"href":"https:\/\/blogs.correiobraziliense.com.br\/lianasabo\/wp-json\/wp\/v2\/users\/54"}],"replies":[{"embeddable":true,"href":"https:\/\/blogs.correiobraziliense.com.br\/lianasabo\/wp-json\/wp\/v2\/comments?post=1072"}],"version-history":[{"count":1,"href":"https:\/\/blogs.correiobraziliense.com.br\/lianasabo\/wp-json\/wp\/v2\/posts\/1072\/revisions"}],"predecessor-version":[{"id":1074,"href":"https:\/\/blogs.correiobraziliense.com.br\/lianasabo\/wp-json\/wp\/v2\/posts\/1072\/revisions\/1074"}],"wp:attachment":[{"href":"https:\/\/blogs.correiobraziliense.com.br\/lianasabo\/wp-json\/wp\/v2\/media?parent=1072"}],"wp:term":[{"taxonomy":"category","embeddable":true,"href":"https:\/\/blogs.correiobraziliense.com.br\/lianasabo\/wp-json\/wp\/v2\/categories?post=1072"},{"taxonomy":"post_tag","embeddable":true,"href":"https:\/\/blogs.correiobraziliense.com.br\/lianasabo\/wp-json\/wp\/v2\/tags?post=1072"}],"curies":[{"name":"wp","href":"https:\/\/api.w.org\/{rel}","templated":true}]}}