{"id":10627,"date":"2026-04-30T18:39:57","date_gmt":"2026-04-30T21:39:57","guid":{"rendered":"https:\/\/blogs.correiobraziliense.com.br\/lianasabo\/?p=10627"},"modified":"2026-04-30T18:40:25","modified_gmt":"2026-04-30T21:40:25","slug":"pirenopolis-celebra-vinho-e-jazz-neste-fim-de-semana","status":"publish","type":"post","link":"https:\/\/blogs.correiobraziliense.com.br\/lianasabo\/pirenopolis-celebra-vinho-e-jazz-neste-fim-de-semana\/","title":{"rendered":"Piren\u00f3polis celebra vinho e jazz neste fim de semana"},"content":{"rendered":"<h3>Wine Jazz Piri \u00e9 uma boa op\u00e7\u00e3o para o brasiliense aproveitar no feriad\u00e3o<\/h3>\n<p>Neste feriado prolongado do Dia do Trabalhador, Piren\u00f3polis vive mais uma edi\u00e7\u00e3o do Wine Jazz Piri, evento idealizado para promover a vitivinicultura emergente do Centro-Oeste brasileiro, al\u00e9m de apoiar tamb\u00e9m a boa m\u00fasica instrumental ao eleger o jazz como seu estilo musical principal.<\/p>\n<p>De 30 de abril a 3 de maio, o Espa\u00e7o Cultural Santa Dica, localizado na charmosa Rua da Aurora, se transforma em palco onde se apresenta, pela primeira vez, o trio comandado pelo filho de Caetano Veloso. No espet\u00e1culo, Moreno Veloso percorre a trajet\u00f3ria musical do pai, junto ao casal Jacques e Paula Morelenbaum, ele violoncelista e maestro, ela cantora no projeto intitulado S\u00f3 Caetano. A apresenta\u00e7\u00e3o ser\u00e1 s\u00e1bado, 2 de maio, \u00e0s 23h. Ap\u00f3s o show, o espet\u00e1culo segue para turn\u00ea internacional na Am\u00e9rica Latina.<\/p>\n<figure id=\"attachment_10632\" aria-describedby=\"caption-attachment-10632\" style=\"width: 5430px\" class=\"wp-caption alignnone\"><a href=\"https:\/\/blogs.correiobraziliense.com.br\/lianasabo\/wp-content\/uploads\/sites\/25\/2026\/04\/15-01-26-paula-jaques-moreno-0056-1.jpg\"><img loading=\"lazy\" decoding=\"async\" class=\"wp-image-10632 size-full\" src=\"https:\/\/blogs.correiobraziliense.com.br\/lianasabo\/wp-content\/uploads\/sites\/25\/2026\/04\/15-01-26-paula-jaques-moreno-0056-1.jpg\" alt=\"\" width=\"5430\" height=\"3621\" srcset=\"https:\/\/blogs.correiobraziliense.com.br\/lianasabo\/wp-content\/uploads\/sites\/25\/2026\/04\/15-01-26-paula-jaques-moreno-0056-1.jpg 5430w, https:\/\/blogs.correiobraziliense.com.br\/lianasabo\/wp-content\/uploads\/sites\/25\/2026\/04\/15-01-26-paula-jaques-moreno-0056-1-300x200.jpg 300w, https:\/\/blogs.correiobraziliense.com.br\/lianasabo\/wp-content\/uploads\/sites\/25\/2026\/04\/15-01-26-paula-jaques-moreno-0056-1-768x512.jpg 768w, https:\/\/blogs.correiobraziliense.com.br\/lianasabo\/wp-content\/uploads\/sites\/25\/2026\/04\/15-01-26-paula-jaques-moreno-0056-1-1024x683.jpg 1024w, https:\/\/blogs.correiobraziliense.com.br\/lianasabo\/wp-content\/uploads\/sites\/25\/2026\/04\/15-01-26-paula-jaques-moreno-0056-1-1440x960.jpg 1440w, https:\/\/blogs.correiobraziliense.com.br\/lianasabo\/wp-content\/uploads\/sites\/25\/2026\/04\/15-01-26-paula-jaques-moreno-0056-1-800x533.jpg 800w, https:\/\/blogs.correiobraziliense.com.br\/lianasabo\/wp-content\/uploads\/sites\/25\/2026\/04\/15-01-26-paula-jaques-moreno-0056-1-550x367.jpg 550w, https:\/\/blogs.correiobraziliense.com.br\/lianasabo\/wp-content\/uploads\/sites\/25\/2026\/04\/15-01-26-paula-jaques-moreno-0056-1-230x153.jpg 230w\" sizes=\"auto, (max-width: 5430px) 100vw, 5430px\" \/><\/a><figcaption id=\"caption-attachment-10632\" class=\"wp-caption-text\">Jacques e Paula Morelebaum e Moreno Veloso (centro) se apresentam em Piren\u00f3polis e segue para turn\u00ea na Am\u00e9rica Latina. Fotos: Divulga\u00e7\u00e3o<\/figcaption><\/figure>\n<p><strong>Queijo, salame e caf\u00e9<\/strong><\/p>\n<p>Al\u00e9m da degusta\u00e7\u00e3o de vinhos, o evento que se realiza pela quarta vez permite que voc\u00ea fa\u00e7a a feira com os melhores produtos artesanais da Rota dos Pireneus, que foram cuidadosamente selecionados para harmoniza\u00e7\u00f5es refinadas com os r\u00f3tulos apresentados.<\/p>\n<p>S\u00e3o queijos especiais, salumeria, chocolates artesanais, caf\u00e9s da regi\u00e3o, meles, geleias e massas frescas. Segundo o idealizador do festival, Ricardo Trick, o evento vem crescendo a cada ano. \u201cHoje, j\u00e1 estamos com mais de 30 vin\u00edcolas confirmadas. Juntas elas v\u00e3o apresentar em torno de 150 r\u00f3tulos, o que significa uma grande alegria para n\u00f3s, que acreditamos desde a primeira edi\u00e7\u00e3o na for\u00e7a desse segmento\u201d, afirma Trick.<\/p>\n<figure id=\"attachment_10630\" aria-describedby=\"caption-attachment-10630\" style=\"width: 1600px\" class=\"wp-caption aligncenter\"><a href=\"https:\/\/blogs.correiobraziliense.com.br\/lianasabo\/wp-content\/uploads\/sites\/25\/2026\/04\/WhatsApp-Image-2026-04-30-at-18.28.52.jpeg\"><img loading=\"lazy\" decoding=\"async\" class=\"wp-image-10630 size-full\" src=\"https:\/\/blogs.correiobraziliense.com.br\/lianasabo\/wp-content\/uploads\/sites\/25\/2026\/04\/WhatsApp-Image-2026-04-30-at-18.28.52.jpeg\" alt=\"\" width=\"1600\" height=\"1064\" srcset=\"https:\/\/blogs.correiobraziliense.com.br\/lianasabo\/wp-content\/uploads\/sites\/25\/2026\/04\/WhatsApp-Image-2026-04-30-at-18.28.52.jpeg 1600w, https:\/\/blogs.correiobraziliense.com.br\/lianasabo\/wp-content\/uploads\/sites\/25\/2026\/04\/WhatsApp-Image-2026-04-30-at-18.28.52-300x200.jpeg 300w, https:\/\/blogs.correiobraziliense.com.br\/lianasabo\/wp-content\/uploads\/sites\/25\/2026\/04\/WhatsApp-Image-2026-04-30-at-18.28.52-768x511.jpeg 768w, https:\/\/blogs.correiobraziliense.com.br\/lianasabo\/wp-content\/uploads\/sites\/25\/2026\/04\/WhatsApp-Image-2026-04-30-at-18.28.52-1024x681.jpeg 1024w, https:\/\/blogs.correiobraziliense.com.br\/lianasabo\/wp-content\/uploads\/sites\/25\/2026\/04\/WhatsApp-Image-2026-04-30-at-18.28.52-1440x958.jpeg 1440w, https:\/\/blogs.correiobraziliense.com.br\/lianasabo\/wp-content\/uploads\/sites\/25\/2026\/04\/WhatsApp-Image-2026-04-30-at-18.28.52-800x532.jpeg 800w, https:\/\/blogs.correiobraziliense.com.br\/lianasabo\/wp-content\/uploads\/sites\/25\/2026\/04\/WhatsApp-Image-2026-04-30-at-18.28.52-550x366.jpeg 550w, https:\/\/blogs.correiobraziliense.com.br\/lianasabo\/wp-content\/uploads\/sites\/25\/2026\/04\/WhatsApp-Image-2026-04-30-at-18.28.52-230x153.jpeg 230w\" sizes=\"auto, (max-width: 1600px) 100vw, 1600px\" \/><\/a><figcaption id=\"caption-attachment-10630\" class=\"wp-caption-text\">Vin\u00edcolas de Bras\u00edlia participar\u00e3o do evento que une vinho e m\u00fasica<\/figcaption><\/figure>\n<p>Amantes do vinho poder\u00e3o provar e descobrir goles incr\u00edveis produzidos em vin\u00edcolas do Distrito Federal, como a Vin\u00edcola Bras\u00edlia, e as goianas Pirineus (pioneira), Calliandra, S\u00e3o Patr\u00edcio, Citrino, Casa Matias e a ga\u00facha Nova Alian\u00e7a.<\/p>\n<p>Os ingressos est\u00e3o sendo vendidos pelo aplicativo BaladApp. Garantem acesso ao espa\u00e7o WineJazz e aos shows.<\/p>\n","protected":false},"excerpt":{"rendered":"<p>Wine Jazz Piri \u00e9 uma boa op\u00e7\u00e3o para o brasiliense aproveitar no feriad\u00e3o<\/p>\n","protected":false},"author":54,"featured_media":10629,"comment_status":"open","ping_status":"open","sticky":false,"template":"","format":"standard","meta":{"footnotes":""},"categories":[222],"tags":[796,932,795],"class_list":["post-10627","post","type-post","status-publish","format-standard","has-post-thumbnail","hentry","category-vinhos","tag-pirenopolis","tag-vinicola-brasilia","tag-wine-jazz-piri"],"_links":{"self":[{"href":"https:\/\/blogs.correiobraziliense.com.br\/lianasabo\/wp-json\/wp\/v2\/posts\/10627","targetHints":{"allow":["GET"]}}],"collection":[{"href":"https:\/\/blogs.correiobraziliense.com.br\/lianasabo\/wp-json\/wp\/v2\/posts"}],"about":[{"href":"https:\/\/blogs.correiobraziliense.com.br\/lianasabo\/wp-json\/wp\/v2\/types\/post"}],"author":[{"embeddable":true,"href":"https:\/\/blogs.correiobraziliense.com.br\/lianasabo\/wp-json\/wp\/v2\/users\/54"}],"replies":[{"embeddable":true,"href":"https:\/\/blogs.correiobraziliense.com.br\/lianasabo\/wp-json\/wp\/v2\/comments?post=10627"}],"version-history":[{"count":4,"href":"https:\/\/blogs.correiobraziliense.com.br\/lianasabo\/wp-json\/wp\/v2\/posts\/10627\/revisions"}],"predecessor-version":[{"id":10634,"href":"https:\/\/blogs.correiobraziliense.com.br\/lianasabo\/wp-json\/wp\/v2\/posts\/10627\/revisions\/10634"}],"wp:featuredmedia":[{"embeddable":true,"href":"https:\/\/blogs.correiobraziliense.com.br\/lianasabo\/wp-json\/wp\/v2\/media\/10629"}],"wp:attachment":[{"href":"https:\/\/blogs.correiobraziliense.com.br\/lianasabo\/wp-json\/wp\/v2\/media?parent=10627"}],"wp:term":[{"taxonomy":"category","embeddable":true,"href":"https:\/\/blogs.correiobraziliense.com.br\/lianasabo\/wp-json\/wp\/v2\/categories?post=10627"},{"taxonomy":"post_tag","embeddable":true,"href":"https:\/\/blogs.correiobraziliense.com.br\/lianasabo\/wp-json\/wp\/v2\/tags?post=10627"}],"curies":[{"name":"wp","href":"https:\/\/api.w.org\/{rel}","templated":true}]}}