{"id":10611,"date":"2026-04-27T10:22:18","date_gmt":"2026-04-27T13:22:18","guid":{"rendered":"https:\/\/blogs.correiobraziliense.com.br\/lianasabo\/?p=10611"},"modified":"2026-04-27T10:22:18","modified_gmt":"2026-04-27T13:22:18","slug":"aula-show-destaca-a-gastronomia-produzida-no-cerrado","status":"publish","type":"post","link":"https:\/\/blogs.correiobraziliense.com.br\/lianasabo\/aula-show-destaca-a-gastronomia-produzida-no-cerrado\/","title":{"rendered":"Aula-show destaca a gastronomia produzida no Cerrado"},"content":{"rendered":"<h3>Gil Guimar\u00e3es, J\u00falia Almeida e comandam L\u00e9o Hamu evento em que pratos goianos, com ingredientes do Cerrado, ser\u00e3o preparados.<\/h3>\n<p>O Cerrado e todo seu rico sabor est\u00e3o em destaque. O chef Gil Guimar\u00e3es, da Casa Baco, recebe J\u00falia Almeida e L\u00e9o Hamu para uma aula-show com ingredientes do bioma que nos brinda com sabores como pequi, baru e cajuzinho. O verdadeiro espet\u00e1culo ser\u00e1 dia 16 de maio, durante o Festival de Gastronomia e Cultura Cerratense, no shopping CasaPark.<\/p>\n<p>Entre as del\u00edcias apresentadas, o trio vai preparar ao vivo a tradicional tachada goiana, prato que re\u00fane influ\u00eancias ind\u00edgenas, africanas e europeias.<\/p>\n<p>O festival tem, ainda, outras atividades \u30fc sempre tendo como foco a riqueza do Cerrado. Entre as a\u00e7\u00f5es, h\u00e1 oficinas, feira de comunidades locais e apresenta\u00e7\u00f5es musicais com Nan\u00e3n Matos Quarteto, DJ Psylohat e o grupo P\u00e9 de Cerrado.<\/p>\n<p>Com entrada gratuita, o Festival de Gastronomia e Cultura Cerratense ser\u00e1 realizado das 14h \u00e0s 20h.<\/p>\n","protected":false},"excerpt":{"rendered":"<p>Gil Guimar\u00e3es, J\u00falia Almeida e comandam L\u00e9o Hamu evento em que pratos goianos, com ingredientes do Cerrado, ser\u00e3o preparados. O Cerrado e todo seu rico sabor est\u00e3o em destaque. O chef Gil Guimar\u00e3es, da Casa Baco, recebe J\u00falia Almeida e L\u00e9o Hamu para uma aula-show com ingredientes do bioma que nos brinda com sabores como pequi, baru e cajuzinho. O [&hellip;]<\/p>\n","protected":false},"author":54,"featured_media":10613,"comment_status":"open","ping_status":"open","sticky":false,"template":"","format":"standard","meta":{"footnotes":""},"categories":[201],"tags":[64,1461,1460],"class_list":["post-10611","post","type-post","status-publish","format-standard","has-post-thumbnail","hentry","category-festival","tag-casa-baco","tag-cerrado","tag-festival-de-gastronomia-e-cultura-cerratense"],"_links":{"self":[{"href":"https:\/\/blogs.correiobraziliense.com.br\/lianasabo\/wp-json\/wp\/v2\/posts\/10611","targetHints":{"allow":["GET"]}}],"collection":[{"href":"https:\/\/blogs.correiobraziliense.com.br\/lianasabo\/wp-json\/wp\/v2\/posts"}],"about":[{"href":"https:\/\/blogs.correiobraziliense.com.br\/lianasabo\/wp-json\/wp\/v2\/types\/post"}],"author":[{"embeddable":true,"href":"https:\/\/blogs.correiobraziliense.com.br\/lianasabo\/wp-json\/wp\/v2\/users\/54"}],"replies":[{"embeddable":true,"href":"https:\/\/blogs.correiobraziliense.com.br\/lianasabo\/wp-json\/wp\/v2\/comments?post=10611"}],"version-history":[{"count":1,"href":"https:\/\/blogs.correiobraziliense.com.br\/lianasabo\/wp-json\/wp\/v2\/posts\/10611\/revisions"}],"predecessor-version":[{"id":10612,"href":"https:\/\/blogs.correiobraziliense.com.br\/lianasabo\/wp-json\/wp\/v2\/posts\/10611\/revisions\/10612"}],"wp:featuredmedia":[{"embeddable":true,"href":"https:\/\/blogs.correiobraziliense.com.br\/lianasabo\/wp-json\/wp\/v2\/media\/10613"}],"wp:attachment":[{"href":"https:\/\/blogs.correiobraziliense.com.br\/lianasabo\/wp-json\/wp\/v2\/media?parent=10611"}],"wp:term":[{"taxonomy":"category","embeddable":true,"href":"https:\/\/blogs.correiobraziliense.com.br\/lianasabo\/wp-json\/wp\/v2\/categories?post=10611"},{"taxonomy":"post_tag","embeddable":true,"href":"https:\/\/blogs.correiobraziliense.com.br\/lianasabo\/wp-json\/wp\/v2\/tags?post=10611"}],"curies":[{"name":"wp","href":"https:\/\/api.w.org\/{rel}","templated":true}]}}