{"id":10549,"date":"2026-04-09T17:58:38","date_gmt":"2026-04-09T20:58:38","guid":{"rendered":"https:\/\/blogs.correiobraziliense.com.br\/lianasabo\/?p=10549"},"modified":"2026-04-09T17:58:38","modified_gmt":"2026-04-09T20:58:38","slug":"professor-frances-da-unb-participa-de-evento-em-gramado-sobre-indicacao-geografica-de-alimentos","status":"publish","type":"post","link":"https:\/\/blogs.correiobraziliense.com.br\/lianasabo\/professor-frances-da-unb-participa-de-evento-em-gramado-sobre-indicacao-geografica-de-alimentos\/","title":{"rendered":"Professor franc\u00eas da UnB participa de evento em Gramado sobre indica\u00e7\u00e3o geogr\u00e1fica de alimentos"},"content":{"rendered":"<h3>Pesquisador Jean-Louis Le Guerrou\u00e9 \u00e9 o primeiro nome internacional confirmado na edi\u00e7\u00e3o deste ano do Connection Terroirs<\/h3>\n<p>Com sotaque franc\u00eas e expertise brasileira, o pesquisador e professor da UnB Jean-Louis Le Guerrou\u00e9 \u00e9 o primeiro nome internacional confirmado como palestrante do Connection Terroirs do Brasil, evento que ser\u00e1 realizado de 10 a 13 de junho na charmosa cidade de Gramado (RS).<\/p>\n<p>Especialista em Indica\u00e7\u00e3o Geogr\u00e1fica e desenvolvimento sustent\u00e1vel de territ\u00f3rios, Le Guerrou\u00e9 vai apresentar uma palestra sobre o futuro das IGs no Brasil, tema que vem ganhando relev\u00e2ncia estrat\u00e9gica diante da abertura de mercados e da valoriza\u00e7\u00e3o de produtos com origem certificada.<\/p>\n<figure id=\"attachment_10550\" aria-describedby=\"caption-attachment-10550\" style=\"width: 4128px\" class=\"wp-caption aligncenter\"><a href=\"https:\/\/blogs.correiobraziliense.com.br\/lianasabo\/wp-content\/uploads\/sites\/25\/2026\/04\/Exposi\u00e7\u00e3o-produtos.jpg\"><img loading=\"lazy\" decoding=\"async\" class=\"wp-image-10550 size-full\" src=\"https:\/\/blogs.correiobraziliense.com.br\/lianasabo\/wp-content\/uploads\/sites\/25\/2026\/04\/Exposi\u00e7\u00e3o-produtos.jpg\" alt=\"\" width=\"4128\" height=\"2752\" srcset=\"https:\/\/blogs.correiobraziliense.com.br\/lianasabo\/wp-content\/uploads\/sites\/25\/2026\/04\/Exposi\u00e7\u00e3o-produtos.jpg 4128w, https:\/\/blogs.correiobraziliense.com.br\/lianasabo\/wp-content\/uploads\/sites\/25\/2026\/04\/Exposi\u00e7\u00e3o-produtos-300x200.jpg 300w, https:\/\/blogs.correiobraziliense.com.br\/lianasabo\/wp-content\/uploads\/sites\/25\/2026\/04\/Exposi\u00e7\u00e3o-produtos-768x512.jpg 768w, https:\/\/blogs.correiobraziliense.com.br\/lianasabo\/wp-content\/uploads\/sites\/25\/2026\/04\/Exposi\u00e7\u00e3o-produtos-1024x683.jpg 1024w, https:\/\/blogs.correiobraziliense.com.br\/lianasabo\/wp-content\/uploads\/sites\/25\/2026\/04\/Exposi\u00e7\u00e3o-produtos-1440x960.jpg 1440w, https:\/\/blogs.correiobraziliense.com.br\/lianasabo\/wp-content\/uploads\/sites\/25\/2026\/04\/Exposi\u00e7\u00e3o-produtos-800x533.jpg 800w, https:\/\/blogs.correiobraziliense.com.br\/lianasabo\/wp-content\/uploads\/sites\/25\/2026\/04\/Exposi\u00e7\u00e3o-produtos-550x367.jpg 550w, https:\/\/blogs.correiobraziliense.com.br\/lianasabo\/wp-content\/uploads\/sites\/25\/2026\/04\/Exposi\u00e7\u00e3o-produtos-230x153.jpg 230w\" sizes=\"auto, (max-width: 4128px) 100vw, 4128px\" \/><\/a><figcaption id=\"caption-attachment-10550\" class=\"wp-caption-text\">Produtos como panelas chamam a aten\u00e7\u00e3o do p\u00fablico que passa pela Alameda dos Sabores. Cr\u00e9dito: Divulga\u00e7\u00e3o<\/figcaption><\/figure>\n<p>A programa\u00e7\u00e3o do Connection Terroirs contar\u00e1 tamb\u00e9m com painel sobre os desafios e oportunidades das IGs frente ao acordo entre Mercosul e Uni\u00e3o Europeia, assunto muito em voga na agenda internacional do momento.<\/p>\n<p>A pr\u00e9-venda dos ingressos segue <a href=\"http:\/\/connectionexperience.com.br\">online<\/a> at\u00e9 13 de abril, com valores a partir de R$ 210. No balc\u00e3o, a entrada ser\u00e1 vendida a R$ 550.<\/p>\n<p><strong>Exposi\u00e7\u00e3o de produtos<\/strong><\/p>\n<p>Mas nem s\u00f3 de teoria e discuss\u00f5es t\u00e9cnicas vive o Connection Terroirs. Um dos destaques da programa\u00e7\u00e3o ganha espa\u00e7o do outro lado da rua do Pal\u00e1cio dos Festivais, tradicional ponto tur\u00edstico que recebe as palestras. Ali, \u00e9 montada a Alameda dos Sabores, espa\u00e7o que re\u00fane chefs em apresenta\u00e7\u00f5es ao vivo com ingredientes certificados e abarca restaurantes locais em um circuito gastron\u00f4mico com menus exclusivos. <a href=\"https:\/\/blogs.correiobraziliense.com.br\/lianasabo\/produtos-tradicionais-brasileiros-foram-destaque-na-feira-connection-terroirs-do-brasil-em-gramado\/\">Na edi\u00e7\u00e3o do ano passado, o espa\u00e7o fez o maior sucesso<\/a>.<\/p>\n","protected":false},"excerpt":{"rendered":"<p>Pesquisador Jean-Louis Le Guerrou\u00e9 \u00e9 o primeiro nome internacional confirmado na edi\u00e7\u00e3o deste ano do Connection Terroirs<\/p>\n","protected":false},"author":57,"featured_media":10553,"comment_status":"open","ping_status":"open","sticky":false,"template":"","format":"standard","meta":{"footnotes":""},"categories":[486],"tags":[1307,1448],"class_list":["post-10549","post","type-post","status-publish","format-standard","has-post-thumbnail","hentry","category-evento","tag-connection-terroirs-do-brasil","tag-indicacao-geografica"],"_links":{"self":[{"href":"https:\/\/blogs.correiobraziliense.com.br\/lianasabo\/wp-json\/wp\/v2\/posts\/10549","targetHints":{"allow":["GET"]}}],"collection":[{"href":"https:\/\/blogs.correiobraziliense.com.br\/lianasabo\/wp-json\/wp\/v2\/posts"}],"about":[{"href":"https:\/\/blogs.correiobraziliense.com.br\/lianasabo\/wp-json\/wp\/v2\/types\/post"}],"author":[{"embeddable":true,"href":"https:\/\/blogs.correiobraziliense.com.br\/lianasabo\/wp-json\/wp\/v2\/users\/57"}],"replies":[{"embeddable":true,"href":"https:\/\/blogs.correiobraziliense.com.br\/lianasabo\/wp-json\/wp\/v2\/comments?post=10549"}],"version-history":[{"count":1,"href":"https:\/\/blogs.correiobraziliense.com.br\/lianasabo\/wp-json\/wp\/v2\/posts\/10549\/revisions"}],"predecessor-version":[{"id":10554,"href":"https:\/\/blogs.correiobraziliense.com.br\/lianasabo\/wp-json\/wp\/v2\/posts\/10549\/revisions\/10554"}],"wp:featuredmedia":[{"embeddable":true,"href":"https:\/\/blogs.correiobraziliense.com.br\/lianasabo\/wp-json\/wp\/v2\/media\/10553"}],"wp:attachment":[{"href":"https:\/\/blogs.correiobraziliense.com.br\/lianasabo\/wp-json\/wp\/v2\/media?parent=10549"}],"wp:term":[{"taxonomy":"category","embeddable":true,"href":"https:\/\/blogs.correiobraziliense.com.br\/lianasabo\/wp-json\/wp\/v2\/categories?post=10549"},{"taxonomy":"post_tag","embeddable":true,"href":"https:\/\/blogs.correiobraziliense.com.br\/lianasabo\/wp-json\/wp\/v2\/tags?post=10549"}],"curies":[{"name":"wp","href":"https:\/\/api.w.org\/{rel}","templated":true}]}}