{"id":10491,"date":"2026-03-30T18:17:40","date_gmt":"2026-03-30T21:17:40","guid":{"rendered":"https:\/\/blogs.correiobraziliense.com.br\/lianasabo\/?p=10491"},"modified":"2026-03-30T18:18:17","modified_gmt":"2026-03-30T21:18:17","slug":"menu-executivo-do-restaurante-cerratto-no-sig-oferece-seis-opcoes-boas-e-baratas","status":"publish","type":"post","link":"https:\/\/blogs.correiobraziliense.com.br\/lianasabo\/menu-executivo-do-restaurante-cerratto-no-sig-oferece-seis-opcoes-boas-e-baratas\/","title":{"rendered":"Menu executivo do restaurante Cerratto, no SIG, oferece seis op\u00e7\u00f5es boas e baratas"},"content":{"rendered":"<h3>Almo\u00e7o de ter\u00e7a a sexta no restaurante Cerrato une gastronomia contempor\u00e2nea a pre\u00e7os acess\u00edveis<\/h3>\n<p>Inaugurado h\u00e1 sete meses no Setor Gr\u00e1fico, o restaurante Cerratto lan\u00e7a menu executivo com pratos que fazem refer\u00eancia \u00e0s regi\u00f5es e pontos marcantes de Bras\u00edlia. Composto de entrada e principal, o menu contempla prote\u00ednas, massas e verduras numa combina\u00e7\u00e3o variada t\u00edpica da cozinha contempor\u00e2nea.<\/p>\n<p>S\u00e3o seis op\u00e7\u00f5es precedidas por salada fresa de folhas verdes, palmito, tomate, torradinha de p\u00e3o de fermenta\u00e7\u00e3o natural, creme de burrata, molho de mostarda e mel e finaliza\u00e7\u00e3o de pesto. O prato mais caro \u00e9 o Esplanada, composto de fil\u00e9 grelhado \u00e0 parmegiana empanado na farinha panko gratinado com mu\u00e7arela e escoltado de arroz branco e batatas r\u00fasticas por R$ 69.<\/p>\n<figure id=\"attachment_10495\" aria-describedby=\"caption-attachment-10495\" style=\"width: 4608px\" class=\"wp-caption aligncenter\"><a href=\"https:\/\/blogs.correiobraziliense.com.br\/lianasabo\/wp-content\/uploads\/sites\/25\/2026\/03\/Prato-Esplanada.jpg\"><img loading=\"lazy\" decoding=\"async\" class=\"wp-image-10495 size-full\" src=\"https:\/\/blogs.correiobraziliense.com.br\/lianasabo\/wp-content\/uploads\/sites\/25\/2026\/03\/Prato-Esplanada.jpg\" alt=\"\" width=\"4608\" height=\"3072\" srcset=\"https:\/\/blogs.correiobraziliense.com.br\/lianasabo\/wp-content\/uploads\/sites\/25\/2026\/03\/Prato-Esplanada.jpg 4608w, https:\/\/blogs.correiobraziliense.com.br\/lianasabo\/wp-content\/uploads\/sites\/25\/2026\/03\/Prato-Esplanada-300x200.jpg 300w, https:\/\/blogs.correiobraziliense.com.br\/lianasabo\/wp-content\/uploads\/sites\/25\/2026\/03\/Prato-Esplanada-768x512.jpg 768w, https:\/\/blogs.correiobraziliense.com.br\/lianasabo\/wp-content\/uploads\/sites\/25\/2026\/03\/Prato-Esplanada-1024x683.jpg 1024w, https:\/\/blogs.correiobraziliense.com.br\/lianasabo\/wp-content\/uploads\/sites\/25\/2026\/03\/Prato-Esplanada-1440x960.jpg 1440w, https:\/\/blogs.correiobraziliense.com.br\/lianasabo\/wp-content\/uploads\/sites\/25\/2026\/03\/Prato-Esplanada-800x533.jpg 800w, https:\/\/blogs.correiobraziliense.com.br\/lianasabo\/wp-content\/uploads\/sites\/25\/2026\/03\/Prato-Esplanada-550x367.jpg 550w, https:\/\/blogs.correiobraziliense.com.br\/lianasabo\/wp-content\/uploads\/sites\/25\/2026\/03\/Prato-Esplanada-230x153.jpg 230w\" sizes=\"auto, (max-width: 4608px) 100vw, 4608px\" \/><\/a><figcaption id=\"caption-attachment-10495\" class=\"wp-caption-text\">O prato Esplanada, com\u00a0fil\u00e9 grelhado \u00e0 parmegiana empanado na farinha panko, \u00e9 o mais caro do menu executivo. Foto: Divulga\u00e7\u00e3o<\/figcaption><\/figure>\n<p>Os outros cinco saem por menos de R$ 60, como o Lago Norte (R$ 59), com til\u00e1pia grelhada sobre pomodoro pelati finalizada com molho leve de queijos e servida com pur\u00ea r\u00fastico, vegetais e palha caseira; ou Sudoeste, que traz fil\u00e9 de peito de frango grelhado ao molho de queijo com penne ao pesto e tomate-cereja por R$ 55,90.<\/p>\n<p>O cl\u00e1ssico picadinho vem com nome de Capital e \u00e9 preparado com molho r\u00fastico, arroz branco, feij\u00e3o tropeiro mineiro e tartare de banana servido numa tigelinha \u00e0 parte por R$ 59. Quem \u00e9 f\u00e3 de carne de porco vai adorar o Tesourinha (R$ 49,90), feito com fil\u00e9 su\u00edno com delicioso molho de cerveja escura e rapadura, acompanhado de arroz biro-biro e banana-da-terra selada na manteiga de garrafa.<\/p>\n<figure id=\"attachment_10497\" aria-describedby=\"caption-attachment-10497\" style=\"width: 1280px\" class=\"wp-caption aligncenter\"><a href=\"https:\/\/blogs.correiobraziliense.com.br\/lianasabo\/wp-content\/uploads\/sites\/25\/2026\/03\/WhatsApp-Image-2026-03-30-at-09.22.47.jpeg\"><img loading=\"lazy\" decoding=\"async\" class=\"wp-image-10497 size-full\" src=\"https:\/\/blogs.correiobraziliense.com.br\/lianasabo\/wp-content\/uploads\/sites\/25\/2026\/03\/WhatsApp-Image-2026-03-30-at-09.22.47.jpeg\" alt=\"\" width=\"1280\" height=\"960\" srcset=\"https:\/\/blogs.correiobraziliense.com.br\/lianasabo\/wp-content\/uploads\/sites\/25\/2026\/03\/WhatsApp-Image-2026-03-30-at-09.22.47.jpeg 1280w, https:\/\/blogs.correiobraziliense.com.br\/lianasabo\/wp-content\/uploads\/sites\/25\/2026\/03\/WhatsApp-Image-2026-03-30-at-09.22.47-300x225.jpeg 300w, https:\/\/blogs.correiobraziliense.com.br\/lianasabo\/wp-content\/uploads\/sites\/25\/2026\/03\/WhatsApp-Image-2026-03-30-at-09.22.47-768x576.jpeg 768w, https:\/\/blogs.correiobraziliense.com.br\/lianasabo\/wp-content\/uploads\/sites\/25\/2026\/03\/WhatsApp-Image-2026-03-30-at-09.22.47-1024x768.jpeg 1024w, https:\/\/blogs.correiobraziliense.com.br\/lianasabo\/wp-content\/uploads\/sites\/25\/2026\/03\/WhatsApp-Image-2026-03-30-at-09.22.47-800x600.jpeg 800w, https:\/\/blogs.correiobraziliense.com.br\/lianasabo\/wp-content\/uploads\/sites\/25\/2026\/03\/WhatsApp-Image-2026-03-30-at-09.22.47-550x413.jpeg 550w, https:\/\/blogs.correiobraziliense.com.br\/lianasabo\/wp-content\/uploads\/sites\/25\/2026\/03\/WhatsApp-Image-2026-03-30-at-09.22.47-230x173.jpeg 230w\" sizes=\"auto, (max-width: 1280px) 100vw, 1280px\" \/><\/a><figcaption id=\"caption-attachment-10497\" class=\"wp-caption-text\">Fil\u00e9 su\u00edno ao molho de cerveja escura e rapadura comp\u00f5e o Tesourinha. Foto: Liana Sabo<\/figcaption><\/figure>\n<p>Completa o executivo semanal um prato de massa, quase vegetariano, que \u00e9 o Ravioli BSB (R$ 49,90), com a massinha artesanal recheada com mu\u00e7arela de b\u00fafala, pomodoro pelati e manjeric\u00e3o, finalizado com crocante de presunto parma e pesto que, acredito, poder\u00e1 ficar fora caso se pe\u00e7a.<\/p>\n<p>A sobremesa \u00e9 cobrada \u00e0 parte, como o pudim de leite da casa (R$ 9,90), a partir da receita tradicional, mas com um toque do chef.<\/p>\n<p><strong>Opera\u00e7\u00e3o<\/strong><\/p>\n<figure id=\"attachment_10498\" aria-describedby=\"caption-attachment-10498\" style=\"width: 2048px\" class=\"wp-caption aligncenter\"><a href=\"https:\/\/blogs.correiobraziliense.com.br\/lianasabo\/wp-content\/uploads\/sites\/25\/2026\/03\/DSC07569.jpg-1.jpeg\"><img loading=\"lazy\" decoding=\"async\" class=\"wp-image-10498 size-full\" src=\"https:\/\/blogs.correiobraziliense.com.br\/lianasabo\/wp-content\/uploads\/sites\/25\/2026\/03\/DSC07569.jpg-1.jpeg\" alt=\"\" width=\"2048\" height=\"1536\" srcset=\"https:\/\/blogs.correiobraziliense.com.br\/lianasabo\/wp-content\/uploads\/sites\/25\/2026\/03\/DSC07569.jpg-1.jpeg 2048w, https:\/\/blogs.correiobraziliense.com.br\/lianasabo\/wp-content\/uploads\/sites\/25\/2026\/03\/DSC07569.jpg-1-300x225.jpeg 300w, https:\/\/blogs.correiobraziliense.com.br\/lianasabo\/wp-content\/uploads\/sites\/25\/2026\/03\/DSC07569.jpg-1-768x576.jpeg 768w, https:\/\/blogs.correiobraziliense.com.br\/lianasabo\/wp-content\/uploads\/sites\/25\/2026\/03\/DSC07569.jpg-1-1024x768.jpeg 1024w, https:\/\/blogs.correiobraziliense.com.br\/lianasabo\/wp-content\/uploads\/sites\/25\/2026\/03\/DSC07569.jpg-1-1440x1080.jpeg 1440w, https:\/\/blogs.correiobraziliense.com.br\/lianasabo\/wp-content\/uploads\/sites\/25\/2026\/03\/DSC07569.jpg-1-800x600.jpeg 800w, https:\/\/blogs.correiobraziliense.com.br\/lianasabo\/wp-content\/uploads\/sites\/25\/2026\/03\/DSC07569.jpg-1-550x413.jpeg 550w, https:\/\/blogs.correiobraziliense.com.br\/lianasabo\/wp-content\/uploads\/sites\/25\/2026\/03\/DSC07569.jpg-1-230x173.jpeg 230w\" sizes=\"auto, (max-width: 2048px) 100vw, 2048px\" \/><\/a><figcaption id=\"caption-attachment-10498\" class=\"wp-caption-text\">Ivanildo Carvalho saiu do Dudu Bar, onde era\u00a0maitre e sommelier, para comandar a opera\u00e7\u00e3o do Cerratto. Foto: Liana Sabo<\/figcaption><\/figure>\n<p>Luciano Campos e Florisvaldo dos Santos atuam juntos na cozinha desde a inaugura\u00e7\u00e3o em agosto, quando foram trazidos do Dudu Bar, na 303 Sul, primeira casa dos s\u00f3cios Daniel Lamounier e Jorge Fernando. Ao abrirem o Cerratto no SIG, os propriet\u00e1rios transferiram para o novo endere\u00e7o o maitre e sommelier Ivanildo Carvalho, antigo colaborador do Dudu Bar.<\/p>\n<p>Ivanildo comanda toda a opera\u00e7\u00e3o do novo estabelecimento fincado no complexo Oscarito, que al\u00e9m de gastronomia e bar oferece atividades esportivas, como quadra para beach tennis e futev\u00f4lei. O espa\u00e7o de 10 mil metros sediou por muitos anos a Casa Manchete, projetada por Oscar Niemeyer e um dos \u00edcones da arquitetura de Bras\u00edlia, tendo sido adquirida pelo empres\u00e1rio Paulo Octavio.<\/p>\n<p>O Cerratto funciona de ter\u00e7a a s\u00e1bado para almo\u00e7o e jantar e domingo, das 12h \u00e0s 17h com DJ nos fins de semana. Com amplo estacionamento o acesso \u00e9 feito pela pista do TJDFT, que fica paralela \u00e0 pista principal do Setor Gr\u00e1fico. Reservas: 99365-3381 (WhatsApp).<\/p>\n<div id='gallery-1' class='gallery galleryid-10491 gallery-columns-3 gallery-size-thumbnail'><figure class='gallery-item'>\n\t\t\t<div class='gallery-icon landscape'>\n\t\t\t\t<a href='https:\/\/blogs.correiobraziliense.com.br\/lianasabo\/menu-executivo-do-restaurante-cerratto-no-sig-oferece-seis-opcoes-boas-e-baratas\/prato-tesourinha\/'><img loading=\"lazy\" decoding=\"async\" width=\"150\" height=\"150\" src=\"https:\/\/blogs.correiobraziliense.com.br\/lianasabo\/wp-content\/uploads\/sites\/25\/2026\/03\/Prato-Tesourinha-150x150.jpg\" class=\"attachment-thumbnail size-thumbnail\" alt=\"\" \/><\/a>\n\t\t\t<\/div><\/figure><figure class='gallery-item'>\n\t\t\t<div class='gallery-icon landscape'>\n\t\t\t\t<a href='https:\/\/blogs.correiobraziliense.com.br\/lianasabo\/menu-executivo-do-restaurante-cerratto-no-sig-oferece-seis-opcoes-boas-e-baratas\/prato-sudoeste\/'><img loading=\"lazy\" decoding=\"async\" width=\"150\" height=\"150\" src=\"https:\/\/blogs.correiobraziliense.com.br\/lianasabo\/wp-content\/uploads\/sites\/25\/2026\/03\/Prato-Sudoeste-150x150.jpg\" class=\"attachment-thumbnail size-thumbnail\" alt=\"\" \/><\/a>\n\t\t\t<\/div><\/figure><figure class='gallery-item'>\n\t\t\t<div class='gallery-icon landscape'>\n\t\t\t\t<a href='https:\/\/blogs.correiobraziliense.com.br\/lianasabo\/menu-executivo-do-restaurante-cerratto-no-sig-oferece-seis-opcoes-boas-e-baratas\/prato-picadinho-capital\/'><img loading=\"lazy\" decoding=\"async\" width=\"150\" height=\"150\" src=\"https:\/\/blogs.correiobraziliense.com.br\/lianasabo\/wp-content\/uploads\/sites\/25\/2026\/03\/Prato-Picadinho-Capital-150x150.jpg\" class=\"attachment-thumbnail size-thumbnail\" alt=\"\" \/><\/a>\n\t\t\t<\/div><\/figure><figure class='gallery-item'>\n\t\t\t<div class='gallery-icon landscape'>\n\t\t\t\t<a href='https:\/\/blogs.correiobraziliense.com.br\/lianasabo\/menu-executivo-do-restaurante-cerratto-no-sig-oferece-seis-opcoes-boas-e-baratas\/pudim\/'><img loading=\"lazy\" decoding=\"async\" width=\"150\" height=\"150\" src=\"https:\/\/blogs.correiobraziliense.com.br\/lianasabo\/wp-content\/uploads\/sites\/25\/2026\/03\/Pudim-150x150.jpg\" class=\"attachment-thumbnail size-thumbnail\" alt=\"\" \/><\/a>\n\t\t\t<\/div><\/figure><figure class='gallery-item'>\n\t\t\t<div class='gallery-icon landscape'>\n\t\t\t\t<a href='https:\/\/blogs.correiobraziliense.com.br\/lianasabo\/menu-executivo-do-restaurante-cerratto-no-sig-oferece-seis-opcoes-boas-e-baratas\/salada\/'><img loading=\"lazy\" decoding=\"async\" width=\"150\" height=\"150\" src=\"https:\/\/blogs.correiobraziliense.com.br\/lianasabo\/wp-content\/uploads\/sites\/25\/2026\/03\/Salada-150x150.jpg\" class=\"attachment-thumbnail size-thumbnail\" alt=\"\" \/><\/a>\n\t\t\t<\/div><\/figure><figure class='gallery-item'>\n\t\t\t<div class='gallery-icon landscape'>\n\t\t\t\t<a href='https:\/\/blogs.correiobraziliense.com.br\/lianasabo\/menu-executivo-do-restaurante-cerratto-no-sig-oferece-seis-opcoes-boas-e-baratas\/prato-esplanada\/'><img loading=\"lazy\" decoding=\"async\" width=\"150\" height=\"150\" src=\"https:\/\/blogs.correiobraziliense.com.br\/lianasabo\/wp-content\/uploads\/sites\/25\/2026\/03\/Prato-Esplanada-150x150.jpg\" class=\"attachment-thumbnail size-thumbnail\" alt=\"\" \/><\/a>\n\t\t\t<\/div><\/figure><figure class='gallery-item'>\n\t\t\t<div class='gallery-icon landscape'>\n\t\t\t\t<a href='https:\/\/blogs.correiobraziliense.com.br\/lianasabo\/menu-executivo-do-restaurante-cerratto-no-sig-oferece-seis-opcoes-boas-e-baratas\/pratos-diversos\/'><img loading=\"lazy\" decoding=\"async\" width=\"150\" height=\"150\" src=\"https:\/\/blogs.correiobraziliense.com.br\/lianasabo\/wp-content\/uploads\/sites\/25\/2026\/03\/Pratos-diversos-150x150.jpg\" class=\"attachment-thumbnail size-thumbnail\" alt=\"\" \/><\/a>\n\t\t\t<\/div><\/figure>\n\t\t<\/div>\n\n","protected":false},"excerpt":{"rendered":"<p>Almo\u00e7o de ter\u00e7a a sexta no restaurante Cerrato une gastronomia contempor\u00e2nea a pre\u00e7os acess\u00edveis Inaugurado h\u00e1 sete meses no Setor Gr\u00e1fico, o restaurante Cerratto lan\u00e7a menu executivo com pratos que fazem refer\u00eancia \u00e0s regi\u00f5es e pontos marcantes de Bras\u00edlia. Composto de entrada e principal, o menu contempla prote\u00ednas, massas e verduras numa combina\u00e7\u00e3o variada t\u00edpica da cozinha contempor\u00e2nea. S\u00e3o seis [&hellip;]<\/p>\n","protected":false},"author":54,"featured_media":10492,"comment_status":"open","ping_status":"open","sticky":false,"template":"","format":"standard","meta":{"footnotes":""},"categories":[656],"tags":[343,1446],"class_list":["post-10491","post","type-post","status-publish","format-standard","has-post-thumbnail","hentry","category-restaurante-contemporaneo","tag-menu-executivo","tag-restaurante-cerrato"],"_links":{"self":[{"href":"https:\/\/blogs.correiobraziliense.com.br\/lianasabo\/wp-json\/wp\/v2\/posts\/10491","targetHints":{"allow":["GET"]}}],"collection":[{"href":"https:\/\/blogs.correiobraziliense.com.br\/lianasabo\/wp-json\/wp\/v2\/posts"}],"about":[{"href":"https:\/\/blogs.correiobraziliense.com.br\/lianasabo\/wp-json\/wp\/v2\/types\/post"}],"author":[{"embeddable":true,"href":"https:\/\/blogs.correiobraziliense.com.br\/lianasabo\/wp-json\/wp\/v2\/users\/54"}],"replies":[{"embeddable":true,"href":"https:\/\/blogs.correiobraziliense.com.br\/lianasabo\/wp-json\/wp\/v2\/comments?post=10491"}],"version-history":[{"count":6,"href":"https:\/\/blogs.correiobraziliense.com.br\/lianasabo\/wp-json\/wp\/v2\/posts\/10491\/revisions"}],"predecessor-version":[{"id":10516,"href":"https:\/\/blogs.correiobraziliense.com.br\/lianasabo\/wp-json\/wp\/v2\/posts\/10491\/revisions\/10516"}],"wp:featuredmedia":[{"embeddable":true,"href":"https:\/\/blogs.correiobraziliense.com.br\/lianasabo\/wp-json\/wp\/v2\/media\/10492"}],"wp:attachment":[{"href":"https:\/\/blogs.correiobraziliense.com.br\/lianasabo\/wp-json\/wp\/v2\/media?parent=10491"}],"wp:term":[{"taxonomy":"category","embeddable":true,"href":"https:\/\/blogs.correiobraziliense.com.br\/lianasabo\/wp-json\/wp\/v2\/categories?post=10491"},{"taxonomy":"post_tag","embeddable":true,"href":"https:\/\/blogs.correiobraziliense.com.br\/lianasabo\/wp-json\/wp\/v2\/tags?post=10491"}],"curies":[{"name":"wp","href":"https:\/\/api.w.org\/{rel}","templated":true}]}}