{"id":1049,"date":"2017-03-10T09:00:42","date_gmt":"2017-03-10T12:00:42","guid":{"rendered":"https:\/\/blogs.correiobraziliense.com.br\/lianasabo\/?p=1049"},"modified":"2017-03-09T18:08:41","modified_gmt":"2017-03-09T21:08:41","slug":"conheca-os-tres-chefs-brasileiros-da-lista-de-20-finalistas-do-premio-internacional-conferido-pelo-basque-culinary-center-2016","status":"publish","type":"post","link":"https:\/\/blogs.correiobraziliense.com.br\/lianasabo\/conheca-os-tres-chefs-brasileiros-da-lista-de-20-finalistas-do-premio-internacional-conferido-pelo-basque-culinary-center-2016\/","title":{"rendered":"Inscri\u00e7\u00f5es para o pr\u00eamio internacional Basque Culinary Center 2017 est\u00e3o abertas"},"content":{"rendered":"<p>David Hertz, que criou Gastromotiva para treinar jovens carentes; Manu Buffara, que luta pela preserva\u00e7\u00e3o de ingredientes e m\u00e9todos de cultivo tradicionais na Ilha Rasa, em Curitiba; e Teresa Cor\u00e7\u00e3o, fundadora do instituto Maniva, que estimula agricultura org\u00e2nica de raiz familiar, s\u00e3o os tr\u00eas chefs brasileiros que, no ano passado, integraram a lista de 20 finalistas do pr\u00eamio internacional conferido pelo Basque Culinary Center, a primeira universidade gastron\u00f4mica da Espanha e uma das mais renomadas do mundo. Vencido em 2016 pela venezuelana Maria Fernanda Di Giacobbe (construiu uma cadeia de edu\u00e7\u00e3o, empreendedorismo e desenvolvimento econ\u00f4mico em torno do cacau), o pr\u00eamio deste ano est\u00e1 com inscri\u00e7\u00f5es abertas at\u00e9 o dia 30 de abril.<\/p>\n<p>Os candidatos dever\u00e3o ser indicados por outro profissional que esteja trabalhando no mundo da gastronomia e do j\u00fari fazem parte os membros do conselho consultivo da institui\u00e7\u00e3o, entre eles, Joan Roca, Heston Blumenthal, Alex Atala, Enrique Olvera e Gast\u00f3n Acurio. O vencedor vai receber 100 mil euros que poder\u00e1 destinar a um projeto da sua escolha \u201cpara demonstrar o amplo papel da gastronomia na sociedade\u201d, reza o estatuto do pr\u00eamio. Mais informa\u00e7\u00f5es, contate <i>info@basqueculinaryworldprize.com<\/i>.<\/p>\n","protected":false},"excerpt":{"rendered":"<p>David Hertz, que criou Gastromotiva para treinar jovens carentes; Manu Buffara, que luta pela preserva\u00e7\u00e3o de ingredientes e m\u00e9todos de cultivo tradicionais na Ilha Rasa, em Curitiba; e Teresa Cor\u00e7\u00e3o, fundadora do instituto Maniva, que estimula agricultura org\u00e2nica de raiz familiar, s\u00e3o os tr\u00eas chefs brasileiros que, no ano passado, integraram a lista de 20 finalistas do pr\u00eamio internacional conferido [&hellip;]<\/p>\n","protected":false},"author":54,"featured_media":1051,"comment_status":"open","ping_status":"open","sticky":false,"template":"","format":"standard","meta":{"footnotes":""},"categories":[1],"tags":[],"class_list":["post-1049","post","type-post","status-publish","format-standard","has-post-thumbnail","hentry","category-sem-categoria"],"_links":{"self":[{"href":"https:\/\/blogs.correiobraziliense.com.br\/lianasabo\/wp-json\/wp\/v2\/posts\/1049","targetHints":{"allow":["GET"]}}],"collection":[{"href":"https:\/\/blogs.correiobraziliense.com.br\/lianasabo\/wp-json\/wp\/v2\/posts"}],"about":[{"href":"https:\/\/blogs.correiobraziliense.com.br\/lianasabo\/wp-json\/wp\/v2\/types\/post"}],"author":[{"embeddable":true,"href":"https:\/\/blogs.correiobraziliense.com.br\/lianasabo\/wp-json\/wp\/v2\/users\/54"}],"replies":[{"embeddable":true,"href":"https:\/\/blogs.correiobraziliense.com.br\/lianasabo\/wp-json\/wp\/v2\/comments?post=1049"}],"version-history":[{"count":1,"href":"https:\/\/blogs.correiobraziliense.com.br\/lianasabo\/wp-json\/wp\/v2\/posts\/1049\/revisions"}],"predecessor-version":[{"id":1050,"href":"https:\/\/blogs.correiobraziliense.com.br\/lianasabo\/wp-json\/wp\/v2\/posts\/1049\/revisions\/1050"}],"wp:featuredmedia":[{"embeddable":true,"href":"https:\/\/blogs.correiobraziliense.com.br\/lianasabo\/wp-json\/wp\/v2\/media\/1051"}],"wp:attachment":[{"href":"https:\/\/blogs.correiobraziliense.com.br\/lianasabo\/wp-json\/wp\/v2\/media?parent=1049"}],"wp:term":[{"taxonomy":"category","embeddable":true,"href":"https:\/\/blogs.correiobraziliense.com.br\/lianasabo\/wp-json\/wp\/v2\/categories?post=1049"},{"taxonomy":"post_tag","embeddable":true,"href":"https:\/\/blogs.correiobraziliense.com.br\/lianasabo\/wp-json\/wp\/v2\/tags?post=1049"}],"curies":[{"name":"wp","href":"https:\/\/api.w.org\/{rel}","templated":true}]}}