{"id":10474,"date":"2026-03-24T12:49:12","date_gmt":"2026-03-24T15:49:12","guid":{"rendered":"https:\/\/blogs.correiobraziliense.com.br\/lianasabo\/?p=10474"},"modified":"2026-03-24T12:49:12","modified_gmt":"2026-03-24T15:49:12","slug":"vinhos-de-portugal-marcam-presenca-em-recife-curitiba-e-florianopolis","status":"publish","type":"post","link":"https:\/\/blogs.correiobraziliense.com.br\/lianasabo\/vinhos-de-portugal-marcam-presenca-em-recife-curitiba-e-florianopolis\/","title":{"rendered":"Vinhos de Portugal marcam presen\u00e7a em Recife, Curitiba e Florian\u00f3polis"},"content":{"rendered":"<h3>Eventos ser\u00e3o em mar\u00e7o e reafirmam o Brasil como um dos principais mercados para os vinhos portugueses<\/h3>\n<p>O espa\u00e7o destinado pelos brasileiros aos vinhos portugueses cresce cada vez mais. Pensando nisso, a ViniPortugal, associa\u00e7\u00e3o respons\u00e1vel pela promo\u00e7\u00e3o da marca Vinhos de Portugal, promove evento de divulga\u00e7\u00e3o em Recife (24\/3), Curitiba (26\/3) e Florian\u00f3polis (30\/3).<\/p>\n<figure id=\"attachment_10476\" aria-describedby=\"caption-attachment-10476\" style=\"width: 1600px\" class=\"wp-caption aligncenter\"><a href=\"https:\/\/blogs.correiobraziliense.com.br\/lianasabo\/wp-content\/uploads\/sites\/25\/2026\/03\/WhatsApp-Image-2026-03-24-at-11.45.12-1.jpeg\"><img loading=\"lazy\" decoding=\"async\" class=\"wp-image-10476 size-full\" src=\"https:\/\/blogs.correiobraziliense.com.br\/lianasabo\/wp-content\/uploads\/sites\/25\/2026\/03\/WhatsApp-Image-2026-03-24-at-11.45.12-1.jpeg\" alt=\"\" width=\"1600\" height=\"1066\" srcset=\"https:\/\/blogs.correiobraziliense.com.br\/lianasabo\/wp-content\/uploads\/sites\/25\/2026\/03\/WhatsApp-Image-2026-03-24-at-11.45.12-1.jpeg 1600w, https:\/\/blogs.correiobraziliense.com.br\/lianasabo\/wp-content\/uploads\/sites\/25\/2026\/03\/WhatsApp-Image-2026-03-24-at-11.45.12-1-300x200.jpeg 300w, https:\/\/blogs.correiobraziliense.com.br\/lianasabo\/wp-content\/uploads\/sites\/25\/2026\/03\/WhatsApp-Image-2026-03-24-at-11.45.12-1-768x512.jpeg 768w, https:\/\/blogs.correiobraziliense.com.br\/lianasabo\/wp-content\/uploads\/sites\/25\/2026\/03\/WhatsApp-Image-2026-03-24-at-11.45.12-1-1024x682.jpeg 1024w, https:\/\/blogs.correiobraziliense.com.br\/lianasabo\/wp-content\/uploads\/sites\/25\/2026\/03\/WhatsApp-Image-2026-03-24-at-11.45.12-1-1440x959.jpeg 1440w, https:\/\/blogs.correiobraziliense.com.br\/lianasabo\/wp-content\/uploads\/sites\/25\/2026\/03\/WhatsApp-Image-2026-03-24-at-11.45.12-1-800x533.jpeg 800w, https:\/\/blogs.correiobraziliense.com.br\/lianasabo\/wp-content\/uploads\/sites\/25\/2026\/03\/WhatsApp-Image-2026-03-24-at-11.45.12-1-550x366.jpeg 550w, https:\/\/blogs.correiobraziliense.com.br\/lianasabo\/wp-content\/uploads\/sites\/25\/2026\/03\/WhatsApp-Image-2026-03-24-at-11.45.12-1-230x153.jpeg 230w\" sizes=\"auto, (max-width: 1600px) 100vw, 1600px\" \/><\/a><figcaption id=\"caption-attachment-10476\" class=\"wp-caption-text\">Cerca de 15 produtores de vinhos portugueses estar\u00e3o em cada uma das tr\u00eas cidades que receber\u00e3o o Roadshow. Cr\u00e9dito: Divulga\u00e7\u00e3o<\/figcaption><\/figure>\n<p>Cada etapa do encontro, denominado Roadshow, contar\u00e1 com a participa\u00e7\u00e3o de 15 a 17 produtores de vinhos portugueses. Em exposi\u00e7\u00e3o, mais de 250 castas aut\u00f3ctones de Portugal, com destaque para Touriga Nacional, Baga e Castel\u00e3o, e as brancas Alvarinho, Arinto e Encruzado. Entre as vin\u00edcolas que marcar\u00e3o presen\u00e7a e promover\u00e3o degusta\u00e7\u00f5es nos eventos est\u00e3o Adega de Redondo, Adega de Vermelha, Aveleda, Boas Quintas, Quinta Quatro Cravos e Vercoope.<\/p>\n<p>Editor-chefe da revista Gula, o jornalista Alexandre Lalas percorrer\u00e1 as tr\u00eas pra\u00e7as comandando degusta\u00e7\u00f5es comentadas. Ao lado dele estar\u00e3o os especialistas em vinhos Amanda Loyo (Recife), Sandra Zottis (Curitiba) e Eduardo Ara\u00fajo (Florian\u00f3polis).<\/p>\n<p><strong>Confira a agenda do Roadshow<\/strong><\/p>\n<p>*Recife (24 de mar\u00e7o)<br \/>\nLocal: Mar Hotel Conventions<\/p>\n<p>*Curitiba (26 de mar\u00e7o)<br \/>\nLocal: Bourbon Hotel &amp; Su\u00edtes<\/p>\n<p>*Florian\u00f3polis (30 de mar\u00e7o)<br \/>\nLocal: LK Design Hotel<\/p>\n<p>*Hor\u00e1rios:<br \/>\nTrade e impressa: das 14h30 \u00e0s 17h30<br \/>\nConsumidor final: das 17h30 \u00e0s 19h30<br \/>\nMasterclasses: 14h ( para o trade) e \u00e0s 17h30 (para imprensa e consumidores)<\/p>\n<p>As inscri\u00e7\u00f5es para as degusta\u00e7\u00f5es s\u00e3o gratuitas e devem ser realizadas pelo <a href=\"https:\/\/bit.ly\/vinhosdeportugal2026\">link oficial do evento<\/a>.<\/p>\n","protected":false},"excerpt":{"rendered":"<p>Eventos ser\u00e3o em mar\u00e7o e reafirmam o Brasil como um dos principais mercados para os vinhos portugueses O espa\u00e7o destinado pelos brasileiros aos vinhos portugueses cresce cada vez mais. Pensando nisso, a ViniPortugal, associa\u00e7\u00e3o respons\u00e1vel pela promo\u00e7\u00e3o da marca Vinhos de Portugal, promove evento de divulga\u00e7\u00e3o em Recife (24\/3), Curitiba (26\/3) e Florian\u00f3polis (30\/3). Cada etapa do encontro, denominado Roadshow, [&hellip;]<\/p>\n","protected":false},"author":54,"featured_media":10478,"comment_status":"open","ping_status":"open","sticky":false,"template":"","format":"standard","meta":{"footnotes":""},"categories":[222],"tags":[502,529,1444],"class_list":["post-10474","post","type-post","status-publish","format-standard","has-post-thumbnail","hentry","category-vinhos","tag-degustacao-de-vinhos","tag-harmonizacao","tag-vinhos-portugueses"],"_links":{"self":[{"href":"https:\/\/blogs.correiobraziliense.com.br\/lianasabo\/wp-json\/wp\/v2\/posts\/10474","targetHints":{"allow":["GET"]}}],"collection":[{"href":"https:\/\/blogs.correiobraziliense.com.br\/lianasabo\/wp-json\/wp\/v2\/posts"}],"about":[{"href":"https:\/\/blogs.correiobraziliense.com.br\/lianasabo\/wp-json\/wp\/v2\/types\/post"}],"author":[{"embeddable":true,"href":"https:\/\/blogs.correiobraziliense.com.br\/lianasabo\/wp-json\/wp\/v2\/users\/54"}],"replies":[{"embeddable":true,"href":"https:\/\/blogs.correiobraziliense.com.br\/lianasabo\/wp-json\/wp\/v2\/comments?post=10474"}],"version-history":[{"count":2,"href":"https:\/\/blogs.correiobraziliense.com.br\/lianasabo\/wp-json\/wp\/v2\/posts\/10474\/revisions"}],"predecessor-version":[{"id":10479,"href":"https:\/\/blogs.correiobraziliense.com.br\/lianasabo\/wp-json\/wp\/v2\/posts\/10474\/revisions\/10479"}],"wp:featuredmedia":[{"embeddable":true,"href":"https:\/\/blogs.correiobraziliense.com.br\/lianasabo\/wp-json\/wp\/v2\/media\/10478"}],"wp:attachment":[{"href":"https:\/\/blogs.correiobraziliense.com.br\/lianasabo\/wp-json\/wp\/v2\/media?parent=10474"}],"wp:term":[{"taxonomy":"category","embeddable":true,"href":"https:\/\/blogs.correiobraziliense.com.br\/lianasabo\/wp-json\/wp\/v2\/categories?post=10474"},{"taxonomy":"post_tag","embeddable":true,"href":"https:\/\/blogs.correiobraziliense.com.br\/lianasabo\/wp-json\/wp\/v2\/tags?post=10474"}],"curies":[{"name":"wp","href":"https:\/\/api.w.org\/{rel}","templated":true}]}}