{"id":1045,"date":"2017-03-10T10:54:48","date_gmt":"2017-03-10T13:54:48","guid":{"rendered":"https:\/\/blogs.correiobraziliense.com.br\/lianasabo\/?p=1045"},"modified":"2017-03-09T18:00:13","modified_gmt":"2017-03-09T21:00:13","slug":"terca-du-vin","status":"publish","type":"post","link":"https:\/\/blogs.correiobraziliense.com.br\/lianasabo\/terca-du-vin\/","title":{"rendered":"Ter\u00e7a du Vin, no C\u00b4est la Vie, ter\u00e1 harmoniza\u00e7\u00e3o com seis r\u00f3tulos"},"content":{"rendered":"<p>A Trilix estar\u00e1 presente no C\u00b4est la Vie (408 Sul), onde mais uma vez comanda a degusta\u00e7\u00e3o do Ter\u00e7a du Vin, evento que ser\u00e1 realizado na pr\u00f3xima ter\u00e7a-feira, com a apresenta\u00e7\u00e3o de seis r\u00f3tulos: um Torront\u00e9s argentino, o Ocaso 2014; o Triade Malbec Rosado, outro argentino; um Tempranillo da Extremadura, Palacio Quemado 2013 e o moscatel chileno Vistamar Late Harvest, al\u00e9m de duas degusta\u00e7\u00f5es \u00e0s cegas. Dadinho de tapioca com pimenta biquinho; fil\u00e9 ao molho poivre; pescada amarela com salada Ceasar; risoto de carne seca com ab\u00f3bora e na sobremesa, carolina com sorvete e calda de chocolate s\u00e3o os pratos que harmonizam com os vinhos.<\/p>\n<p><a href=\"https:\/\/blogs.correiobraziliense.com.br\/lianasabo\/wp-content\/uploads\/sites\/25\/2017\/03\/cestlavie.jpg\" rel=\"attachment wp-att-1047\"><img loading=\"lazy\" decoding=\"async\" class=\"aligncenter wp-image-1047 size-large\" src=\"https:\/\/blogs.correiobraziliense.com.br\/lianasabo\/wp-content\/uploads\/sites\/25\/2017\/03\/cestlavie-1024x341.jpg\" alt=\"cestlavie\" width=\"1024\" height=\"341\" srcset=\"https:\/\/blogs.correiobraziliense.com.br\/lianasabo\/wp-content\/uploads\/sites\/25\/2017\/03\/cestlavie-1024x341.jpg 1024w, https:\/\/blogs.correiobraziliense.com.br\/lianasabo\/wp-content\/uploads\/sites\/25\/2017\/03\/cestlavie-300x100.jpg 300w, https:\/\/blogs.correiobraziliense.com.br\/lianasabo\/wp-content\/uploads\/sites\/25\/2017\/03\/cestlavie-768x255.jpg 768w, https:\/\/blogs.correiobraziliense.com.br\/lianasabo\/wp-content\/uploads\/sites\/25\/2017\/03\/cestlavie-1440x479.jpg 1440w, https:\/\/blogs.correiobraziliense.com.br\/lianasabo\/wp-content\/uploads\/sites\/25\/2017\/03\/cestlavie-550x183.jpg 550w, https:\/\/blogs.correiobraziliense.com.br\/lianasabo\/wp-content\/uploads\/sites\/25\/2017\/03\/cestlavie-230x77.jpg 230w\" sizes=\"auto, (max-width: 1024px) 100vw, 1024px\" \/><\/a><\/p>\n<p>&nbsp;<\/p>\n<p>Com in\u00edcio \u00e0s 19h30, a casa reserva uma novidade que \u00e9 o pagamento antecipado com desconto. At\u00e9 segunda-feira, \u00e0s 22h, voc\u00ea pode adquirir o pacote por R$ 95. Na hora, o custo do jantar harmonizado ser\u00e1 R$ 120. Reservas: 3244-6353.<\/p>\n","protected":false},"excerpt":{"rendered":"<p>A Trilix estar\u00e1 presente no C\u00b4est la Vie (408 Sul), onde mais uma vez comanda a degusta\u00e7\u00e3o do Ter\u00e7a du Vin, evento que ser\u00e1 realizado na pr\u00f3xima ter\u00e7a-feira, com a apresenta\u00e7\u00e3o de seis r\u00f3tulos: um Torront\u00e9s argentino, o Ocaso 2014; o Triade Malbec Rosado, outro argentino; um Tempranillo da Extremadura, Palacio Quemado 2013 e o moscatel chileno Vistamar Late Harvest, [&hellip;]<\/p>\n","protected":false},"author":54,"featured_media":1046,"comment_status":"open","ping_status":"open","sticky":false,"template":"","format":"standard","meta":{"footnotes":""},"categories":[1],"tags":[],"class_list":["post-1045","post","type-post","status-publish","format-standard","has-post-thumbnail","hentry","category-sem-categoria"],"_links":{"self":[{"href":"https:\/\/blogs.correiobraziliense.com.br\/lianasabo\/wp-json\/wp\/v2\/posts\/1045","targetHints":{"allow":["GET"]}}],"collection":[{"href":"https:\/\/blogs.correiobraziliense.com.br\/lianasabo\/wp-json\/wp\/v2\/posts"}],"about":[{"href":"https:\/\/blogs.correiobraziliense.com.br\/lianasabo\/wp-json\/wp\/v2\/types\/post"}],"author":[{"embeddable":true,"href":"https:\/\/blogs.correiobraziliense.com.br\/lianasabo\/wp-json\/wp\/v2\/users\/54"}],"replies":[{"embeddable":true,"href":"https:\/\/blogs.correiobraziliense.com.br\/lianasabo\/wp-json\/wp\/v2\/comments?post=1045"}],"version-history":[{"count":1,"href":"https:\/\/blogs.correiobraziliense.com.br\/lianasabo\/wp-json\/wp\/v2\/posts\/1045\/revisions"}],"predecessor-version":[{"id":1048,"href":"https:\/\/blogs.correiobraziliense.com.br\/lianasabo\/wp-json\/wp\/v2\/posts\/1045\/revisions\/1048"}],"wp:featuredmedia":[{"embeddable":true,"href":"https:\/\/blogs.correiobraziliense.com.br\/lianasabo\/wp-json\/wp\/v2\/media\/1046"}],"wp:attachment":[{"href":"https:\/\/blogs.correiobraziliense.com.br\/lianasabo\/wp-json\/wp\/v2\/media?parent=1045"}],"wp:term":[{"taxonomy":"category","embeddable":true,"href":"https:\/\/blogs.correiobraziliense.com.br\/lianasabo\/wp-json\/wp\/v2\/categories?post=1045"},{"taxonomy":"post_tag","embeddable":true,"href":"https:\/\/blogs.correiobraziliense.com.br\/lianasabo\/wp-json\/wp\/v2\/tags?post=1045"}],"curies":[{"name":"wp","href":"https:\/\/api.w.org\/{rel}","templated":true}]}}