{"id":10449,"date":"2026-03-16T17:15:45","date_gmt":"2026-03-16T20:15:45","guid":{"rendered":"https:\/\/blogs.correiobraziliense.com.br\/lianasabo\/?p=10449"},"modified":"2026-03-16T17:28:46","modified_gmt":"2026-03-16T20:28:46","slug":"prato-da-boa-lembranca-leva-cordeiro-roma-e-gorgonzola-a-mesa-do-universal-em-2026","status":"publish","type":"post","link":"https:\/\/blogs.correiobraziliense.com.br\/lianasabo\/prato-da-boa-lembranca-leva-cordeiro-roma-e-gorgonzola-a-mesa-do-universal-em-2026\/","title":{"rendered":"Prato da Boa Lembran\u00e7a leva cordeiro, rom\u00e3 e gorgonzola \u00e0 mesa do Universal em 2026"},"content":{"rendered":"<h3>Al\u00e9m de ser servido no almo\u00e7o e no jantar, o Prato da Boa Lembran\u00e7a do restaurante Universal acompanha uma bela lou\u00e7a, conforme manda a tradi\u00e7\u00e3o<\/h3>\n<p>Entregar o Prato da Boa Lembran\u00e7a para quem fosse aos v\u00e1rios restaurantes associados e comesse a iguaria que cada chef desenhava na sua cabe\u00e7a e depois aplicava na receita foi o grande segredo concebido h\u00e1 mais de tr\u00eas d\u00e9cadas pelo italiano Danio Braga, fundador da Associa\u00e7\u00e3o dos Restaurantes da Boa Lembran\u00e7a, que atualmente congrega 97 associados no Brasil. Na verdade, a ideia foi trazida da It\u00e1lia, onde existia com o nome de Associazone del Ristoranti del Buon Ricordo, mas a iniciativa local coube mesmo ao chef e en\u00f3logo nascido em Parma, na Emilia Romagna, que escolheu o Brasil para viver.<\/p>\n<figure id=\"attachment_10450\" aria-describedby=\"caption-attachment-10450\" style=\"width: 704px\" class=\"wp-caption aligncenter\"><a href=\"https:\/\/blogs.correiobraziliense.com.br\/lianasabo\/wp-content\/uploads\/sites\/25\/2026\/03\/WhatsApp-Image-2026-03-16-at-16.55.52-e1773691728834.jpeg\"><img loading=\"lazy\" decoding=\"async\" class=\"wp-image-10450 size-full\" src=\"https:\/\/blogs.correiobraziliense.com.br\/lianasabo\/wp-content\/uploads\/sites\/25\/2026\/03\/WhatsApp-Image-2026-03-16-at-16.55.52-e1773691728834.jpeg\" alt=\"\" width=\"704\" height=\"848\" srcset=\"https:\/\/blogs.correiobraziliense.com.br\/lianasabo\/wp-content\/uploads\/sites\/25\/2026\/03\/WhatsApp-Image-2026-03-16-at-16.55.52-e1773691728834.jpeg 704w, https:\/\/blogs.correiobraziliense.com.br\/lianasabo\/wp-content\/uploads\/sites\/25\/2026\/03\/WhatsApp-Image-2026-03-16-at-16.55.52-e1773691728834-249x300.jpeg 249w, https:\/\/blogs.correiobraziliense.com.br\/lianasabo\/wp-content\/uploads\/sites\/25\/2026\/03\/WhatsApp-Image-2026-03-16-at-16.55.52-e1773691728834-550x663.jpeg 550w, https:\/\/blogs.correiobraziliense.com.br\/lianasabo\/wp-content\/uploads\/sites\/25\/2026\/03\/WhatsApp-Image-2026-03-16-at-16.55.52-e1773691728834-230x277.jpeg 230w\" sizes=\"auto, (max-width: 704px) 100vw, 704px\" \/><\/a><figcaption id=\"caption-attachment-10450\" class=\"wp-caption-text\">Estefania Morey explica que a receita escolhida para este ano no Universal combina ingredientes de personalidade capazes de surpreender o cliente. Cr\u00e9dito: Universal\/Divulga\u00e7\u00e3o<\/figcaption><\/figure>\n<p>O projeto, simples e generoso, deu t\u00e3o certo que se expandiu por quase todas as capitais e cidades tur\u00edsticas, sendo que no Distrito Federal dele fazem parte meia d\u00fazia de endere\u00e7os. Entre eles, o Universal Restaurante, que acaba de lan\u00e7ar o prato deste ano tendo como ingrediente principal o french rack ou carr\u00ea franc\u00eas. O corte mais sofisticado do cordeiro n\u00e3o \u00e9 f\u00e1cil de encontrar, mas, ainda assim, Estefania Morey, que comanda o restaurante, tomou para si o desafio de apresentar um corte raro que traduzisse a identidade culin\u00e1ria da casa.<\/p>\n<p><strong>Equil\u00edbrio no sabor<\/strong><\/p>\n<p>\u201cQuer\u00edamos um prato que representasse a gastronomia requintada que cultivamos no Universal com ingredientes de personalidade e uma combina\u00e7\u00e3o capaz de surpreender o paladar\u201d. Estefania explicou assim o equil\u00edbrio entre o cordeiro, a rom\u00e3 e o gorgonzola.<\/p>\n<figure id=\"attachment_10451\" aria-describedby=\"caption-attachment-10451\" style=\"width: 1205px\" class=\"wp-caption aligncenter\"><a href=\"https:\/\/blogs.correiobraziliense.com.br\/lianasabo\/wp-content\/uploads\/sites\/25\/2026\/03\/WhatsApp-Image-2026-03-16-at-16.55.52-2.jpeg\"><img loading=\"lazy\" decoding=\"async\" class=\"wp-image-10451 size-full\" src=\"https:\/\/blogs.correiobraziliense.com.br\/lianasabo\/wp-content\/uploads\/sites\/25\/2026\/03\/WhatsApp-Image-2026-03-16-at-16.55.52-2.jpeg\" alt=\"\" width=\"1205\" height=\"1335\" srcset=\"https:\/\/blogs.correiobraziliense.com.br\/lianasabo\/wp-content\/uploads\/sites\/25\/2026\/03\/WhatsApp-Image-2026-03-16-at-16.55.52-2.jpeg 924w, https:\/\/blogs.correiobraziliense.com.br\/lianasabo\/wp-content\/uploads\/sites\/25\/2026\/03\/WhatsApp-Image-2026-03-16-at-16.55.52-2-271x300.jpeg 271w, https:\/\/blogs.correiobraziliense.com.br\/lianasabo\/wp-content\/uploads\/sites\/25\/2026\/03\/WhatsApp-Image-2026-03-16-at-16.55.52-2-768x851.jpeg 768w, https:\/\/blogs.correiobraziliense.com.br\/lianasabo\/wp-content\/uploads\/sites\/25\/2026\/03\/WhatsApp-Image-2026-03-16-at-16.55.52-2-800x886.jpeg 800w, https:\/\/blogs.correiobraziliense.com.br\/lianasabo\/wp-content\/uploads\/sites\/25\/2026\/03\/WhatsApp-Image-2026-03-16-at-16.55.52-2-550x609.jpeg 550w, https:\/\/blogs.correiobraziliense.com.br\/lianasabo\/wp-content\/uploads\/sites\/25\/2026\/03\/WhatsApp-Image-2026-03-16-at-16.55.52-2-230x255.jpeg 230w\" sizes=\"auto, (max-width: 1205px) 100vw, 1205px\" \/><\/a><figcaption id=\"caption-attachment-10451\" class=\"wp-caption-text\">O prato traz o carr\u00ea grelhado finalizado com melado de rom\u00e3 e escoltado por risoto de gorgonzola<\/figcaption><\/figure>\n<p>Criado pelo chef Rog\u00e9rio Evangelista, o prato traz o carr\u00ea grelhado finalizado com melado de rom\u00e3 e escoltado por risoto de gorgonzola. Sai por R$ 249. O cliente que degustar a receita leva para casa o prato de cer\u00e2mica pintado com desenho alusivo ao ingrediente principal.<\/p>\n<p>Antes de o prato princi\u00e1l chegar \u00e0 mesa vale a pena experimentar o carpaccio e as fritas servidos na casa.<\/p>\n<figure id=\"attachment_10452\" aria-describedby=\"caption-attachment-10452\" style=\"width: 1205px\" class=\"wp-caption aligncenter\"><a href=\"https:\/\/blogs.correiobraziliense.com.br\/lianasabo\/wp-content\/uploads\/sites\/25\/2026\/03\/WhatsApp-Image-2026-03-16-at-16.55.52-1.jpeg\"><img loading=\"lazy\" decoding=\"async\" class=\"wp-image-10452 size-full\" src=\"https:\/\/blogs.correiobraziliense.com.br\/lianasabo\/wp-content\/uploads\/sites\/25\/2026\/03\/WhatsApp-Image-2026-03-16-at-16.55.52-1.jpeg\" alt=\"\" width=\"1205\" height=\"1180\" srcset=\"https:\/\/blogs.correiobraziliense.com.br\/lianasabo\/wp-content\/uploads\/sites\/25\/2026\/03\/WhatsApp-Image-2026-03-16-at-16.55.52-1.jpeg 1046w, https:\/\/blogs.correiobraziliense.com.br\/lianasabo\/wp-content\/uploads\/sites\/25\/2026\/03\/WhatsApp-Image-2026-03-16-at-16.55.52-1-300x294.jpeg 300w, https:\/\/blogs.correiobraziliense.com.br\/lianasabo\/wp-content\/uploads\/sites\/25\/2026\/03\/WhatsApp-Image-2026-03-16-at-16.55.52-1-768x752.jpeg 768w, https:\/\/blogs.correiobraziliense.com.br\/lianasabo\/wp-content\/uploads\/sites\/25\/2026\/03\/WhatsApp-Image-2026-03-16-at-16.55.52-1-1024x1003.jpeg 1024w, https:\/\/blogs.correiobraziliense.com.br\/lianasabo\/wp-content\/uploads\/sites\/25\/2026\/03\/WhatsApp-Image-2026-03-16-at-16.55.52-1-800x783.jpeg 800w, https:\/\/blogs.correiobraziliense.com.br\/lianasabo\/wp-content\/uploads\/sites\/25\/2026\/03\/WhatsApp-Image-2026-03-16-at-16.55.52-1-550x539.jpeg 550w, https:\/\/blogs.correiobraziliense.com.br\/lianasabo\/wp-content\/uploads\/sites\/25\/2026\/03\/WhatsApp-Image-2026-03-16-at-16.55.52-1-230x225.jpeg 230w\" sizes=\"auto, (max-width: 1205px) 100vw, 1205px\" \/><\/a><figcaption id=\"caption-attachment-10452\" class=\"wp-caption-text\">A Associa\u00e7\u00e3o dos Restaurantes da Boa Lembran\u00e7a est\u00e1 presente em uma d\u00fazia de restaurantes da capital federal<\/figcaption><\/figure>\n<p>Ter a lou\u00e7a em casa \u00e9 uma paix\u00e3o que movimenta centenas de colecionadores pelo pa\u00eds afora. O prato muda a cada ano e \u00e9 feito em Itaipava, na serra fluminense. A iguaria e seu respectivo mimo s\u00e3o oferecidos todos os dias no almo\u00e7o e jantar no Restaurante Universal, que fica na 210 Sul. Reservas: 3443-2089.<\/p>\n","protected":false},"excerpt":{"rendered":"<p>Al\u00e9m de ser servido no almo\u00e7o e no jantar, o Prato da Boa Lembran\u00e7a do restaurante Universal acompanha uma bela lou\u00e7a, conforme manda a tradi\u00e7\u00e3o Entregar o Prato da Boa Lembran\u00e7a para quem fosse aos v\u00e1rios restaurantes associados e comesse a iguaria que cada chef desenhava na sua cabe\u00e7a e depois aplicava na receita foi o grande segredo concebido h\u00e1 [&hellip;]<\/p>\n","protected":false},"author":54,"featured_media":10451,"comment_status":"open","ping_status":"open","sticky":false,"template":"","format":"standard","meta":{"footnotes":""},"categories":[320],"tags":[],"class_list":["post-10449","post","type-post","status-publish","format-standard","has-post-thumbnail","hentry","category-culinaria-internacional"],"_links":{"self":[{"href":"https:\/\/blogs.correiobraziliense.com.br\/lianasabo\/wp-json\/wp\/v2\/posts\/10449","targetHints":{"allow":["GET"]}}],"collection":[{"href":"https:\/\/blogs.correiobraziliense.com.br\/lianasabo\/wp-json\/wp\/v2\/posts"}],"about":[{"href":"https:\/\/blogs.correiobraziliense.com.br\/lianasabo\/wp-json\/wp\/v2\/types\/post"}],"author":[{"embeddable":true,"href":"https:\/\/blogs.correiobraziliense.com.br\/lianasabo\/wp-json\/wp\/v2\/users\/54"}],"replies":[{"embeddable":true,"href":"https:\/\/blogs.correiobraziliense.com.br\/lianasabo\/wp-json\/wp\/v2\/comments?post=10449"}],"version-history":[{"count":2,"href":"https:\/\/blogs.correiobraziliense.com.br\/lianasabo\/wp-json\/wp\/v2\/posts\/10449\/revisions"}],"predecessor-version":[{"id":10454,"href":"https:\/\/blogs.correiobraziliense.com.br\/lianasabo\/wp-json\/wp\/v2\/posts\/10449\/revisions\/10454"}],"wp:featuredmedia":[{"embeddable":true,"href":"https:\/\/blogs.correiobraziliense.com.br\/lianasabo\/wp-json\/wp\/v2\/media\/10451"}],"wp:attachment":[{"href":"https:\/\/blogs.correiobraziliense.com.br\/lianasabo\/wp-json\/wp\/v2\/media?parent=10449"}],"wp:term":[{"taxonomy":"category","embeddable":true,"href":"https:\/\/blogs.correiobraziliense.com.br\/lianasabo\/wp-json\/wp\/v2\/categories?post=10449"},{"taxonomy":"post_tag","embeddable":true,"href":"https:\/\/blogs.correiobraziliense.com.br\/lianasabo\/wp-json\/wp\/v2\/tags?post=10449"}],"curies":[{"name":"wp","href":"https:\/\/api.w.org\/{rel}","templated":true}]}}