{"id":10430,"date":"2026-03-10T17:26:33","date_gmt":"2026-03-10T20:26:33","guid":{"rendered":"https:\/\/blogs.correiobraziliense.com.br\/lianasabo\/?p=10430"},"modified":"2026-03-10T18:00:49","modified_gmt":"2026-03-10T21:00:49","slug":"restaurante-almeria-inova-no-espaco-mas-mantem-gastronomia-de-qualidade","status":"publish","type":"post","link":"https:\/\/blogs.correiobraziliense.com.br\/lianasabo\/restaurante-almeria-inova-no-espaco-mas-mantem-gastronomia-de-qualidade\/","title":{"rendered":"Restaurante Almeria inova no espa\u00e7o, mas mant\u00e9m gastronomia de qualidade"},"content":{"rendered":"<h3>Nova unidade do Almeria abre as portas \u00e0 Beira-Lago mesclando produtores regionais e cozinha mediterr\u00e2nea<\/h3>\n<p>Poucos quil\u00f4metros separam o endere\u00e7o do antigo Almeria, no Clube de Golf, do novo, \u00e0 Beira Lago, ao lado do Fogo de Ch\u00e3o, no t\u00e9rreo de moderno edif\u00edcio com 50 metros de vista para o lago. Al\u00e9m disso, h\u00e1 outras profundas diferen\u00e7as, aponta Guto Jabour, CEO da grife.<\/p>\n<p>Se o primeiro lembrava uma casa de campo, erguido em meio ao gramado, com card\u00e1pio casual, t\u00edpico de clube campestre, o segundo evolui para uma estrutura sofisticada de mais de mil metros de \u00e1rea constru\u00edda com tr\u00eas lindos sal\u00f5es e sala VIP.<\/p>\n<figure id=\"attachment_10438\" aria-describedby=\"caption-attachment-10438\" style=\"width: 4845px\" class=\"wp-caption aligncenter\"><a href=\"https:\/\/blogs.correiobraziliense.com.br\/lianasabo\/wp-content\/uploads\/sites\/25\/2026\/03\/DSC06354.jpg\"><img loading=\"lazy\" decoding=\"async\" class=\"size-full wp-image-10438\" src=\"https:\/\/blogs.correiobraziliense.com.br\/lianasabo\/wp-content\/uploads\/sites\/25\/2026\/03\/DSC06354.jpg\" alt=\"\" width=\"4845\" height=\"2906\" srcset=\"https:\/\/blogs.correiobraziliense.com.br\/lianasabo\/wp-content\/uploads\/sites\/25\/2026\/03\/DSC06354.jpg 1440w, https:\/\/blogs.correiobraziliense.com.br\/lianasabo\/wp-content\/uploads\/sites\/25\/2026\/03\/DSC06354-300x180.jpg 300w, https:\/\/blogs.correiobraziliense.com.br\/lianasabo\/wp-content\/uploads\/sites\/25\/2026\/03\/DSC06354-768x461.jpg 768w, https:\/\/blogs.correiobraziliense.com.br\/lianasabo\/wp-content\/uploads\/sites\/25\/2026\/03\/DSC06354-1024x614.jpg 1024w, https:\/\/blogs.correiobraziliense.com.br\/lianasabo\/wp-content\/uploads\/sites\/25\/2026\/03\/DSC06354-800x480.jpg 800w, https:\/\/blogs.correiobraziliense.com.br\/lianasabo\/wp-content\/uploads\/sites\/25\/2026\/03\/DSC06354-550x330.jpg 550w, https:\/\/blogs.correiobraziliense.com.br\/lianasabo\/wp-content\/uploads\/sites\/25\/2026\/03\/DSC06354-230x138.jpg 230w\" sizes=\"auto, (max-width: 4845px) 100vw, 4845px\" \/><\/a><figcaption id=\"caption-attachment-10438\" class=\"wp-caption-text\">Ambiente sofisticado de mais de mil metros abriga tr\u00eas sal\u00f5es e sala VIP. Cr\u00e9dito: Divulga\u00e7\u00e3o<\/figcaption><\/figure>\n<p>\u00c9 nesse ambiente, assinado pela Oceano Arquitetura, que o chef paulista, dubl\u00ea de m\u00fasico, Diego Moraes exibe conhecimento culin\u00e1rio adquirido, primeiro em casa (cozinhava pra toda a fam\u00edlia) depois no curso de gastronomia da Faculdade Bar\u00e3o de Mau\u00e1, de Ribeir\u00e3o Preto (SP). At\u00e9 os 7 anos, Diego viveu na propriedade dos av\u00f3s, \u201cna ro\u00e7a, onde aprendi a tirar leite de vaca e a matar porco\u201d, recorda o chef.<\/p>\n<p><strong>Passagem por Piri<\/strong><\/p>\n<figure id=\"attachment_10431\" aria-describedby=\"caption-attachment-10431\" style=\"width: 561px\" class=\"wp-caption aligncenter\"><a href=\"https:\/\/blogs.correiobraziliense.com.br\/lianasabo\/wp-content\/uploads\/sites\/25\/2026\/03\/WhatsApp-Image-2026-03-10-at-15.42.16-e1773168931580.jpeg\"><img loading=\"lazy\" decoding=\"async\" class=\"wp-image-10431 size-full\" src=\"https:\/\/blogs.correiobraziliense.com.br\/lianasabo\/wp-content\/uploads\/sites\/25\/2026\/03\/WhatsApp-Image-2026-03-10-at-15.42.16-e1773168979820.jpeg\" alt=\"\" width=\"561\" height=\"636\" srcset=\"https:\/\/blogs.correiobraziliense.com.br\/lianasabo\/wp-content\/uploads\/sites\/25\/2026\/03\/WhatsApp-Image-2026-03-10-at-15.42.16-e1773168979820.jpeg 561w, https:\/\/blogs.correiobraziliense.com.br\/lianasabo\/wp-content\/uploads\/sites\/25\/2026\/03\/WhatsApp-Image-2026-03-10-at-15.42.16-e1773168979820-265x300.jpeg 265w, https:\/\/blogs.correiobraziliense.com.br\/lianasabo\/wp-content\/uploads\/sites\/25\/2026\/03\/WhatsApp-Image-2026-03-10-at-15.42.16-e1773168979820-550x624.jpeg 550w, https:\/\/blogs.correiobraziliense.com.br\/lianasabo\/wp-content\/uploads\/sites\/25\/2026\/03\/WhatsApp-Image-2026-03-10-at-15.42.16-e1773168979820-230x261.jpeg 230w\" sizes=\"auto, (max-width: 561px) 100vw, 561px\" \/><\/a><figcaption id=\"caption-attachment-10431\" class=\"wp-caption-text\">Diego Moraes chega \u00e0 cozinha do Almeria depois de passagens por restaurantes em Goi\u00e1s e em S\u00e3o Paulo, onde esteve no premiado Evvai. Cr\u00e9dito: Reprodu\u00e7\u00e3o<\/figcaption><\/figure>\n<p>A experi\u00eancia rural serviu muito quando o jovem nascido em Mococa, que tocava contrabaixo numa banda, optou pela cozinha. Ainda em Ribeir\u00e3o Preto trabalhou dois anos num restaurante \u00e1rabe e mais dois num franc\u00eas. Na capital paulista, vieram Ici Bistr\u00f4 e Evvai, do premiado chef Luis Filipe Souza, que ganhou a segunda estrela Michelin.<\/p>\n<p>Nos \u00faltimos dois anos, Diego Moraes veio para Goi\u00e1s prestar consultoria na Fazenda Mutum, que se destaca pela produ\u00e7\u00e3o de leite e gado curraleiro, al\u00e9m de su\u00ednos. O chef se dividia entre a \u00e1rea rural e o restaurante Maiale, em Piren\u00f3polis, dos mesmos donos da fazenda. Foi l\u00e1 que Guto Jabour o conheceu e decidiu traz\u00ea-lo at\u00e9 a capital.<\/p>\n<p><strong>Ingredientes locais<\/strong><\/p>\n<figure id=\"attachment_10432\" aria-describedby=\"caption-attachment-10432\" style=\"width: 960px\" class=\"wp-caption aligncenter\"><a href=\"https:\/\/blogs.correiobraziliense.com.br\/lianasabo\/wp-content\/uploads\/sites\/25\/2026\/03\/WhatsApp-Image-2026-03-10-at-13.37.42.jpeg\"><img loading=\"lazy\" decoding=\"async\" class=\"size-full wp-image-10432\" src=\"https:\/\/blogs.correiobraziliense.com.br\/lianasabo\/wp-content\/uploads\/sites\/25\/2026\/03\/WhatsApp-Image-2026-03-10-at-13.37.42.jpeg\" alt=\"\" width=\"960\" height=\"1280\" srcset=\"https:\/\/blogs.correiobraziliense.com.br\/lianasabo\/wp-content\/uploads\/sites\/25\/2026\/03\/WhatsApp-Image-2026-03-10-at-13.37.42.jpeg 768w, https:\/\/blogs.correiobraziliense.com.br\/lianasabo\/wp-content\/uploads\/sites\/25\/2026\/03\/WhatsApp-Image-2026-03-10-at-13.37.42-225x300.jpeg 225w, https:\/\/blogs.correiobraziliense.com.br\/lianasabo\/wp-content\/uploads\/sites\/25\/2026\/03\/WhatsApp-Image-2026-03-10-at-13.37.42-800x1067.jpeg 800w, https:\/\/blogs.correiobraziliense.com.br\/lianasabo\/wp-content\/uploads\/sites\/25\/2026\/03\/WhatsApp-Image-2026-03-10-at-13.37.42-550x733.jpeg 550w, https:\/\/blogs.correiobraziliense.com.br\/lianasabo\/wp-content\/uploads\/sites\/25\/2026\/03\/WhatsApp-Image-2026-03-10-at-13.37.42-230x307.jpeg 230w\" sizes=\"auto, (max-width: 960px) 100vw, 960px\" \/><\/a><figcaption id=\"caption-attachment-10432\" class=\"wp-caption-text\">Produtos locais ganham prioridade na sofisticada cozinha do Almeria. Cr\u00e9dito: Liana Sabo<\/figcaption><\/figure>\n<p>Pode-se chamar mediterr\u00e2nea a cozinha do Almeria, s\u00f3 que a \u00eanfase \u00e9 dada aos produtos regionais. \u201cN\u00f3s valorizamos muito os ingredientes de qualidade e alto padr\u00e3o produzidos aqui\u201d, informa Guto, que com a vinda do chef Diego, desenvolveu ainda mais os contatos com os produtores da regi\u00e3o. A pancetta e o guanciale, por exemplo, s\u00e3o fornecidos pela Fazenda Mutum.<\/p>\n<p>Aberta antes do Natal, a casa chega ao terceiro m\u00eas de funcionamento a todo o vapor. O menu passeia pelas influ\u00eancias italiana, francesa e espanhola, como o fideu\u00e0 de massa tostada no forno com frutos do mar, al\u00e9m do socarrat, que \u00e9 a crosta de arroz caramelizada, tostada e crocante que se forma no fundo da panela, da\u00ed ser considerado o prato a alma da<br \/>\ncozinha da Espanha.<\/p>\n<figure id=\"attachment_10433\" aria-describedby=\"caption-attachment-10433\" style=\"width: 960px\" class=\"wp-caption aligncenter\"><a href=\"https:\/\/blogs.correiobraziliense.com.br\/lianasabo\/wp-content\/uploads\/sites\/25\/2026\/03\/WhatsApp-Image-2026-03-10-at-13.37.42-1.jpeg\"><img loading=\"lazy\" decoding=\"async\" class=\"size-full wp-image-10433\" src=\"https:\/\/blogs.correiobraziliense.com.br\/lianasabo\/wp-content\/uploads\/sites\/25\/2026\/03\/WhatsApp-Image-2026-03-10-at-13.37.42-1.jpeg\" alt=\"\" width=\"960\" height=\"1280\" srcset=\"https:\/\/blogs.correiobraziliense.com.br\/lianasabo\/wp-content\/uploads\/sites\/25\/2026\/03\/WhatsApp-Image-2026-03-10-at-13.37.42-1.jpeg 768w, https:\/\/blogs.correiobraziliense.com.br\/lianasabo\/wp-content\/uploads\/sites\/25\/2026\/03\/WhatsApp-Image-2026-03-10-at-13.37.42-1-225x300.jpeg 225w, https:\/\/blogs.correiobraziliense.com.br\/lianasabo\/wp-content\/uploads\/sites\/25\/2026\/03\/WhatsApp-Image-2026-03-10-at-13.37.42-1-800x1067.jpeg 800w, https:\/\/blogs.correiobraziliense.com.br\/lianasabo\/wp-content\/uploads\/sites\/25\/2026\/03\/WhatsApp-Image-2026-03-10-at-13.37.42-1-550x733.jpeg 550w, https:\/\/blogs.correiobraziliense.com.br\/lianasabo\/wp-content\/uploads\/sites\/25\/2026\/03\/WhatsApp-Image-2026-03-10-at-13.37.42-1-230x307.jpeg 230w\" sizes=\"auto, (max-width: 960px) 100vw, 960px\" \/><\/a><figcaption id=\"caption-attachment-10433\" class=\"wp-caption-text\">No menu, o comensal encontra influ\u00eancias italiana, francesa e espanhola. Cr\u00e9dito: Liana Sabo<\/figcaption><\/figure>\n<p>Massas frescas e recheadas feitas artesanalmente s\u00e3o outro ponto forte do card\u00e1pio, que tem peixes, como robalo grelhado ao lim\u00e3o e alcaparras com musseline de banana-da-terra, camar\u00e3o \u00e0 proven\u00e7al, fil\u00e9s e ossobuco no recheio do ravioli. Em refer\u00eancia \u00e0 origem libanesa da fam\u00edlia Jabour, h\u00e1 pratos \u00e1rabes desde quibe cru.<\/p>\n<p><strong>Vinhos tops<\/strong><\/p>\n<figure id=\"attachment_10434\" aria-describedby=\"caption-attachment-10434\" style=\"width: 960px\" class=\"wp-caption aligncenter\"><a href=\"https:\/\/blogs.correiobraziliense.com.br\/lianasabo\/wp-content\/uploads\/sites\/25\/2026\/03\/WhatsApp-Image-2026-03-10-at-13.39.12.jpeg\"><img loading=\"lazy\" decoding=\"async\" class=\"size-full wp-image-10434\" src=\"https:\/\/blogs.correiobraziliense.com.br\/lianasabo\/wp-content\/uploads\/sites\/25\/2026\/03\/WhatsApp-Image-2026-03-10-at-13.39.12.jpeg\" alt=\"\" width=\"960\" height=\"1280\" srcset=\"https:\/\/blogs.correiobraziliense.com.br\/lianasabo\/wp-content\/uploads\/sites\/25\/2026\/03\/WhatsApp-Image-2026-03-10-at-13.39.12.jpeg 768w, https:\/\/blogs.correiobraziliense.com.br\/lianasabo\/wp-content\/uploads\/sites\/25\/2026\/03\/WhatsApp-Image-2026-03-10-at-13.39.12-225x300.jpeg 225w, https:\/\/blogs.correiobraziliense.com.br\/lianasabo\/wp-content\/uploads\/sites\/25\/2026\/03\/WhatsApp-Image-2026-03-10-at-13.39.12-800x1067.jpeg 800w, https:\/\/blogs.correiobraziliense.com.br\/lianasabo\/wp-content\/uploads\/sites\/25\/2026\/03\/WhatsApp-Image-2026-03-10-at-13.39.12-550x733.jpeg 550w, https:\/\/blogs.correiobraziliense.com.br\/lianasabo\/wp-content\/uploads\/sites\/25\/2026\/03\/WhatsApp-Image-2026-03-10-at-13.39.12-230x307.jpeg 230w\" sizes=\"auto, (max-width: 960px) 100vw, 960px\" \/><\/a><figcaption id=\"caption-attachment-10434\" class=\"wp-caption-text\">A garrafa dourada do Luccarelli Gold Sangiovese IGP Puglia embala uma boa op\u00e7\u00e3o de presente para amantes de vinhos de qualidade. Cr\u00e9dito: Liana Sabo<\/figcaption><\/figure>\n<p>Refinada adega de m\u00faltiplas op\u00e7\u00f5es comp\u00f5e a ambienta\u00e7\u00e3o com r\u00f3tulos trazidos do mundo inteiro por importadoras, como a Del Maipo e a Porto a Porto \u2014 esta \u00faltima a primeira a promover degusta\u00e7\u00e3o na sala Vip, tendo \u00e0 frente Stefano Colombo, gerente de exporta\u00e7\u00f5es da vin\u00edcola italiana Luccarelli, que veio a Bras\u00edlia lan\u00e7ar o Luccarelli Gold Sangiovese<br \/>\nIGP Puglia. Feito com a uva Sangiovese, tem aroma frutado intenso e persistente. \u201cA garrafa dourada o transforma tamb\u00e9m em uma excelente op\u00e7\u00e3o de presente para quem aprecia a eleg\u00e2ncia dos vinhos italianos\u201d, destaca Colombo, acompanhado pela gerente regional da Porto a Porto Mayra Santos.<\/p>\n<figure id=\"attachment_10435\" aria-describedby=\"caption-attachment-10435\" style=\"width: 960px\" class=\"wp-caption aligncenter\"><a href=\"https:\/\/blogs.correiobraziliense.com.br\/lianasabo\/wp-content\/uploads\/sites\/25\/2026\/03\/WhatsApp-Image-2026-03-10-at-13.38.20.jpeg\"><img loading=\"lazy\" decoding=\"async\" class=\"size-full wp-image-10435\" src=\"https:\/\/blogs.correiobraziliense.com.br\/lianasabo\/wp-content\/uploads\/sites\/25\/2026\/03\/WhatsApp-Image-2026-03-10-at-13.38.20.jpeg\" alt=\"\" width=\"960\" height=\"1280\" srcset=\"https:\/\/blogs.correiobraziliense.com.br\/lianasabo\/wp-content\/uploads\/sites\/25\/2026\/03\/WhatsApp-Image-2026-03-10-at-13.38.20.jpeg 768w, https:\/\/blogs.correiobraziliense.com.br\/lianasabo\/wp-content\/uploads\/sites\/25\/2026\/03\/WhatsApp-Image-2026-03-10-at-13.38.20-225x300.jpeg 225w, https:\/\/blogs.correiobraziliense.com.br\/lianasabo\/wp-content\/uploads\/sites\/25\/2026\/03\/WhatsApp-Image-2026-03-10-at-13.38.20-800x1067.jpeg 800w, https:\/\/blogs.correiobraziliense.com.br\/lianasabo\/wp-content\/uploads\/sites\/25\/2026\/03\/WhatsApp-Image-2026-03-10-at-13.38.20-550x733.jpeg 550w, https:\/\/blogs.correiobraziliense.com.br\/lianasabo\/wp-content\/uploads\/sites\/25\/2026\/03\/WhatsApp-Image-2026-03-10-at-13.38.20-230x307.jpeg 230w\" sizes=\"auto, (max-width: 960px) 100vw, 960px\" \/><\/a><figcaption id=\"caption-attachment-10435\" class=\"wp-caption-text\">Stefano Colombo veio da It\u00e1lia comandar degusta\u00e7\u00e3o trazido pela importadora Porto a Porto, liderada por Mayra Santos em Bras\u00edlia. Cr\u00e9dito: Liana Sabo<\/figcaption><\/figure>\n<p>Outros vinhos j\u00e1 incorporados \u00e0 adega da casa s\u00e3o o refrescante branco Pipoli Greco Fiano IGT; o siciliano Due Lune Nerello Mascalese DOC e o Caldora Montepulciano d\u00b4Abruzzo, cuja caracter\u00edstica s\u00e3o aromas e sabores de frutas vermelhas frescas e taninos marcantes. A regi\u00e3o produtora fica no interior da It\u00e1lia.<\/p>\n<p>Comanda o Almeria, que tamb\u00e9m tem padaria na 104 Sul, um sexteto de jovens, formado por dois casais \u2014 Guto Jabour e Bianca Greg\u00f3rio e Thyago Lyra e Luisa Jabour \u2014 fundadores da grife aos quais se juntaram as amigas Maria Eduarda Mendes e Luiza Melo.<\/p>\n<p>Funciona todos os dias, de segunda a s\u00e1bado, almo\u00e7o e jantar, e domingo, almo\u00e7o at\u00e9 as 17h. Reservas: 99337-8338.<\/p>\n","protected":false},"excerpt":{"rendered":"<p>Nova unidade do Almeria abre as portas \u00e0 Beira-Lago mesclando produtores regionais e cozinha mediterr\u00e2nea Poucos quil\u00f4metros separam o endere\u00e7o do antigo Almeria, no Clube de Golf, do novo, \u00e0 Beira Lago, ao lado do Fogo de Ch\u00e3o, no t\u00e9rreo de moderno edif\u00edcio com 50 metros de vista para o lago. Al\u00e9m disso, h\u00e1 outras profundas diferen\u00e7as, aponta Guto Jabour, [&hellip;]<\/p>\n","protected":false},"author":54,"featured_media":10436,"comment_status":"open","ping_status":"open","sticky":false,"template":"","format":"standard","meta":{"footnotes":""},"categories":[170],"tags":[],"class_list":["post-10430","post","type-post","status-publish","format-standard","has-post-thumbnail","hentry","category-restaurantes-mediterraneos"],"_links":{"self":[{"href":"https:\/\/blogs.correiobraziliense.com.br\/lianasabo\/wp-json\/wp\/v2\/posts\/10430","targetHints":{"allow":["GET"]}}],"collection":[{"href":"https:\/\/blogs.correiobraziliense.com.br\/lianasabo\/wp-json\/wp\/v2\/posts"}],"about":[{"href":"https:\/\/blogs.correiobraziliense.com.br\/lianasabo\/wp-json\/wp\/v2\/types\/post"}],"author":[{"embeddable":true,"href":"https:\/\/blogs.correiobraziliense.com.br\/lianasabo\/wp-json\/wp\/v2\/users\/54"}],"replies":[{"embeddable":true,"href":"https:\/\/blogs.correiobraziliense.com.br\/lianasabo\/wp-json\/wp\/v2\/comments?post=10430"}],"version-history":[{"count":5,"href":"https:\/\/blogs.correiobraziliense.com.br\/lianasabo\/wp-json\/wp\/v2\/posts\/10430\/revisions"}],"predecessor-version":[{"id":10442,"href":"https:\/\/blogs.correiobraziliense.com.br\/lianasabo\/wp-json\/wp\/v2\/posts\/10430\/revisions\/10442"}],"wp:featuredmedia":[{"embeddable":true,"href":"https:\/\/blogs.correiobraziliense.com.br\/lianasabo\/wp-json\/wp\/v2\/media\/10436"}],"wp:attachment":[{"href":"https:\/\/blogs.correiobraziliense.com.br\/lianasabo\/wp-json\/wp\/v2\/media?parent=10430"}],"wp:term":[{"taxonomy":"category","embeddable":true,"href":"https:\/\/blogs.correiobraziliense.com.br\/lianasabo\/wp-json\/wp\/v2\/categories?post=10430"},{"taxonomy":"post_tag","embeddable":true,"href":"https:\/\/blogs.correiobraziliense.com.br\/lianasabo\/wp-json\/wp\/v2\/tags?post=10430"}],"curies":[{"name":"wp","href":"https:\/\/api.w.org\/{rel}","templated":true}]}}